{"id":3229,"date":"2023-06-02T09:37:02","date_gmt":"2023-06-02T19:37:02","guid":{"rendered":"https:\/\/www.service-public.pf\/art\/?p=3229"},"modified":"2023-06-02T11:27:46","modified_gmt":"2023-06-02T21:27:46","slug":"inauguration-des-floralies-a-la-mairie-de-punaauia","status":"publish","type":"post","link":"https:\/\/www.service-public.pf\/art\/inauguration-des-floralies-a-la-mairie-de-punaauia\/","title":{"rendered":"Inauguration des Floralies \u00e0 la Mairie de Punaauia"},"content":{"rendered":"<div class=\"xdj266r x11i5rnm xat24cr x1mh8g0r x1vvkbs x126k92a\">\n<div dir=\"auto\"><span class=\"x3nfvp2 x1j61x8r x1fcty0u xdj266r xhhsvwb xat24cr xgzva0m xxymvpz xlup9mm x1kky2od\">\u00a0<\/span><\/div>\n<\/div>\n<div class=\"x11i5rnm xat24cr x1mh8g0r x1vvkbs xtlvy1s x126k92a\">\n<div dir=\"auto\"><img decoding=\"async\" src=\"https:\/\/www.service-public.pf\/art\/wp-content\/uploads\/sites\/55\/2023\/06\/350958254_3338087753121047_5124158273768628752_n.jpg\" \/><\/div>\n<\/div>\n<div dir=\"auto\">Hier, s&rsquo;est d\u00e9roul\u00e9e l&rsquo;ouverture officielle des Floralies dans les jardins de la Mairie de Puna&rsquo;auia, un \u00e9v\u00e9nement organis\u00e9 par la f\u00e9d\u00e9ration Hei Tini Rau, en partenariat avec la Chambre de l&rsquo;Agriculture et de la P\u00eache Lagonaire, la ville de Punaauia et cette ann\u00e9e, le Service de l&rsquo;artisanat traditionnel.<\/div>\n<div dir=\"auto\"><\/div>\n<div class=\"x11i5rnm xat24cr x1mh8g0r x1vvkbs xtlvy1s x126k92a\">\n<div dir=\"auto\">\u00c9taient pr\u00e9sents \u00e0 l&rsquo;inauguration M. Taivini TEAI, Ministre du secteur primaire, en charge de la recherche, ainsi que des repr\u00e9sentants du pays et acteurs du secteur.<\/div>\n<\/div>\n<div dir=\"auto\">\n<div dir=\"auto\"><\/div>\n<div dir=\"auto\">Cette nouvelle \u00e9dition, sur le th\u00e8me \u00ab\u00a0le cocotier et ses bienfaits\u00a0\u00bb, c\u00e9l\u00e8bre cet arbre de vie et met \u00e0 l&rsquo;honneur les acteurs locaux de la fili\u00e8re horticole du secteur primaire et de l&rsquo;artisanat.<\/div>\n<\/div>\n<div dir=\"auto\"><\/div>\n<div dir=\"auto\">Pendant 10 jours, le public pourra visiter une soixantaine de stands verdoyants, gourmands et color\u00e9s. Parmi eux, une dizaine d&rsquo;artisans traditionnels qui utilisent le ha&rsquo;ari dans leurs cr\u00e9ations et participent \u00e0 l&rsquo;op\u00e9ration &lsquo;ETE. Ils proposeront des contenants en mati\u00e8res naturelles, et un programme attractif au travers d&rsquo;ateliers, d\u00e9monstrations et conf\u00e9rences mettant en lumi\u00e8re tous les aspects du cocotier.<\/div>\n<div dir=\"auto\">\n<div dir=\"auto\"><\/div>\n<div dir=\"auto\"><span class=\"x193iq5w xeuugli x13faqbe x1vvkbs x1xmvt09 x1lliihq x1s928wv xhkezso x1gmr53x x1cpjm7i x1fgarty x1943h6x xudqn12 x3x7a5m x6prxxf xvq8zen xo1l8bm xzsf02u x1yc453h\" dir=\"auto\">Cl\u00f4ture des floralies dimanche 11 juin \u00e0 18h. Ouverture au public tous les jours de 8h \u00e0 17h.<\/span><\/div>\n<\/div>\n<div dir=\"auto\">\n<h3 dir=\"auto\"><a href=\"https:\/\/www.service-public.pf\/art\/wp-content\/uploads\/sites\/55\/2023\/05\/Programme-des-animations-Floralies-1.pdf\">T\u00e9l\u00e9chargez le programme des animations<\/a><\/h3>\n<\/div>\n","protected":false},"excerpt":{"rendered":"<p>\u00a0 Hier, s&rsquo;est d\u00e9roul\u00e9e l&rsquo;ouverture officielle des Floralies dans les  [&#8230;]<\/p>\n","protected":false},"author":281,"featured_media":3234,"comment_status":"closed","ping_status":"closed","sticky":false,"template":"","format":"standard","meta":{"_seopress_robots_primary_cat":"none","_seopress_titles_title":"","_seopress_titles_desc":"","_seopress_robots_index":"","footnotes":""},"categories":[28,94,95],"tags":[],"class_list":["post-3229","post","type-post","status-publish","format-standard","has-post-thumbnail","hentry","category-a-la-lune","category-artisans","category-visiteurs"],"_links":{"self":[{"href":"https:\/\/www.service-public.pf\/art\/wp-json\/wp\/v2\/posts\/3229","targetHints":{"allow":["GET"]}}],"collection":[{"href":"https:\/\/www.service-public.pf\/art\/wp-json\/wp\/v2\/posts"}],"about":[{"href":"https:\/\/www.service-public.pf\/art\/wp-json\/wp\/v2\/types\/post"}],"author":[{"embeddable":true,"href":"https:\/\/www.service-public.pf\/art\/wp-json\/wp\/v2\/users\/281"}],"replies":[{"embeddable":true,"href":"https:\/\/www.service-public.pf\/art\/wp-json\/wp\/v2\/comments?post=3229"}],"version-history":[{"count":0,"href":"https:\/\/www.service-public.pf\/art\/wp-json\/wp\/v2\/posts\/3229\/revisions"}],"wp:featuredmedia":[{"embeddable":true,"href":"https:\/\/www.service-public.pf\/art\/wp-json\/wp\/v2\/media\/3234"}],"wp:attachment":[{"href":"https:\/\/www.service-public.pf\/art\/wp-json\/wp\/v2\/media?parent=3229"}],"wp:term":[{"taxonomy":"category","embeddable":true,"href":"https:\/\/www.service-public.pf\/art\/wp-json\/wp\/v2\/categories?post=3229"},{"taxonomy":"post_tag","embeddable":true,"href":"https:\/\/www.service-public.pf\/art\/wp-json\/wp\/v2\/tags?post=3229"}],"curies":[{"name":"wp","href":"https:\/\/api.w.org\/{rel}","templated":true}]}}