{"id":3993,"date":"2023-07-05T09:06:12","date_gmt":"2023-07-05T19:06:12","guid":{"rendered":"https:\/\/www.service-public.pf\/art\/?p=3993"},"modified":"2023-07-05T16:08:29","modified_gmt":"2023-07-06T02:08:29","slug":"le-hiroa-de-juillet-est-disponible","status":"publish","type":"post","link":"https:\/\/www.service-public.pf\/art\/le-hiroa-de-juillet-est-disponible\/","title":{"rendered":"Le Hiro&rsquo;a de juillet est disponible"},"content":{"rendered":"<p><strong><img decoding=\"async\" class=\"wp-image-3996 size-medium alignright\" src=\"https:\/\/www.service-public.pf\/art\/wp-content\/uploads\/sites\/55\/2023\/07\/Hiroa-N\u00b0187-juillet-couv-177x300.png\" alt=\"\" width=\"177\" height=\"300\" srcset=\"https:\/\/www.service-public.pf\/art\/wp-content\/uploads\/sites\/55\/2023\/07\/Hiroa-N\u00b0187-juillet-couv-177x300.png 177w, https:\/\/www.service-public.pf\/art\/wp-content\/uploads\/sites\/55\/2023\/07\/Hiroa-N\u00b0187-juillet-couv-200x340.png 200w, https:\/\/www.service-public.pf\/art\/wp-content\/uploads\/sites\/55\/2023\/07\/Hiroa-N\u00b0187-juillet-couv-400x679.png 400w, https:\/\/www.service-public.pf\/art\/wp-content\/uploads\/sites\/55\/2023\/07\/Hiroa-N\u00b0187-juillet-couv-600x1019.png 600w, https:\/\/www.service-public.pf\/art\/wp-content\/uploads\/sites\/55\/2023\/07\/Hiroa-N\u00b0187-juillet-couv-603x1024.png 603w, https:\/\/www.service-public.pf\/art\/wp-content\/uploads\/sites\/55\/2023\/07\/Hiroa-N\u00b0187-juillet-couv-768x1304.png 768w, https:\/\/www.service-public.pf\/art\/wp-content\/uploads\/sites\/55\/2023\/07\/Hiroa-N\u00b0187-juillet-couv-800x1358.png 800w, https:\/\/www.service-public.pf\/art\/wp-content\/uploads\/sites\/55\/2023\/07\/Hiroa-N\u00b0187-juillet-couv-905x1536.png 905w, https:\/\/www.service-public.pf\/art\/wp-content\/uploads\/sites\/55\/2023\/07\/Hiroa-N\u00b0187-juillet-couv.png 1033w\" sizes=\"(max-width: 177px) 100vw, 177px\" \/>Le Hiro\u2019a, c\u2019est quoi\u00a0?<\/strong><\/p>\n<p>C\u2019est un journal d\u2019informations culturelles \u00e9labor\u00e9 par sept services et \u00e9tablissements publics administratifs du Pays\u00a0: La Direction de la Culture et du Patrimoine, le Service de l\u2019Artisanat traditionnel, la Maison de la Culture, le Mus\u00e9e de Tahiti et des \u00eeles, le Conservatoire Artistique de la Polyn\u00e9sie fran\u00e7aise, le Centre des M\u00e9tiers d&rsquo;Art de la Polyn\u00e9sie fran\u00e7aise et le Service du Patrimoine Archivistique Audiovisuel.<\/p>\n<p>Ce mensuel rassemble l\u2019actualit\u00e9 et les temps forts des structures partenaires, au travers d\u2019\u00e9v\u00e9nements, de portraits, d\u2019objets, de savoir-faire, de lieux, d\u2019\u0153uvres d\u2019art, de la langue et de personnes qui ont \u00e0 c\u0153ur de faire vivre la culture polyn\u00e9sienne.<\/p>\n<p><strong>Que vous r\u00e9serve ce nouveau num\u00e9ro de juillet ?<\/strong><\/p>\n<p>Ce mensuel propose des articles sur le secteur de l\u2019artisanat traditionnel, parmi lesquels :<\/p>\n<ul>\n<li>La culture bouge avec le 34e Heiva Rima&rsquo;\u012b qui met \u00e0 l&rsquo;honneur tout les savoir-faire de l&rsquo;ensemble des archipels, les ateliers cr\u00e9atifs de l\u2019artisanat qui auront lieu durant les vacances scolaires.<\/li>\n<li>Zoom sur des jeunes artisans \u00e0 la Tahiti Fashion week<\/li>\n<li>Enfin, retour en images sur le Salon de la f\u00eate des m\u00e8res, la 53e \u00e9dition du Salon des Marquises et enfin les floralies accueillant la \u00ab\u00a0Ha&rsquo;ari Constest\u00a0\u00bb et la 6e \u00e9dition de l&rsquo;Op\u00e9ration &lsquo;ETE.<\/li>\n<\/ul>\n<p>Bonne lecture\u00a0!<\/p>\n<p><strong><a href=\"https:\/\/www.service-public.pf\/art\/wp-content\/uploads\/sites\/55\/2023\/07\/Hiroa-N\u00b0187-juillet-web.pdf\">T\u00e9l\u00e9chargez votre journal d&rsquo;informations culturelles<\/a><\/strong><\/p>\n","protected":false},"excerpt":{"rendered":"<p>Le Hiro\u2019a, c\u2019est quoi\u00a0? C\u2019est un journal d\u2019informations culturelles \u00e9labor\u00e9  [&#8230;]<\/p>\n","protected":false},"author":281,"featured_media":4033,"comment_status":"closed","ping_status":"closed","sticky":false,"template":"","format":"standard","meta":{"_seopress_robots_primary_cat":"none","_seopress_titles_title":"","_seopress_titles_desc":"","_seopress_robots_index":"","footnotes":""},"categories":[28,94,95],"tags":[],"class_list":["post-3993","post","type-post","status-publish","format-standard","has-post-thumbnail","hentry","category-a-la-lune","category-artisans","category-visiteurs"],"_links":{"self":[{"href":"https:\/\/www.service-public.pf\/art\/wp-json\/wp\/v2\/posts\/3993","targetHints":{"allow":["GET"]}}],"collection":[{"href":"https:\/\/www.service-public.pf\/art\/wp-json\/wp\/v2\/posts"}],"about":[{"href":"https:\/\/www.service-public.pf\/art\/wp-json\/wp\/v2\/types\/post"}],"author":[{"embeddable":true,"href":"https:\/\/www.service-public.pf\/art\/wp-json\/wp\/v2\/users\/281"}],"replies":[{"embeddable":true,"href":"https:\/\/www.service-public.pf\/art\/wp-json\/wp\/v2\/comments?post=3993"}],"version-history":[{"count":0,"href":"https:\/\/www.service-public.pf\/art\/wp-json\/wp\/v2\/posts\/3993\/revisions"}],"wp:featuredmedia":[{"embeddable":true,"href":"https:\/\/www.service-public.pf\/art\/wp-json\/wp\/v2\/media\/4033"}],"wp:attachment":[{"href":"https:\/\/www.service-public.pf\/art\/wp-json\/wp\/v2\/media?parent=3993"}],"wp:term":[{"taxonomy":"category","embeddable":true,"href":"https:\/\/www.service-public.pf\/art\/wp-json\/wp\/v2\/categories?post=3993"},{"taxonomy":"post_tag","embeddable":true,"href":"https:\/\/www.service-public.pf\/art\/wp-json\/wp\/v2\/tags?post=3993"}],"curies":[{"name":"wp","href":"https:\/\/api.w.org\/{rel}","templated":true}]}}