{"id":4230,"date":"2023-08-03T17:24:48","date_gmt":"2023-08-04T03:24:48","guid":{"rendered":"https:\/\/www.service-public.pf\/art\/?p=4230"},"modified":"2023-08-16T14:12:04","modified_gmt":"2023-08-17T00:12:04","slug":"le-vea-rimai-n7-est-en-ligne","status":"publish","type":"post","link":"https:\/\/www.service-public.pf\/art\/le-vea-rimai-n7-est-en-ligne\/","title":{"rendered":"Le Ve&rsquo;a Rima&rsquo;\u012b n\u00b07 est en ligne"},"content":{"rendered":"<p><img decoding=\"async\" class=\"size-medium wp-image-4238 alignright\" src=\"https:\/\/www.service-public.pf\/art\/wp-content\/uploads\/sites\/55\/2023\/08\/vea-rimai-7-300x296.png\" alt=\"\" width=\"300\" height=\"296\" srcset=\"https:\/\/www.service-public.pf\/art\/wp-content\/uploads\/sites\/55\/2023\/08\/vea-rimai-7-66x66.png 66w, https:\/\/www.service-public.pf\/art\/wp-content\/uploads\/sites\/55\/2023\/08\/vea-rimai-7-200x198.png 200w, https:\/\/www.service-public.pf\/art\/wp-content\/uploads\/sites\/55\/2023\/08\/vea-rimai-7-300x296.png 300w, https:\/\/www.service-public.pf\/art\/wp-content\/uploads\/sites\/55\/2023\/08\/vea-rimai-7-400x395.png 400w, https:\/\/www.service-public.pf\/art\/wp-content\/uploads\/sites\/55\/2023\/08\/vea-rimai-7-600x593.png 600w, https:\/\/www.service-public.pf\/art\/wp-content\/uploads\/sites\/55\/2023\/08\/vea-rimai-7-768x759.png 768w, https:\/\/www.service-public.pf\/art\/wp-content\/uploads\/sites\/55\/2023\/08\/vea-rimai-7-800x790.png 800w, https:\/\/www.service-public.pf\/art\/wp-content\/uploads\/sites\/55\/2023\/08\/vea-rimai-7.png 910w\" sizes=\"(max-width: 300px) 100vw, 300px\" \/>D\u00e9couvrez l\u2019actualit\u00e9 du secteur au travers de cette lettre de l&rsquo;artisanat, qui pr\u00e9sente \u00e9galement les aides aux professionnels, et bien d\u2019autres sujets\u2026<\/p>\n<p><strong>Au programme ce mois-ci :<\/strong><\/p>\n<ul>\n<li>\u00c0 LA UNE : Premi\u00e8re \u00e9dition du Forum des m\u00e9tiers du primaire et de l&rsquo;artisanat traditionnel<\/li>\n<li>L&rsquo;INFO POUR LES PROS : Former les membres des bureaux associatifs<\/li>\n<li>TALENT D&rsquo;ARTISAN : <a href=\"https:\/\/www.service-public.pf\/art\/glenn-richmond-une-aventure-artistique\/\">Glenn Richmond, une aventure artistique<\/a><\/li>\n<li>PLEINS FEUX : 20e salon des Australes<\/li>\n<li>L\u2019agenda du secteur<\/li>\n<\/ul>\n<p><strong>T\u00e9l\u00e9chargez le nouveau num\u00e9ro : <a href=\"https:\/\/www.service-public.pf\/art\/wp-content\/uploads\/sites\/55\/2023\/08\/Newsletter-artisanat-aout-2023-VF.pdf\" target=\"_blank\" rel=\"noopener\">Ve\u2019a Rima\u2019\u012b<\/a><\/strong><\/p>\n","protected":false},"excerpt":{"rendered":"<p>D\u00e9couvrez l\u2019actualit\u00e9 du secteur au travers de cette lettre de  [&#8230;]<\/p>\n","protected":false},"author":280,"featured_media":4242,"comment_status":"closed","ping_status":"closed","sticky":false,"template":"","format":"standard","meta":{"_seopress_robots_primary_cat":"none","_seopress_titles_title":"","_seopress_titles_desc":"","_seopress_robots_index":"","footnotes":""},"categories":[28,94,88,93,95],"tags":[],"class_list":["post-4230","post","type-post","status-publish","format-standard","has-post-thumbnail","hentry","category-a-la-lune","category-artisans","category-demarches","category-portrait-dartisans","category-visiteurs"],"_links":{"self":[{"href":"https:\/\/www.service-public.pf\/art\/wp-json\/wp\/v2\/posts\/4230","targetHints":{"allow":["GET"]}}],"collection":[{"href":"https:\/\/www.service-public.pf\/art\/wp-json\/wp\/v2\/posts"}],"about":[{"href":"https:\/\/www.service-public.pf\/art\/wp-json\/wp\/v2\/types\/post"}],"author":[{"embeddable":true,"href":"https:\/\/www.service-public.pf\/art\/wp-json\/wp\/v2\/users\/280"}],"replies":[{"embeddable":true,"href":"https:\/\/www.service-public.pf\/art\/wp-json\/wp\/v2\/comments?post=4230"}],"version-history":[{"count":0,"href":"https:\/\/www.service-public.pf\/art\/wp-json\/wp\/v2\/posts\/4230\/revisions"}],"wp:featuredmedia":[{"embeddable":true,"href":"https:\/\/www.service-public.pf\/art\/wp-json\/wp\/v2\/media\/4242"}],"wp:attachment":[{"href":"https:\/\/www.service-public.pf\/art\/wp-json\/wp\/v2\/media?parent=4230"}],"wp:term":[{"taxonomy":"category","embeddable":true,"href":"https:\/\/www.service-public.pf\/art\/wp-json\/wp\/v2\/categories?post=4230"},{"taxonomy":"post_tag","embeddable":true,"href":"https:\/\/www.service-public.pf\/art\/wp-json\/wp\/v2\/tags?post=4230"}],"curies":[{"name":"wp","href":"https:\/\/api.w.org\/{rel}","templated":true}]}}