{"id":4262,"date":"2023-09-11T11:06:34","date_gmt":"2023-09-11T21:06:34","guid":{"rendered":"https:\/\/www.service-public.pf\/art\/?p=4262"},"modified":"2023-09-19T11:18:40","modified_gmt":"2023-09-19T21:18:40","slug":"recrutement-pour-le-festival-des-savoir-faire-du-pacifique","status":"publish","type":"post","link":"https:\/\/www.service-public.pf\/art\/recrutement-pour-le-festival-des-savoir-faire-du-pacifique\/","title":{"rendered":"Recrutement pour le festival des savoir-faire du Pacifique"},"content":{"rendered":"<div class=\"fusion-fullwidth fullwidth-box fusion-builder-row-1 fusion-flex-container nonhundred-percent-fullwidth non-hundred-percent-height-scrolling\" style=\"--awb-border-radius-top-left:0px;--awb-border-radius-top-right:0px;--awb-border-radius-bottom-right:0px;--awb-border-radius-bottom-left:0px;--awb-flex-wrap:wrap;\" ><div class=\"fusion-builder-row fusion-row fusion-flex-align-items-flex-start fusion-flex-content-wrap\" style=\"max-width:104%;margin-left: calc(-4% \/ 2 );margin-right: calc(-4% \/ 2 );\"><div class=\"fusion-layout-column fusion_builder_column fusion-builder-column-0 fusion_builder_column_1_1 1_1 fusion-flex-column fusion-flex-align-self-center\" style=\"--awb-bg-size:cover;--awb-width-large:100%;--awb-margin-top-large:0px;--awb-spacing-right-large:1.92%;--awb-margin-bottom-large:20px;--awb-spacing-left-large:1.92%;--awb-width-medium:100%;--awb-order-medium:0;--awb-spacing-right-medium:1.92%;--awb-spacing-left-medium:1.92%;--awb-width-small:100%;--awb-order-small:0;--awb-spacing-right-small:1.92%;--awb-spacing-left-small:1.92%;\"><div class=\"fusion-column-wrapper fusion-column-has-shadow fusion-flex-justify-content-flex-start fusion-content-layout-column\"><div class=\"fusion-text fusion-text-1\"><p>Le Service de l\u2019artisanat traditionnel, sous l&rsquo;\u00e9gide de la Vice-pr\u00e9sidence, du minist\u00e8re de la Culture, de l\u2019Enseignement sup\u00e9rieur, de l\u2019Environnement, du Foncier et de l\u2019Artisanat, en charge des Relations avec les institutions, organise le premier <strong>festival des savoir-faire du Pacifique qui se d\u00e9roulera du 22 au 25 novembre 2023 au Mus\u00e9e de Tahiti et des \u00celes.<\/strong><\/p>\n<p>Cet \u00e9v\u00e8nement s\u2019attachera \u00e0 valoriser des pratiques ancestrales et des savoir-faire d\u2019exceptions au travers d&rsquo;\u00e9change de regards, de comp\u00e9tences entre sp\u00e9cialistes de la r\u00e9gion. Ainsi, une dizaine d&rsquo;artisans venus de Rapa Nui, Aotearoa, Hawaii, Fidji, Samoa, Vanuatu et Wallis-et-Futuna exposeront \u00e9galement lors de ce festival.<\/p>\n<p class=\"FluidPluginCopy elementToProof\">Au programme : 4 jours d&rsquo;exposition-vente, des ateliers et des d\u00e9monstrations pour le public, des projections, des conf\u00e9rences, des rencontres entre artisans locaux et invit\u00e9s de la r\u00e9gion, la cr\u00e9ation d&rsquo;une \u0153uvre commune ainsi qu&rsquo;une soir\u00e9e contes et l\u00e9gendes dans laquelle un spectacle de danse sera pr\u00e9sent\u00e9, le vendredi 24 novembre.<\/p>\n<p class=\"FluidPluginCopy elementToProof\">Par ailleurs, il sera demand\u00e9 aux exposants volontaires de donner d<span class=\"ContentPasted0\">es ateliers et faire des d\u00e9monstrations pour le public.<\/span><\/p>\n<p class=\"FluidPluginCopy\"><strong><span class=\"ContentPasted0\">Les <\/span><\/strong><strong><span class=\"ContentPasted0\">conditions <\/span><\/strong><strong><span class=\"ContentPasted0\">d\u2019inscription sont les suivantes :\u00a0<\/span><\/strong><\/p>\n<ul class=\"FluidPluginCopy\" type=\"disc\">\n<li><span class=\"ContentPasted0\">\u00catre \u00e2g\u00e9 de 18 ans et plus, en association ou patent\u00e9s et r\u00e9f\u00e9renc\u00e9 au Service <em>(pour se r\u00e9f\u00e9rencer : <a href=\"https:\/\/www.service-public.pf\/art\/wp-content\/uploads\/sites\/55\/2023\/01\/Fiche-de-rencensement_VF-juillet-2022.pdf\" target=\"_blank\" rel=\"noopener\">fiche de recensement \u00e0 t\u00e9l\u00e9charger<\/a><\/em><\/span><span class=\"ContentPasted0\"><em>)<\/em> ;<\/span><\/li>\n<li><span class=\"ContentPasted0\">Exercer le m\u00e9tier d&rsquo;artisan traditionnel polyn\u00e9sien ; <\/span><\/li>\n<li class=\"elementToProof\"><span class=\"ContentPasted0\">Envoyer 5 photos de vos <\/span><span class=\"ContentPasted0\">cr\u00e9ations <\/span><span class=\"ContentPasted0\">;<\/span><\/li>\n<li><span class=\"ContentPasted0\">Inscription jusqu\u2019au<strong> 2 octobre 2023.<\/strong><\/span><\/li>\n<\/ul>\n<p><strong>Infos logistiques :<\/strong><\/p>\n<ul>\n<li>L&#8217;emplacement est gratuit<\/li>\n<li>Une table, une nappe et deux chaises seront \u00e0 votre disposition<\/li>\n<\/ul>\n<p>Si faire partie de cet \u00e9v\u00e9nement exceptionnel vous int\u00e9resse, nous vous invitons \u00e0 d\u00e9poser votre candidature en compl\u00e9tant <em><strong>le formulaire en cliquant sur ces liens:\u00a0<\/strong><\/em><\/p>\n<p><em><strong>Pour les usagers qui disposent d&rsquo;un compte google mail :\u00a0<a href=\"https:\/\/forms.gle\/RbpBwVzqZA6gKMDk6\"><span style=\"color: #ff0000\">CLIQUEZ ICI &#8211; FORMULAIRE DE CANDIDATURES &#8211; FESTIVAL<\/span><\/a><\/strong><\/em><\/p>\n<p><em><strong>Si vous ne disposez pas de compte google mail<\/strong>,<\/em> <a href=\"https:\/\/www.service-public.pf\/art\/wp-content\/uploads\/sites\/55\/2023\/09\/Formulaire-dinscription-FESTIVAL-DES-SAVOIR-FAIRE-DU-PACIFIQUE-2.pdf\"><strong><span style=\"color: #ff0000\"><em>CLIQUEZ<\/em><em>\u00a0ICI &#8211; FORMULAIRE EN PDF &#8211; FESTIVAL<\/em> <\/span><\/strong><\/a>, afin de le t\u00e9l\u00e9charger, le remplir et<em><strong> l&rsquo;envoyer par email<\/strong>:<\/em> <span style=\"color: #0000ff\">developpement.art@administration.gov.pf<\/span> , \u00e0 joindre <strong>imp\u00e9rativement avec 5 photos de vos cr\u00e9ations.\u00a0<\/strong><\/p>\n<\/div><\/div><\/div><\/div><\/div>\n","protected":false},"excerpt":{"rendered":"","protected":false},"author":280,"featured_media":4264,"comment_status":"closed","ping_status":"closed","sticky":false,"template":"","format":"standard","meta":{"_seopress_robots_primary_cat":"none","_seopress_titles_title":"","_seopress_titles_desc":"","_seopress_robots_index":"","footnotes":""},"categories":[28,94,95],"tags":[],"class_list":["post-4262","post","type-post","status-publish","format-standard","has-post-thumbnail","hentry","category-a-la-lune","category-artisans","category-visiteurs"],"_links":{"self":[{"href":"https:\/\/www.service-public.pf\/art\/wp-json\/wp\/v2\/posts\/4262","targetHints":{"allow":["GET"]}}],"collection":[{"href":"https:\/\/www.service-public.pf\/art\/wp-json\/wp\/v2\/posts"}],"about":[{"href":"https:\/\/www.service-public.pf\/art\/wp-json\/wp\/v2\/types\/post"}],"author":[{"embeddable":true,"href":"https:\/\/www.service-public.pf\/art\/wp-json\/wp\/v2\/users\/280"}],"replies":[{"embeddable":true,"href":"https:\/\/www.service-public.pf\/art\/wp-json\/wp\/v2\/comments?post=4262"}],"version-history":[{"count":0,"href":"https:\/\/www.service-public.pf\/art\/wp-json\/wp\/v2\/posts\/4262\/revisions"}],"wp:featuredmedia":[{"embeddable":true,"href":"https:\/\/www.service-public.pf\/art\/wp-json\/wp\/v2\/media\/4264"}],"wp:attachment":[{"href":"https:\/\/www.service-public.pf\/art\/wp-json\/wp\/v2\/media?parent=4262"}],"wp:term":[{"taxonomy":"category","embeddable":true,"href":"https:\/\/www.service-public.pf\/art\/wp-json\/wp\/v2\/categories?post=4262"},{"taxonomy":"post_tag","embeddable":true,"href":"https:\/\/www.service-public.pf\/art\/wp-json\/wp\/v2\/tags?post=4262"}],"curies":[{"name":"wp","href":"https:\/\/api.w.org\/{rel}","templated":true}]}}