{"id":5544,"date":"2024-04-05T14:22:30","date_gmt":"2024-04-06T00:22:30","guid":{"rendered":"https:\/\/www.service-public.pf\/art\/?p=5544"},"modified":"2024-04-05T15:02:18","modified_gmt":"2024-04-06T01:02:18","slug":"artisans-inscrivez-vous-a-des-formations-generales-gratuites","status":"publish","type":"post","link":"https:\/\/www.service-public.pf\/art\/artisans-inscrivez-vous-a-des-formations-generales-gratuites\/","title":{"rendered":"Artisans : inscrivez-vous \u00e0 des formations g\u00e9n\u00e9rales gratuites"},"content":{"rendered":"<div class=\"fusion-fullwidth fullwidth-box fusion-builder-row-1 fusion-flex-container nonhundred-percent-fullwidth non-hundred-percent-height-scrolling\" style=\"--awb-border-radius-top-left:0px;--awb-border-radius-top-right:0px;--awb-border-radius-bottom-right:0px;--awb-border-radius-bottom-left:0px;--awb-flex-wrap:wrap;\" ><div class=\"fusion-builder-row fusion-row fusion-flex-align-items-flex-start fusion-flex-content-wrap\" style=\"max-width:104%;margin-left: calc(-4% \/ 2 );margin-right: calc(-4% \/ 2 );\"><div class=\"fusion-layout-column fusion_builder_column fusion-builder-column-0 fusion_builder_column_1_1 1_1 fusion-flex-column\" style=\"--awb-bg-size:cover;--awb-width-large:100%;--awb-margin-top-large:0px;--awb-spacing-right-large:1.92%;--awb-margin-bottom-large:0px;--awb-spacing-left-large:1.92%;--awb-width-medium:100%;--awb-spacing-right-medium:1.92%;--awb-spacing-left-medium:1.92%;--awb-width-small:100%;--awb-spacing-right-small:1.92%;--awb-spacing-left-small:1.92%;\"><div class=\"fusion-column-wrapper fusion-flex-justify-content-flex-start fusion-content-layout-column\"><div class=\"fusion-text fusion-text-1\"><p>Sous l\u2019\u00e9gide de la Vice-pr\u00e9sidence, Minist\u00e8re de la Culture, de l\u2019environnement, du foncier et de l\u2019artisanat <em>en charge des relations avec les Institutions<\/em>, le Service de l\u2019artisanat traditionnel &#8211; <em>Te P\u016b \u2018ohipa rima\u2019\u012b<\/em>, propose un programme de formations g\u00e9n\u00e9rales r\u00e9serv\u00e9es aux artisans traditionnels, sur le mois d&rsquo;avril \u00e0 ao\u00fbt 2024. Il s\u2019inscrit dans la continuit\u00e9 de la volont\u00e9 de professionnalisation et de d\u00e9veloppement du secteur de l\u2019artisanat traditionnel.<b><\/b><\/p>\n<div>\n<p><b>Les formations organis\u00e9es sur 2024 sont les suivantes :<\/b><\/p>\n<ul>\n<li><u>Comptabilit\u00e9\/gestion<\/u>: d\u00e9terminer un prix de revient (la mati\u00e8re, le temps de fabrication, les co\u00fbts de commercialisation), faire un devis et comprendre les modalit\u00e9s, faire une facture en bonne et due forme, anticiper et piloter l\u2019activit\u00e9 (vente, gestion, piloter \u2013 indicateurs d\u2019alerte)\u00a0;<\/li>\n<li><u>Techniques de ventes<\/u>: approcher le client, rendre son stand attractif pour mieux vendre, cl\u00f4turer sa vente\u00a0;<\/li>\n<li><u>Ouvrir <\/u><u>une patente<\/u>: ce focus permettra aux artisans d\u2019\u00eatre inform\u00e9s des d\u00e9marches pour entreprendre, des aides accessibles et de conna\u00eetre le point de vue fiscal des entreprises individuelles\u00a0;<\/li>\n<li><u>Anglais<\/u> : les artisans apprendront \u00e0 se pr\u00e9senter, \u00e0 engager une conversation, acqu\u00e9rir les outils langagiers propres \u00e0 leur m\u00e9tier\u00a0: couleurs, mati\u00e8res, objets, tarifs, <em>etc<\/em>.\u00a0;<\/li>\n<li><u>Communication<\/u><strong>: <\/strong>ax\u00e9e sur les r\u00e9seaux sociaux et la photographie, cette formation permettra aux artisans d\u2019atteindre non seulement la client\u00e8le locale mais aussi internationale.<\/li>\n<\/ul>\n<p>Les formations sont ouvertes \u00e0 tous les artisans traditionnels de Tahiti et Mo&rsquo;orea et sont gratuites. Elles se d\u00e9rouleront chacune sur 2 jours dans la salle annexe du service situ\u00e9e \u00e0 la rue du G\u00e9n\u00e9ral de Gaulle \u00e0 l&rsquo;immeuble \u00c9tude Lejeune.<\/p>\n<\/div>\n<div><\/div>\n<\/div><div class=\"fusion-title title fusion-title-1 fusion-title-text fusion-title-size-three\" style=\"--awb-margin-top-small:10px;--awb-margin-right-small:0px;--awb-margin-bottom-small:10px;--awb-margin-left-small:0px;\"><div class=\"title-sep-container title-sep-container-left fusion-no-large-visibility fusion-no-medium-visibility fusion-no-small-visibility\"><div class=\"title-sep sep-double sep-solid\" style=\"border-color:#e2e2e2;\"><\/div><\/div><span class=\"awb-title-spacer fusion-no-large-visibility fusion-no-medium-visibility fusion-no-small-visibility\"><\/span><h3 class=\"fusion-title-heading title-heading-left\" style=\"margin:0;\">Programme des formations<\/h3><span class=\"awb-title-spacer\"><\/span><div class=\"title-sep-container title-sep-container-right\"><div class=\"title-sep sep-double sep-solid\" style=\"border-color:#e2e2e2;\"><\/div><\/div><\/div>\n<table class=\"aligncenter\" style=\"width: 100%\" border=\"1\">\n<thead>\n<tr>\n<td style=\"text-align: center;vertical-align: middle;width: 20.9364%\" align=\"left\"><strong>Formations<\/strong><\/td>\n<td style=\"text-align: center;vertical-align: middle;width: 18.2862%\" align=\"left\"><strong>Dates<\/strong><\/td>\n<td style=\"text-align: center;vertical-align: middle;width: 14.0459%\" align=\"left\"><strong>Horaires et nombre de places<br \/>\n<\/strong><\/td>\n<\/tr>\n<\/thead>\n<tbody>\n<tr>\n<td style=\"text-align: center;vertical-align: middle;width: 20.9364%\" align=\"left\">Communication<\/td>\n<td style=\"text-align: center;vertical-align: middle;width: 18.2862%\">Lundi 22 et mardi 23 avril<\/td>\n<td style=\"text-align: center;vertical-align: middle;width: 14.0459%\" rowspan=\"5\">8 h \u00e0 12 h &#8211; 13 h \u00e0 16 h<\/p>\n<p>14 places disponibles par session<\/td>\n<\/tr>\n<tr>\n<td style=\"text-align: center;vertical-align: middle;width: 20.9364%\" align=\"left\">Comptabilit\u00e9\/gestion<\/td>\n<td style=\"text-align: center;vertical-align: middle;width: 18.2862%\" align=\"left\">Lundi 10 et mardi 11 juin<\/td>\n<\/tr>\n<tr>\n<td style=\"text-align: center;vertical-align: middle;width: 20.9364%\" align=\"left\">Anglais<\/td>\n<td style=\"text-align: center;vertical-align: middle;width: 18.2862%\">Lundi 24 et mardi 25 juin<\/td>\n<\/tr>\n<tr>\n<td style=\"text-align: center;vertical-align: middle;width: 20.9364%\" align=\"left\">Cr\u00e9ation d&rsquo;une petite entreprise<\/td>\n<td style=\"text-align: center;vertical-align: middle;width: 18.2862%\" align=\"left\">Mardi 16 et mercredi 17 juillet<\/td>\n<\/tr>\n<tr>\n<td style=\"text-align: center;vertical-align: middle;width: 20.9364%\" align=\"left\">Techniques de vente<\/td>\n<td style=\"text-align: center;vertical-align: middle;width: 18.2862%\" align=\"left\">Lundi 26 et mardi 27 ao\u00fbt<\/td>\n<\/tr>\n<\/tbody>\n<\/table>\n<div class=\"fusion-separator fusion-full-width-sep\" style=\"align-self: center;margin-left: auto;margin-right: auto;width:100%;\"><div class=\"fusion-separator-border sep-double\" style=\"--awb-height:20px;--awb-amount:20px;--awb-sep-color:rgba(226,226,226,0);border-color:rgba(226,226,226,0);border-top-width:9px;border-bottom-width:9px;\"><\/div><\/div><div class=\"fusion-title title fusion-title-2 fusion-title-text fusion-title-size-three\" style=\"--awb-margin-top-small:10px;--awb-margin-right-small:0px;--awb-margin-bottom-small:10px;--awb-margin-left-small:0px;\"><div class=\"title-sep-container title-sep-container-left fusion-no-large-visibility fusion-no-medium-visibility fusion-no-small-visibility\"><div class=\"title-sep sep-double sep-solid\" style=\"border-color:#e2e2e2;\"><\/div><\/div><span class=\"awb-title-spacer fusion-no-large-visibility fusion-no-medium-visibility fusion-no-small-visibility\"><\/span><h3 class=\"fusion-title-heading title-heading-left\" style=\"margin:0;\">Modalit\u00e9s d&rsquo;inscriptions<\/h3><span class=\"awb-title-spacer\"><\/span><div class=\"title-sep-container title-sep-container-right\"><div class=\"title-sep sep-double sep-solid\" style=\"border-color:#e2e2e2;\"><\/div><\/div><\/div><div class=\"fusion-text fusion-text-2\"><p>Pour s&rsquo;inscrire aucune condition particuli\u00e8re n&rsquo;est requise, si ce n&rsquo;est \u00eatre \u00e2g\u00e9 de 18 ans et exercer l&rsquo;un des m\u00e9tiers d&rsquo;artisan traditionnel.<\/p>\n<p><strong>Trois possibilit\u00e9s pour vous inscrire aux formations :<\/strong><\/p>\n<ol>\n<li>Remplir un formulaire en ligne (lien ci-dessous) ;<\/li>\n<li>T\u00e9l\u00e9charger le formulaire \u00e0 nous envoyer par mail \u00e0 l&rsquo;adresse <a href=\"mailto:developpement.art@administration.gov.pf\">developpement.art@administration.gov.pf<\/a> (\u00e0 t\u00e9l\u00e9charger ci-dessous) ;<\/li>\n<li>Vous rendre directement au service de l&rsquo;artisanat traditionnel.<\/li>\n<\/ol>\n<p>Pour plus d&rsquo;informations vous pouvez nous appeler au 40 54 54 00.<\/p>\n<\/div><div class=\"fusion-separator fusion-full-width-sep\" style=\"align-self: center;margin-left: auto;margin-right: auto;width:100%;\"><div class=\"fusion-separator-border sep-double\" style=\"--awb-height:20px;--awb-amount:20px;--awb-sep-color:rgba(226,226,226,0);border-color:rgba(226,226,226,0);border-top-width:9px;border-bottom-width:9px;\"><\/div><\/div><div class=\"fusion-content-boxes content-boxes columns row fusion-columns-2 fusion-columns-total-2 fusion-content-boxes-1 content-boxes-icon-boxed content-left\" style=\"--awb-hover-accent-color:#65bc7b;--awb-circle-hover-accent-color:#65bc7b;\" data-animationOffset=\"top-into-view\"><div style=\"--awb-backgroundcolor:#0fb9e8;\" class=\"fusion-column content-box-column content-box-column content-box-column-1 col-lg-6 col-md-6 col-sm-6 fusion-content-box-hover content-box-column-first-in-row\"><div class=\"col content-box-wrapper content-wrapper-background content-wrapper-boxed link-area-link-icon content-icon-wrapper-yes icon-hover-animation-fade\" data-animationOffset=\"top-into-view\"><div class=\"heading heading-with-icon icon-left\"><div class=\"icon\"><span style=\"height:42px;width:42px;line-height:22px;border-color:rgba(255,255,255,0);border-width:1px;border-style:solid;background-color:#212934;position:absolute;top:-71px;margin-left:-21px;box-sizing:content-box;border-radius:50%;\"><i style=\"border-color:#212934;border-width:1px;background-color:#212934;box-sizing:content-box;height:40px;width:40px;line-height:40px;border-radius:50%;position:relative;top:auto;left:auto;margin:0;border-radius:50%;font-size:20px;\" aria-hidden=\"true\" class=\"fontawesome-icon fa-file-alt fas circle-yes\"><\/i><\/span><\/div><\/div><div class=\"fusion-clearfix\"><\/div><div class=\"content-container\">\n<p><strong><a href=\"https:\/\/docs.google.com\/forms\/d\/e\/1FAIpQLSd1WzsbvqFg-4MEJsnQYWJbMo4rl5RcaNjCpDBGMO_BWRgKRw\/viewform?usp=sf_link\">Cliquez ici pour remplir le formulaire en ligne<\/a><\/strong><\/p>\n<\/div><\/div><\/div><div style=\"--awb-backgroundcolor:#b8d900;\" class=\"fusion-column content-box-column content-box-column content-box-column-2 col-lg-6 col-md-6 col-sm-6 fusion-content-box-hover content-box-column-last content-box-column-last-in-row\"><div class=\"col content-box-wrapper content-wrapper-background content-wrapper-boxed link-area-link-icon content-icon-wrapper-yes icon-hover-animation-fade\" data-animationOffset=\"top-into-view\"><div class=\"heading heading-with-icon icon-left\"><div class=\"icon\"><span style=\"height:42px;width:42px;line-height:22px;border-color:rgba(255,255,255,0);border-width:1px;border-style:solid;background-color:#212934;position:absolute;top:-71px;margin-left:-21px;box-sizing:content-box;border-radius:50%;\"><i style=\"border-color:#212934;border-width:1px;background-color:#212934;box-sizing:content-box;height:40px;width:40px;line-height:40px;border-radius:50%;position:relative;top:auto;left:auto;margin:0;border-radius:50%;font-size:20px;\" aria-hidden=\"true\" class=\"fontawesome-icon fa-file-download fas circle-yes\"><\/i><\/span><\/div><\/div><div class=\"fusion-clearfix\"><\/div><div class=\"content-container\">\n<p><a href=\"https:\/\/www.service-public.pf\/art\/wp-content\/uploads\/sites\/55\/2024\/04\/ART-Formulaire-inscription-formations-generales.pdf\"><strong>T\u00e9l\u00e9chargez le formulaire en cliquant ici<\/strong><\/a><\/p>\n<\/div><\/div><\/div><div class=\"fusion-clearfix\"><\/div><\/div><\/div><\/div><\/div><\/div>\n","protected":false},"excerpt":{"rendered":"","protected":false},"author":280,"featured_media":5564,"comment_status":"closed","ping_status":"closed","sticky":false,"template":"","format":"standard","meta":{"_seopress_robots_primary_cat":"none","_seopress_titles_title":"","_seopress_titles_desc":"","_seopress_robots_index":"","footnotes":""},"categories":[28,94],"tags":[],"class_list":["post-5544","post","type-post","status-publish","format-standard","has-post-thumbnail","hentry","category-a-la-lune","category-artisans"],"_links":{"self":[{"href":"https:\/\/www.service-public.pf\/art\/wp-json\/wp\/v2\/posts\/5544","targetHints":{"allow":["GET"]}}],"collection":[{"href":"https:\/\/www.service-public.pf\/art\/wp-json\/wp\/v2\/posts"}],"about":[{"href":"https:\/\/www.service-public.pf\/art\/wp-json\/wp\/v2\/types\/post"}],"author":[{"embeddable":true,"href":"https:\/\/www.service-public.pf\/art\/wp-json\/wp\/v2\/users\/280"}],"replies":[{"embeddable":true,"href":"https:\/\/www.service-public.pf\/art\/wp-json\/wp\/v2\/comments?post=5544"}],"version-history":[{"count":0,"href":"https:\/\/www.service-public.pf\/art\/wp-json\/wp\/v2\/posts\/5544\/revisions"}],"wp:featuredmedia":[{"embeddable":true,"href":"https:\/\/www.service-public.pf\/art\/wp-json\/wp\/v2\/media\/5564"}],"wp:attachment":[{"href":"https:\/\/www.service-public.pf\/art\/wp-json\/wp\/v2\/media?parent=5544"}],"wp:term":[{"taxonomy":"category","embeddable":true,"href":"https:\/\/www.service-public.pf\/art\/wp-json\/wp\/v2\/categories?post=5544"},{"taxonomy":"post_tag","embeddable":true,"href":"https:\/\/www.service-public.pf\/art\/wp-json\/wp\/v2\/tags?post=5544"}],"curies":[{"name":"wp","href":"https:\/\/api.w.org\/{rel}","templated":true}]}}