{"id":5568,"date":"2024-04-16T14:58:19","date_gmt":"2024-04-17T00:58:19","guid":{"rendered":"https:\/\/www.service-public.pf\/art\/?p=5568"},"modified":"2024-04-17T16:10:29","modified_gmt":"2024-04-18T02:10:29","slug":"le-retour-tant-attendu-la-quatrieme-edition-de-lexposition-de-rurutu","status":"publish","type":"post","link":"https:\/\/www.service-public.pf\/art\/le-retour-tant-attendu-la-quatrieme-edition-de-lexposition-de-rurutu\/","title":{"rendered":"4e Exposition de Rurut\u016b du 22 avril au 5 mai"},"content":{"rendered":"<p><img decoding=\"async\" class=\"size-medium wp-image-5606 alignright\" src=\"https:\/\/www.service-public.pf\/art\/wp-content\/uploads\/sites\/55\/2024\/04\/Affiche-Rurutu-V4-1-212x300.png\" alt=\"\" width=\"212\" height=\"300\" srcset=\"https:\/\/www.service-public.pf\/art\/wp-content\/uploads\/sites\/55\/2024\/04\/Affiche-Rurutu-V4-1-200x283.png 200w, https:\/\/www.service-public.pf\/art\/wp-content\/uploads\/sites\/55\/2024\/04\/Affiche-Rurutu-V4-1-212x300.png 212w, https:\/\/www.service-public.pf\/art\/wp-content\/uploads\/sites\/55\/2024\/04\/Affiche-Rurutu-V4-1-400x566.png 400w, https:\/\/www.service-public.pf\/art\/wp-content\/uploads\/sites\/55\/2024\/04\/Affiche-Rurutu-V4-1-600x849.png 600w, https:\/\/www.service-public.pf\/art\/wp-content\/uploads\/sites\/55\/2024\/04\/Affiche-Rurutu-V4-1-724x1024.png 724w, https:\/\/www.service-public.pf\/art\/wp-content\/uploads\/sites\/55\/2024\/04\/Affiche-Rurutu-V4-1-768x1086.png 768w, https:\/\/www.service-public.pf\/art\/wp-content\/uploads\/sites\/55\/2024\/04\/Affiche-Rurutu-V4-1-800x1132.png 800w, https:\/\/www.service-public.pf\/art\/wp-content\/uploads\/sites\/55\/2024\/04\/Affiche-Rurutu-V4-1-1086x1536.png 1086w, https:\/\/www.service-public.pf\/art\/wp-content\/uploads\/sites\/55\/2024\/04\/Affiche-Rurutu-V4-1-1200x1697.png 1200w, https:\/\/www.service-public.pf\/art\/wp-content\/uploads\/sites\/55\/2024\/04\/Affiche-Rurutu-V4-1-1448x2048.png 1448w\" sizes=\"(max-width: 212px) 100vw, 212px\" \/>L\u2019Assembl\u00e9e de la Polyn\u00e9sie fran\u00e7aise accueillera du 22 avril au 5 mai 2024 l\u2019exposition artisanale de Rurut\u016b, organis\u00e9e par l\u2019association <em>Va\u2019ine rima\u2019\u012b no Rurutu tu noa<\/em>, pr\u00e9sid\u00e9e par M<sup>me<\/sup> Ramona TEVAEARAI. Elle se tiendra dans le Hall Tamaru Ren\u00e9 LEBOUCHER.<\/p>\n<p>L\u2019exposition aura lieu sur 2 semaines et regroupera une trentaine d\u2019artisans. Tous font le d\u00e9placement depuis Rurut\u016b, afin de mettre en lumi\u00e8re l\u2019authenticit\u00e9 de leurs savoir-faire et les sp\u00e9cificit\u00e9s de leur \u00eele.<\/p>\n<p>Cette ann\u00e9e, le th\u00e8me retenu est l\u2019art du tressage moulin <em>\u00ab\u00a0Rurut\u016b, \u2018a faufa\u2019a mai t\u0101 t\u0101ua rara\u2019a t\u0101viri pere\u2019ou\u00a0\u00bb. <\/em>Cette technique de tressage typique de l\u2019\u00eele sera mise \u00e0 l\u2019honneur au travers d\u2019objets artisanaux vari\u00e9s et uniques.<\/p>\n<p>Les visiteurs pourront ainsi d\u00e9couvrir des cr\u00e9ations con\u00e7ues \u00e0 base de mati\u00e8res locales de Rurut\u016b : <em>\u2018ete<\/em> (paniers), <em>t\u0101upo\u2019o<\/em> (chapeaux), <em>p\u014dta\u2019ata\u2019a<\/em> (<em>p\u0113\u2019ue<\/em> ronds) mais aussi des sculptures en <em>miro<\/em> ou bois de rose, <em>&lsquo;aito<\/em>\u2026 ou encore des colliers de graines et coquillages.<\/p>\n<p>Cette nouvelle \u00e9dition ouvrira ses portes du 22 avril au 5 mai \u00a02024, de 8 h \u00e0 17 h tous les jours. L\u2019inauguration officielle aura lieu le lundi 22 avril 2024 \u00e0 11 h dans le Hall Tamaru Ren\u00e9 LEBOUCHER de l\u2019Assembl\u00e9e de la Polyn\u00e9sie fran\u00e7aise.<\/p>\n<p>Pour tout renseignement, veuillez contacter M<sup>me<\/sup> Ramona TEVAEARAI, pr\u00e9sidente de l\u2019association <em>Va\u2019ine rima\u2019\u012b no Rurut\u016b t\u016b noa<\/em>, au 87 28 04 99.<\/p>\n","protected":false},"excerpt":{"rendered":"<p>L\u2019Assembl\u00e9e de la Polyn\u00e9sie fran\u00e7aise accueillera du 22 avril au  [&#8230;]<\/p>\n","protected":false},"author":336,"featured_media":5606,"comment_status":"closed","ping_status":"closed","sticky":false,"template":"","format":"standard","meta":{"_seopress_robots_primary_cat":"none","_seopress_titles_title":"","_seopress_titles_desc":"","_seopress_robots_index":"","footnotes":""},"categories":[28,94,95],"tags":[],"class_list":["post-5568","post","type-post","status-publish","format-standard","has-post-thumbnail","hentry","category-a-la-lune","category-artisans","category-visiteurs"],"_links":{"self":[{"href":"https:\/\/www.service-public.pf\/art\/wp-json\/wp\/v2\/posts\/5568","targetHints":{"allow":["GET"]}}],"collection":[{"href":"https:\/\/www.service-public.pf\/art\/wp-json\/wp\/v2\/posts"}],"about":[{"href":"https:\/\/www.service-public.pf\/art\/wp-json\/wp\/v2\/types\/post"}],"author":[{"embeddable":true,"href":"https:\/\/www.service-public.pf\/art\/wp-json\/wp\/v2\/users\/336"}],"replies":[{"embeddable":true,"href":"https:\/\/www.service-public.pf\/art\/wp-json\/wp\/v2\/comments?post=5568"}],"version-history":[{"count":0,"href":"https:\/\/www.service-public.pf\/art\/wp-json\/wp\/v2\/posts\/5568\/revisions"}],"wp:featuredmedia":[{"embeddable":true,"href":"https:\/\/www.service-public.pf\/art\/wp-json\/wp\/v2\/media\/5606"}],"wp:attachment":[{"href":"https:\/\/www.service-public.pf\/art\/wp-json\/wp\/v2\/media?parent=5568"}],"wp:term":[{"taxonomy":"category","embeddable":true,"href":"https:\/\/www.service-public.pf\/art\/wp-json\/wp\/v2\/categories?post=5568"},{"taxonomy":"post_tag","embeddable":true,"href":"https:\/\/www.service-public.pf\/art\/wp-json\/wp\/v2\/tags?post=5568"}],"curies":[{"name":"wp","href":"https:\/\/api.w.org\/{rel}","templated":true}]}}