{"id":5739,"date":"2024-05-22T14:20:49","date_gmt":"2024-05-23T00:20:49","guid":{"rendered":"https:\/\/www.service-public.pf\/art\/?p=5739"},"modified":"2024-05-22T14:20:49","modified_gmt":"2024-05-23T00:20:49","slug":"venez-faire-un-tour-au-festival-des-artisans-%f0%9d%90%93%f0%9d%90%a8%f0%9d%90%ae-%f0%9d%90%8c%f0%9d%90%9a%f0%9d%90%a6%f0%9d%90%9a-%f0%9d%90%87%f0%9d%90%9e%f0%9d%90%ab%f0%9d%90%9e","status":"publish","type":"post","link":"https:\/\/www.service-public.pf\/art\/venez-faire-un-tour-au-festival-des-artisans-%f0%9d%90%93%f0%9d%90%a8%f0%9d%90%ae-%f0%9d%90%8c%f0%9d%90%9a%f0%9d%90%a6%f0%9d%90%9a-%f0%9d%90%87%f0%9d%90%9e%f0%9d%90%ab%f0%9d%90%9e\/","title":{"rendered":"Venez faire un tour au festival des artisans  &#8211; \ud835\udc13\ud835\udc28&rsquo;\ud835\udc2e \ud835\udc0c\ud835\udc1a\ud835\udc26\ud835\udc1a \ud835\udc07\ud835\udc1e\ud835\udc2b\ud835\udc1e"},"content":{"rendered":"<p>&nbsp;<\/p>\n<p><img decoding=\"async\" class=\"aligncenter wp-image-5742 size-fusion-600\" src=\"https:\/\/www.service-public.pf\/art\/wp-content\/uploads\/sites\/55\/2024\/05\/IMG_9726-600x400.jpg\" alt=\"\" width=\"600\" height=\"400\" srcset=\"https:\/\/www.service-public.pf\/art\/wp-content\/uploads\/sites\/55\/2024\/05\/IMG_9726-200x133.jpg 200w, https:\/\/www.service-public.pf\/art\/wp-content\/uploads\/sites\/55\/2024\/05\/IMG_9726-300x200.jpg 300w, https:\/\/www.service-public.pf\/art\/wp-content\/uploads\/sites\/55\/2024\/05\/IMG_9726-400x267.jpg 400w, https:\/\/www.service-public.pf\/art\/wp-content\/uploads\/sites\/55\/2024\/05\/IMG_9726-600x400.jpg 600w, https:\/\/www.service-public.pf\/art\/wp-content\/uploads\/sites\/55\/2024\/05\/IMG_9726-768x512.jpg 768w, https:\/\/www.service-public.pf\/art\/wp-content\/uploads\/sites\/55\/2024\/05\/IMG_9726-800x533.jpg 800w, https:\/\/www.service-public.pf\/art\/wp-content\/uploads\/sites\/55\/2024\/05\/IMG_9726-1024x683.jpg 1024w, https:\/\/www.service-public.pf\/art\/wp-content\/uploads\/sites\/55\/2024\/05\/IMG_9726-1200x800.jpg 1200w, https:\/\/www.service-public.pf\/art\/wp-content\/uploads\/sites\/55\/2024\/05\/IMG_9726-1536x1024.jpg 1536w\" sizes=\"(max-width: 600px) 100vw, 600px\" \/><\/p>\n<div>\n<div dir=\"auto\">\n<p>Le salon\u00a0<strong>To&rsquo;u Mama Here<\/strong>, organis\u00e9 \u00e0 l&rsquo;occasion de la f\u00eate des m\u00e8res, a \u00e9t\u00e9 inaugur\u00e9 mardi 21 mai dans le Hall de l&rsquo;Assembl\u00e9e de la Polyn\u00e9sie Fran\u00e7aise. L&rsquo;\u00e9v\u00e9nement s&rsquo;est d\u00e9roul\u00e9 dans une ambiance festive, en pr\u00e9sence de Mme \u00c9liane TEVAHITUA, Vice-pr\u00e9sidente de la Polyn\u00e9sie fran\u00e7aise, de M. Antony GEROS, Pr\u00e9sident de l&rsquo;Assembl\u00e9e de Polyn\u00e9sie fran\u00e7aise et de plusieurs officiels invit\u00e9s.<\/p>\n<p>Cet \u00e9v\u00e9nement, orchestr\u00e9 par l&rsquo;association\u00a0<strong>Moorea Events<\/strong>, se tiendra du 21 au 26 mai.<\/p>\n<p>48 exposants proposent une vari\u00e9t\u00e9 de produits artisanaux parfaits pour\u00a0des cadeaux de f\u00eate des m\u00e8res, parmi lesquels :<\/p>\n<ul>\n<li><strong>Bijouterie d&rsquo;art<\/strong><\/li>\n<li><strong>Vannerie<\/strong><\/li>\n<li><strong>Textile<\/strong><\/li>\n<li><strong>Maroquinerie<\/strong><\/li>\n<li><strong>Tableaux<\/strong>\u00a0<img decoding=\"async\" class=\"alignright wp-image-5747 size-fusion-400\" src=\"https:\/\/www.service-public.pf\/art\/wp-content\/uploads\/sites\/55\/2024\/05\/IMG_9623-400x267.jpg\" alt=\"\" width=\"400\" height=\"267\" srcset=\"https:\/\/www.service-public.pf\/art\/wp-content\/uploads\/sites\/55\/2024\/05\/IMG_9623-200x133.jpg 200w, https:\/\/www.service-public.pf\/art\/wp-content\/uploads\/sites\/55\/2024\/05\/IMG_9623-300x200.jpg 300w, https:\/\/www.service-public.pf\/art\/wp-content\/uploads\/sites\/55\/2024\/05\/IMG_9623-400x267.jpg 400w, https:\/\/www.service-public.pf\/art\/wp-content\/uploads\/sites\/55\/2024\/05\/IMG_9623-600x400.jpg 600w, https:\/\/www.service-public.pf\/art\/wp-content\/uploads\/sites\/55\/2024\/05\/IMG_9623-768x512.jpg 768w, https:\/\/www.service-public.pf\/art\/wp-content\/uploads\/sites\/55\/2024\/05\/IMG_9623-800x533.jpg 800w, https:\/\/www.service-public.pf\/art\/wp-content\/uploads\/sites\/55\/2024\/05\/IMG_9623-1024x683.jpg 1024w, https:\/\/www.service-public.pf\/art\/wp-content\/uploads\/sites\/55\/2024\/05\/IMG_9623-1200x800.jpg 1200w, https:\/\/www.service-public.pf\/art\/wp-content\/uploads\/sites\/55\/2024\/05\/IMG_9623-1536x1024.jpg 1536w\" sizes=\"(max-width: 400px) 100vw, 400px\" \/><\/li>\n<\/ul>\n<p>Les visiteurs pourront \u00e9galement participer \u00e0 divers ateliers d&rsquo;initiation, notamment au tressage, \u00e0 la confection de t\u012bfaifai, \u00e0 la sculpture et au kokedama.<\/p>\n<p>Une sc\u00e8ne libre sera disponible pour les artistes amateurs souhaitant chanter, jouer de la musique ou d\u00e9clamer des po\u00e8mes.<\/p>\n<\/div>\n<div dir=\"auto\">\n<p><span style=\"color: #993300\"><strong>Infos pratiques :<\/strong><\/span><\/p>\n<p style=\"padding-left: 40px\"><strong>Lieu<\/strong>\u00a0: Hall de l&rsquo;Assembl\u00e9e de la Polyn\u00e9sie Fran\u00e7aise<\/p>\n<p style=\"padding-left: 40px\"><strong>Dates<\/strong>\u00a0: Du 21 au 26 mai 2024<\/p>\n<p style=\"padding-left: 40px\"><strong>Horaires<\/strong>\u00a0: De 8 h \u00e0 17 h tous les jours<\/p>\n<p>Venez nombreux pour d\u00e9couvrir des cr\u00e9ations artisanales uniques et trouver le cadeau parfait pour votre maman !<\/p>\n<p>&nbsp;<\/p>\n<\/div>\n<\/div>\n<div>\n<div><img decoding=\"async\" class=\"wp-image-5749 size-fusion-400 alignright\" src=\"https:\/\/www.service-public.pf\/art\/wp-content\/uploads\/sites\/55\/2024\/05\/IMG_9656-400x267.jpg\" alt=\"\" width=\"400\" height=\"267\" srcset=\"https:\/\/www.service-public.pf\/art\/wp-content\/uploads\/sites\/55\/2024\/05\/IMG_9656-200x133.jpg 200w, https:\/\/www.service-public.pf\/art\/wp-content\/uploads\/sites\/55\/2024\/05\/IMG_9656-300x200.jpg 300w, https:\/\/www.service-public.pf\/art\/wp-content\/uploads\/sites\/55\/2024\/05\/IMG_9656-400x267.jpg 400w, https:\/\/www.service-public.pf\/art\/wp-content\/uploads\/sites\/55\/2024\/05\/IMG_9656-600x400.jpg 600w, https:\/\/www.service-public.pf\/art\/wp-content\/uploads\/sites\/55\/2024\/05\/IMG_9656-768x512.jpg 768w, https:\/\/www.service-public.pf\/art\/wp-content\/uploads\/sites\/55\/2024\/05\/IMG_9656-800x533.jpg 800w, https:\/\/www.service-public.pf\/art\/wp-content\/uploads\/sites\/55\/2024\/05\/IMG_9656-1024x683.jpg 1024w, https:\/\/www.service-public.pf\/art\/wp-content\/uploads\/sites\/55\/2024\/05\/IMG_9656-1200x800.jpg 1200w, https:\/\/www.service-public.pf\/art\/wp-content\/uploads\/sites\/55\/2024\/05\/IMG_9656-1536x1024.jpg 1536w\" sizes=\"(max-width: 400px) 100vw, 400px\" \/><img decoding=\"async\" class=\"wp-image-5743 size-fusion-400 alignleft\" src=\"https:\/\/www.service-public.pf\/art\/wp-content\/uploads\/sites\/55\/2024\/05\/IMG_9695-400x267.jpg\" alt=\"\" width=\"400\" height=\"267\" srcset=\"https:\/\/www.service-public.pf\/art\/wp-content\/uploads\/sites\/55\/2024\/05\/IMG_9695-200x133.jpg 200w, https:\/\/www.service-public.pf\/art\/wp-content\/uploads\/sites\/55\/2024\/05\/IMG_9695-300x200.jpg 300w, https:\/\/www.service-public.pf\/art\/wp-content\/uploads\/sites\/55\/2024\/05\/IMG_9695-400x267.jpg 400w, https:\/\/www.service-public.pf\/art\/wp-content\/uploads\/sites\/55\/2024\/05\/IMG_9695-600x400.jpg 600w, https:\/\/www.service-public.pf\/art\/wp-content\/uploads\/sites\/55\/2024\/05\/IMG_9695-768x512.jpg 768w, https:\/\/www.service-public.pf\/art\/wp-content\/uploads\/sites\/55\/2024\/05\/IMG_9695-800x533.jpg 800w, https:\/\/www.service-public.pf\/art\/wp-content\/uploads\/sites\/55\/2024\/05\/IMG_9695-1024x683.jpg 1024w, https:\/\/www.service-public.pf\/art\/wp-content\/uploads\/sites\/55\/2024\/05\/IMG_9695-1200x800.jpg 1200w, https:\/\/www.service-public.pf\/art\/wp-content\/uploads\/sites\/55\/2024\/05\/IMG_9695-1536x1024.jpg 1536w\" sizes=\"(max-width: 400px) 100vw, 400px\" \/><img decoding=\"async\" class=\"wp-image-5744 size-fusion-400 aligncenter\" src=\"https:\/\/www.service-public.pf\/art\/wp-content\/uploads\/sites\/55\/2024\/05\/IMG_9622-400x267.jpg\" alt=\"\" width=\"400\" height=\"267\" srcset=\"https:\/\/www.service-public.pf\/art\/wp-content\/uploads\/sites\/55\/2024\/05\/IMG_9622-200x133.jpg 200w, https:\/\/www.service-public.pf\/art\/wp-content\/uploads\/sites\/55\/2024\/05\/IMG_9622-300x200.jpg 300w, https:\/\/www.service-public.pf\/art\/wp-content\/uploads\/sites\/55\/2024\/05\/IMG_9622-400x267.jpg 400w, https:\/\/www.service-public.pf\/art\/wp-content\/uploads\/sites\/55\/2024\/05\/IMG_9622-600x400.jpg 600w, https:\/\/www.service-public.pf\/art\/wp-content\/uploads\/sites\/55\/2024\/05\/IMG_9622-768x512.jpg 768w, https:\/\/www.service-public.pf\/art\/wp-content\/uploads\/sites\/55\/2024\/05\/IMG_9622-800x533.jpg 800w, https:\/\/www.service-public.pf\/art\/wp-content\/uploads\/sites\/55\/2024\/05\/IMG_9622-1024x683.jpg 1024w, https:\/\/www.service-public.pf\/art\/wp-content\/uploads\/sites\/55\/2024\/05\/IMG_9622-1200x800.jpg 1200w, https:\/\/www.service-public.pf\/art\/wp-content\/uploads\/sites\/55\/2024\/05\/IMG_9622-1536x1024.jpg 1536w\" sizes=\"(max-width: 400px) 100vw, 400px\" \/><\/div>\n<\/div>\n","protected":false},"excerpt":{"rendered":"<p>&nbsp; Le salon\u00a0To&rsquo;u Mama Here, organis\u00e9 \u00e0 l&rsquo;occasion de la  [&#8230;]<\/p>\n","protected":false},"author":336,"featured_media":5742,"comment_status":"closed","ping_status":"closed","sticky":false,"template":"","format":"standard","meta":{"_seopress_robots_primary_cat":"none","_seopress_titles_title":"","_seopress_titles_desc":"","_seopress_robots_index":"","footnotes":""},"categories":[28,94,95],"tags":[],"class_list":["post-5739","post","type-post","status-publish","format-standard","has-post-thumbnail","hentry","category-a-la-lune","category-artisans","category-visiteurs"],"_links":{"self":[{"href":"https:\/\/www.service-public.pf\/art\/wp-json\/wp\/v2\/posts\/5739","targetHints":{"allow":["GET"]}}],"collection":[{"href":"https:\/\/www.service-public.pf\/art\/wp-json\/wp\/v2\/posts"}],"about":[{"href":"https:\/\/www.service-public.pf\/art\/wp-json\/wp\/v2\/types\/post"}],"author":[{"embeddable":true,"href":"https:\/\/www.service-public.pf\/art\/wp-json\/wp\/v2\/users\/336"}],"replies":[{"embeddable":true,"href":"https:\/\/www.service-public.pf\/art\/wp-json\/wp\/v2\/comments?post=5739"}],"version-history":[{"count":0,"href":"https:\/\/www.service-public.pf\/art\/wp-json\/wp\/v2\/posts\/5739\/revisions"}],"wp:featuredmedia":[{"embeddable":true,"href":"https:\/\/www.service-public.pf\/art\/wp-json\/wp\/v2\/media\/5742"}],"wp:attachment":[{"href":"https:\/\/www.service-public.pf\/art\/wp-json\/wp\/v2\/media?parent=5739"}],"wp:term":[{"taxonomy":"category","embeddable":true,"href":"https:\/\/www.service-public.pf\/art\/wp-json\/wp\/v2\/categories?post=5739"},{"taxonomy":"post_tag","embeddable":true,"href":"https:\/\/www.service-public.pf\/art\/wp-json\/wp\/v2\/tags?post=5739"}],"curies":[{"name":"wp","href":"https:\/\/api.w.org\/{rel}","templated":true}]}}