{"id":5790,"date":"2024-05-30T11:13:17","date_gmt":"2024-05-30T21:13:17","guid":{"rendered":"https:\/\/www.service-public.pf\/art\/?p=5790"},"modified":"2024-05-30T11:15:57","modified_gmt":"2024-05-30T21:15:57","slug":"inauguration-du-2e-salon-des-arts-de-la-maison-tou-fare-au","status":"publish","type":"post","link":"https:\/\/www.service-public.pf\/art\/inauguration-du-2e-salon-des-arts-de-la-maison-tou-fare-au\/","title":{"rendered":"Le 2e salon des arts de la maison \u2013 T\u014d\u2019u fare au est ouvert"},"content":{"rendered":"<div>\n<p><a href=\"https:\/\/www.service-public.pf\/art\/inauguration-du-2e-salon-des-arts-de-la-maison-tou-fare-au\/inshot_20240529_165312606-4\/\" rel=\"attachment wp-att-5793\"><img decoding=\"async\" class=\"wp-image-5793 size-fusion-400 alignleft\" src=\"https:\/\/www.service-public.pf\/art\/wp-content\/uploads\/sites\/55\/2024\/05\/InShot_20240529_165312606-4-400x366.jpg\" alt=\"\" width=\"400\" height=\"366\" srcset=\"https:\/\/www.service-public.pf\/art\/wp-content\/uploads\/sites\/55\/2024\/05\/InShot_20240529_165312606-4-200x183.jpg 200w, https:\/\/www.service-public.pf\/art\/wp-content\/uploads\/sites\/55\/2024\/05\/InShot_20240529_165312606-4-300x274.jpg 300w, https:\/\/www.service-public.pf\/art\/wp-content\/uploads\/sites\/55\/2024\/05\/InShot_20240529_165312606-4-400x366.jpg 400w, https:\/\/www.service-public.pf\/art\/wp-content\/uploads\/sites\/55\/2024\/05\/InShot_20240529_165312606-4-600x548.jpg 600w, https:\/\/www.service-public.pf\/art\/wp-content\/uploads\/sites\/55\/2024\/05\/InShot_20240529_165312606-4-768x702.jpg 768w, https:\/\/www.service-public.pf\/art\/wp-content\/uploads\/sites\/55\/2024\/05\/InShot_20240529_165312606-4-800x731.jpg 800w, https:\/\/www.service-public.pf\/art\/wp-content\/uploads\/sites\/55\/2024\/05\/InShot_20240529_165312606-4-1024x936.jpg 1024w, https:\/\/www.service-public.pf\/art\/wp-content\/uploads\/sites\/55\/2024\/05\/InShot_20240529_165312606-4-1200x1097.jpg 1200w, https:\/\/www.service-public.pf\/art\/wp-content\/uploads\/sites\/55\/2024\/05\/InShot_20240529_165312606-4-1536x1404.jpg 1536w\" sizes=\"(max-width: 400px) 100vw, 400px\" \/><\/a>Sous l\u2019\u00e9gide de la Vice-pr\u00e9sidente, Ministre de la Culture, de l\u2019environnement, du foncier et de l\u2019artisanat, en charge des relations avec les Institutions, le Service de l\u2019artisanat traditionnel \u2013\u00a0<i>Te p\u016b \u2018ohipa rima\u2019\u012b\u00a0<\/i>organise la seconde \u00e9dition du Salon des arts de la maison \u2013\u00a0<i>T\u014d\u2019u fare au<\/i>\u00a0du 29 mai au 1er\u00a0juin 2024 au Hilton Hotel Tahiti \u00e0 Fa\u2019a\u2019\u0101.<\/p>\n<\/div>\n<div>\n<p>Apr\u00e8s une pri\u00e8re d\u2019ouverture\u00a0et le discours officiel\u00a0prononc\u00e9 par\u00a0\u00a0Mme Nahema Temarii, Ministre des Sports, de la Jeunesse et de la Pr\u00e9vention contre la d\u00e9linquance,\u00a0les officiels et les visiteurs ont \u00e9t\u00e9 accueillis par un chant sur un arrangement musical des paroles d\u2019Henri HIRO tir\u00e9es du po\u00e8me\u00a0<i>T\u014d\u2019u fare au<\/i>. Les agents du Conservatoire artistique de Polyn\u00e9sie fran\u00e7aise \u2013\u00a0<i>Te Fare upa rau\u00a0<\/i>ainsi que de la Maison de la Culture \u2013\u00a0<i>Te fare Tauhiti nui<\/i>\u00a0se sont joints au Service de l\u2019artisanat traditionnel \u2013\u00a0<i>Te P\u016b \u2018ohipa rima\u2019\u012b<\/i>, pour constituer une chorale de plus d\u2019une trentaine d\u2019artistes.\u00a0\u00a0L\u2019inauguration s\u2019est\u00a0 poursuivie par la visite des stands, en pr\u00e9sence notamment de M.\u00a0Ronny Teriipaia, Ministre de l\u2019\u00c9ducation et de l\u2019Enseignement sup\u00e9rieur\u00a0et de M. Bruno FLORES, 2<sup>e<\/sup> Vice-Pr\u00e9sident de l\u2019Assembl\u00e9e de la Polyn\u00e9sie fran\u00e7aise, ainsi que d\u2019un repr\u00e9sentant de la commune de Fa\u2019a\u2019\u0101. L\u2019\u00e9v\u00e9nement, qui s\u2019inscrit dans les festivit\u00e9s d\u00e9di\u00e9es aux 80e anniversaire du po\u00e8te, regroupe trente-trois (33) artisans traditionnels qui pr\u00e9sentent une exposition-vente vari\u00e9e et riche au travers de cr\u00e9ations originales et uniques.<\/p>\n<\/div>\n<p>Objets de d\u00e9coration et accessoires de maison en c\u00e9ramique, coquillages, noix de coco, os, <em>pae\u2019ore<\/em>, sculptures, gravures, <em>t\u012bfaifai<\/em>, linge de maison, art de la table, meubles en bois, pani\u00e8res, <em>p\u0113\u2019ue<\/em>, \u2018<em>\u016bmete<\/em>, ou encore petit mobilier, toutes les sp\u00e9cialit\u00e9s et mati\u00e8res seront mises en lumi\u00e8re sur ce salon, afin de le transformer en un rendez-vous \u00e9l\u00e9gant, chaleureux et 100 % artisanat traditionnel.<\/p>\n<p>Plusieurs animations ont \u00e9t\u00e9 pr\u00e9vues tout au long de l\u2019\u00e9v\u00e9nement\u00a0:<\/p>\n<ul>\n<li><strong>L\u2019espace <\/strong><strong><em>T\u014d\u2019u fare au,<\/em><\/strong> qui invite les visiteurs \u00e0 entrer dans une v\u00e9ritable maison, dans laquelle deux pi\u00e8ces seront agenc\u00e9es, une chambre et une salle \u00e0 manger d\u00e9cor\u00e9es avec les cr\u00e9ations des exposants;<\/li>\n<li><strong>Un concours de la plus belle table <\/strong>qui est organis\u00e9 avec les artisans, lesquels ont d\u00fb choisir parmi trois (3) th\u00e9matiques pour imaginer la d\u00e9coration d\u2019une table de six (6) couverts\u00a0: <em>Haere mai caf\u00e9, Te moana <\/em>et<em> \u2018\u0100reareara\u2019a<\/em>. La d\u00e9coration de chaque table est soumise au vote du public qui pourra voter pour sa table pr\u00e9f\u00e9r\u00e9e sur place uniquement ;<\/li>\n<\/ul>\n<p>Les votes seront ouverts jusqu\u2019au samedi 1<sup>er<\/sup> juin \u00e0 14 h, l\u2019\u00e9quipe qui aura remport\u00e9 le concours appara\u00eetra dans le num\u00e9ro du magazine <em>Maison du fenua<\/em> de juillet.<\/p>\n<ul>\n<li><strong>Un jeu visiteurs <\/strong>est \u00e9galement organis\u00e9 sur place durant l\u2019\u00e9v\u00e9nement et permettra au public de remporter un lot d\u2019une valeur de quarante mille francs Pacifique (40 000 F CFP). Les visiteurs qui auront vot\u00e9 pour leur table pr\u00e9f\u00e9r\u00e9e seront automatiquement inscrits pour le tirage au sort du jeu. Le gagnant sera annonc\u00e9 le samedi 1<sup>er<\/sup> juin \u00e0 14 h sur place ainsi que sur les pages <em>Facebook<\/em> et <em>Instagram<\/em> du service\u00a0;<\/li>\n<li><strong>Des ateliers d\u2019initiation \u00e0 l\u2019artisanat traditionnel <\/strong>\u00e0 destination du public sont organis\u00e9s tout au long du salon\u00a0: confection d\u2019une taie d\u2019oreiller cousue en <em>t\u012bfaifai<\/em>, gravure sur crayon d\u2019oursin, cr\u00e9ation d\u2019un attrape-r\u00eave d\u00e9cor\u00e9 de coquillages, r\u00e9alisation d\u2019un tableau de sable, <em>etc<\/em>.<\/li>\n<\/ul>\n<p>Pour participer aux ateliers, les int\u00e9ress\u00e9s devront s\u2019inscrire sur un formulaire en ligne g\u00e9r\u00e9 par le Service. Les tarifs vont de trois mille francs Pacifique (3 000 F CFP) \u00e0 cinq mille francs Pacifique (5 000 F CFP) selon les mati\u00e8res premi\u00e8res utilis\u00e9es et le temps consacr\u00e9 \u00e0 chaque cr\u00e9ation. Chaque atelier pourra accueillir entre cinq (5) \u00e0 dix (10) personnes.<\/p>\n<p>Les horaires d\u2019ouverture au public sont de 9 h \u00e0 18 h tous les jours.<\/p>\n<p>Le d\u00e9tail de l\u2019\u00e9v\u00e9nement est disponible sur le site <a href=\"http:\/\/www.artisanat.pf\">www.artisanat.pf<\/a> et sur les pages <em>Facebook<\/em> et <em>Instagram<\/em> du Service de l\u2019artisanat traditionnel.<\/p>\n","protected":false},"excerpt":{"rendered":"<p>Sous l\u2019\u00e9gide de la Vice-pr\u00e9sidente, Ministre de la Culture, de  [&#8230;]<\/p>\n","protected":false},"author":336,"featured_media":5793,"comment_status":"closed","ping_status":"closed","sticky":false,"template":"","format":"standard","meta":{"_seopress_robots_primary_cat":"none","_seopress_titles_title":"","_seopress_titles_desc":"","_seopress_robots_index":"","footnotes":""},"categories":[28,94,95],"tags":[],"class_list":["post-5790","post","type-post","status-publish","format-standard","has-post-thumbnail","hentry","category-a-la-lune","category-artisans","category-visiteurs"],"_links":{"self":[{"href":"https:\/\/www.service-public.pf\/art\/wp-json\/wp\/v2\/posts\/5790","targetHints":{"allow":["GET"]}}],"collection":[{"href":"https:\/\/www.service-public.pf\/art\/wp-json\/wp\/v2\/posts"}],"about":[{"href":"https:\/\/www.service-public.pf\/art\/wp-json\/wp\/v2\/types\/post"}],"author":[{"embeddable":true,"href":"https:\/\/www.service-public.pf\/art\/wp-json\/wp\/v2\/users\/336"}],"replies":[{"embeddable":true,"href":"https:\/\/www.service-public.pf\/art\/wp-json\/wp\/v2\/comments?post=5790"}],"version-history":[{"count":0,"href":"https:\/\/www.service-public.pf\/art\/wp-json\/wp\/v2\/posts\/5790\/revisions"}],"wp:featuredmedia":[{"embeddable":true,"href":"https:\/\/www.service-public.pf\/art\/wp-json\/wp\/v2\/media\/5793"}],"wp:attachment":[{"href":"https:\/\/www.service-public.pf\/art\/wp-json\/wp\/v2\/media?parent=5790"}],"wp:term":[{"taxonomy":"category","embeddable":true,"href":"https:\/\/www.service-public.pf\/art\/wp-json\/wp\/v2\/categories?post=5790"},{"taxonomy":"post_tag","embeddable":true,"href":"https:\/\/www.service-public.pf\/art\/wp-json\/wp\/v2\/tags?post=5790"}],"curies":[{"name":"wp","href":"https:\/\/api.w.org\/{rel}","templated":true}]}}