{"id":6119,"date":"2024-07-08T16:46:17","date_gmt":"2024-07-09T02:46:17","guid":{"rendered":"https:\/\/www.service-public.pf\/art\/?p=6119"},"modified":"2024-07-08T16:46:17","modified_gmt":"2024-07-09T02:46:17","slug":"le-hiroa-du-mois-de-juillet-est-disponible","status":"publish","type":"post","link":"https:\/\/www.service-public.pf\/art\/le-hiroa-du-mois-de-juillet-est-disponible\/","title":{"rendered":"Le Hiro&rsquo;a du mois de juillet est disponible"},"content":{"rendered":"<div><span style=\"font-size: 12pt;color: #99cc00\"><strong>D\u00e9couvrez le Hiro&rsquo;a !<img decoding=\"async\" class=\" wp-image-6122 alignright\" src=\"https:\/\/www.service-public.pf\/art\/wp-content\/uploads\/sites\/55\/2024\/07\/Hiroa-N\u00b0199-juillet-couv_page-0001-177x300.jpg\" alt=\"\" width=\"226\" height=\"383\" srcset=\"https:\/\/www.service-public.pf\/art\/wp-content\/uploads\/sites\/55\/2024\/07\/Hiroa-N\u00b0199-juillet-couv_page-0001-66x112.jpg 66w, https:\/\/www.service-public.pf\/art\/wp-content\/uploads\/sites\/55\/2024\/07\/Hiroa-N\u00b0199-juillet-couv_page-0001-177x300.jpg 177w, https:\/\/www.service-public.pf\/art\/wp-content\/uploads\/sites\/55\/2024\/07\/Hiroa-N\u00b0199-juillet-couv_page-0001-200x339.jpg 200w, https:\/\/www.service-public.pf\/art\/wp-content\/uploads\/sites\/55\/2024\/07\/Hiroa-N\u00b0199-juillet-couv_page-0001-300x509.jpg 300w, https:\/\/www.service-public.pf\/art\/wp-content\/uploads\/sites\/55\/2024\/07\/Hiroa-N\u00b0199-juillet-couv_page-0001-320x543.jpg 320w, https:\/\/www.service-public.pf\/art\/wp-content\/uploads\/sites\/55\/2024\/07\/Hiroa-N\u00b0199-juillet-couv_page-0001-400x679.jpg 400w, https:\/\/www.service-public.pf\/art\/wp-content\/uploads\/sites\/55\/2024\/07\/Hiroa-N\u00b0199-juillet-couv_page-0001-460x781.jpg 460w, https:\/\/www.service-public.pf\/art\/wp-content\/uploads\/sites\/55\/2024\/07\/Hiroa-N\u00b0199-juillet-couv_page-0001-540x917.jpg 540w, https:\/\/www.service-public.pf\/art\/wp-content\/uploads\/sites\/55\/2024\/07\/Hiroa-N\u00b0199-juillet-couv_page-0001-600x1018.jpg 600w, https:\/\/www.service-public.pf\/art\/wp-content\/uploads\/sites\/55\/2024\/07\/Hiroa-N\u00b0199-juillet-couv_page-0001-603x1024.jpg 603w, https:\/\/www.service-public.pf\/art\/wp-content\/uploads\/sites\/55\/2024\/07\/Hiroa-N\u00b0199-juillet-couv_page-0001-669x1135.jpg 669w, https:\/\/www.service-public.pf\/art\/wp-content\/uploads\/sites\/55\/2024\/07\/Hiroa-N\u00b0199-juillet-couv_page-0001-700x1188.jpg 700w, https:\/\/www.service-public.pf\/art\/wp-content\/uploads\/sites\/55\/2024\/07\/Hiroa-N\u00b0199-juillet-couv_page-0001-768x1304.jpg 768w, https:\/\/www.service-public.pf\/art\/wp-content\/uploads\/sites\/55\/2024\/07\/Hiroa-N\u00b0199-juillet-couv_page-0001-800x1358.jpg 800w, https:\/\/www.service-public.pf\/art\/wp-content\/uploads\/sites\/55\/2024\/07\/Hiroa-N\u00b0199-juillet-couv_page-0001-905x1536.jpg 905w, https:\/\/www.service-public.pf\/art\/wp-content\/uploads\/sites\/55\/2024\/07\/Hiroa-N\u00b0199-juillet-couv_page-0001-940x1595.jpg 940w, https:\/\/www.service-public.pf\/art\/wp-content\/uploads\/sites\/55\/2024\/07\/Hiroa-N\u00b0199-juillet-couv_page-0001.jpg 1034w\" sizes=\"(max-width: 226px) 100vw, 226px\" \/><\/strong><\/span><\/p>\n<p style=\"padding-left: 40px\">Il s&rsquo;agit d&rsquo;un bulletin d\u2019informations culturelles mensuel r\u00e9alis\u00e9 en collaboration par sept services et \u00e9tablissements publics du Pays : la Direction de la Culture et du Patrimoine, le Service de l\u2019Artisanat traditionnel, la Maison de la Culture, le Mus\u00e9e de Tahiti et des \u00eeles, le Conservatoire Artistique de la Polyn\u00e9sie fran\u00e7aise, le Centre des M\u00e9tiers d\u2019Art de la Polyn\u00e9sie fran\u00e7aise et le Service du Patrimoine Archivistique Audiovisuel.<\/p>\n<p style=\"padding-left: 40px\"><em>Son objectif principal:\u00a0 <\/em><\/p>\n<p style=\"padding-left: 40px\">Recueillir et diffuser les actualit\u00e9s ainsi que les temps forts du secteur, orchestr\u00e9s par les divers partenaires institutionnels. Cela se fait \u00e0 travers la couverture d\u2019\u00e9v\u00e9nements, de portraits, d\u2019objets, de savoir-faire, de lieux, d\u2019\u0153uvres d\u2019art, de la langue et des personnes qui s&rsquo;impliquent activement dans la pr\u00e9servation et la promotion de la culture polyn\u00e9sienne.<\/p>\n<p><span style=\"color: #99cc00;font-size: 12pt\"><strong>Que vous r\u00e9serve le num\u00e9ro de juillet ?<\/strong><\/span><\/p>\n<p style=\"padding-left: 40px\">Une s\u00e9lection d\u2019articles mettant en lumi\u00e8re le secteur de l\u2019artisanat traditionnel, vous est propos\u00e9, parmi lesquels :<\/p>\n<p style=\"padding-left: 40px\"><em>Rubriques:<\/em><\/p>\n<ul>\n<li style=\"list-style-type: none\">\n<ul style=\"list-style-type: square\">\n<li><strong>Un visage, des savoirs <\/strong>: Heremoana BUCIN, un touche-\u00e0-tout plein de talent<\/li>\n<li><strong>Actu:<\/strong> Juillet au rythme du Heiva i Tahiti dans lequel il y a un focus sur le Heiva Rima&rsquo;\u012b<\/li>\n<li><strong>Retour sur : <\/strong>Le salon des arts de la maison et le salon des Marquises<strong><br \/>\n<\/strong><\/li>\n<\/ul>\n<\/li>\n<\/ul>\n<\/div>\n<p><span style=\"color: #dbac1f\"><strong><a style=\"color: #dbac1f\" href=\"https:\/\/www.service-public.pf\/art\/wp-content\/uploads\/sites\/55\/2024\/07\/Hiroa-N\u00b0199-juillet-web.pdf\" rel=\"attachment wp-att-5896\"><span style=\"color: #ff99cc\">T\u00e9l\u00e9chargez le dernier num\u00e9ro<\/span><\/a><\/strong><\/span><\/p>\n<p>&nbsp;<\/p>\n<p><span style=\"color: #dbac1f\">\u00a0<\/span><\/p>\n<div>\n<p>&nbsp;<\/p>\n<p>&nbsp;<\/p>\n<p>&nbsp;<\/p>\n<\/div>\n<p>&nbsp;<\/p>\n<p>&nbsp;<\/p>\n","protected":false},"excerpt":{"rendered":"<p>D\u00e9couvrez le Hiro&rsquo;a ! Il s&rsquo;agit d&rsquo;un bulletin d\u2019informations culturelles  [&#8230;]<\/p>\n","protected":false},"author":280,"featured_media":6121,"comment_status":"closed","ping_status":"closed","sticky":false,"template":"","format":"standard","meta":{"_seopress_robots_primary_cat":"none","_seopress_titles_title":"","_seopress_titles_desc":"","_seopress_robots_index":"","footnotes":""},"categories":[28,94,95],"tags":[],"class_list":["post-6119","post","type-post","status-publish","format-standard","has-post-thumbnail","hentry","category-a-la-lune","category-artisans","category-visiteurs"],"_links":{"self":[{"href":"https:\/\/www.service-public.pf\/art\/wp-json\/wp\/v2\/posts\/6119","targetHints":{"allow":["GET"]}}],"collection":[{"href":"https:\/\/www.service-public.pf\/art\/wp-json\/wp\/v2\/posts"}],"about":[{"href":"https:\/\/www.service-public.pf\/art\/wp-json\/wp\/v2\/types\/post"}],"author":[{"embeddable":true,"href":"https:\/\/www.service-public.pf\/art\/wp-json\/wp\/v2\/users\/280"}],"replies":[{"embeddable":true,"href":"https:\/\/www.service-public.pf\/art\/wp-json\/wp\/v2\/comments?post=6119"}],"version-history":[{"count":0,"href":"https:\/\/www.service-public.pf\/art\/wp-json\/wp\/v2\/posts\/6119\/revisions"}],"wp:featuredmedia":[{"embeddable":true,"href":"https:\/\/www.service-public.pf\/art\/wp-json\/wp\/v2\/media\/6121"}],"wp:attachment":[{"href":"https:\/\/www.service-public.pf\/art\/wp-json\/wp\/v2\/media?parent=6119"}],"wp:term":[{"taxonomy":"category","embeddable":true,"href":"https:\/\/www.service-public.pf\/art\/wp-json\/wp\/v2\/categories?post=6119"},{"taxonomy":"post_tag","embeddable":true,"href":"https:\/\/www.service-public.pf\/art\/wp-json\/wp\/v2\/tags?post=6119"}],"curies":[{"name":"wp","href":"https:\/\/api.w.org\/{rel}","templated":true}]}}