{"id":7156,"date":"2025-07-10T14:23:24","date_gmt":"2025-07-11T00:23:24","guid":{"rendered":"https:\/\/www.service-public.pf\/art\/?p=7156"},"modified":"2025-07-18T14:12:33","modified_gmt":"2025-07-19T00:12:33","slug":"les-ateliers-creatifs-de-lartisanat-du-24-juillet-au-02-aout-2025","status":"publish","type":"post","link":"https:\/\/www.service-public.pf\/art\/les-ateliers-creatifs-de-lartisanat-du-24-juillet-au-02-aout-2025\/","title":{"rendered":"Les Ateliers Cr\u00e9atifs de l&rsquo;Artisanat, du 24 juillet au 02 ao\u00fbt 2025"},"content":{"rendered":"<p><img decoding=\"async\" class=\" wp-image-7158 alignleft\" src=\"https:\/\/www.service-public.pf\/art\/wp-content\/uploads\/sites\/55\/2025\/07\/FB-1200px-Ateliers-creatifs-de-lArtisana-V2-scaled.jpg\" alt=\"\" width=\"348\" height=\"348\" srcset=\"https:\/\/www.service-public.pf\/art\/wp-content\/uploads\/sites\/55\/2025\/07\/FB-1200px-Ateliers-creatifs-de-lArtisana-V2-66x66.jpg 66w, https:\/\/www.service-public.pf\/art\/wp-content\/uploads\/sites\/55\/2025\/07\/FB-1200px-Ateliers-creatifs-de-lArtisana-V2-150x150.jpg 150w, https:\/\/www.service-public.pf\/art\/wp-content\/uploads\/sites\/55\/2025\/07\/FB-1200px-Ateliers-creatifs-de-lArtisana-V2-200x200.jpg 200w, https:\/\/www.service-public.pf\/art\/wp-content\/uploads\/sites\/55\/2025\/07\/FB-1200px-Ateliers-creatifs-de-lArtisana-V2-300x300.jpg 300w, https:\/\/www.service-public.pf\/art\/wp-content\/uploads\/sites\/55\/2025\/07\/FB-1200px-Ateliers-creatifs-de-lArtisana-V2-400x400.jpg 400w, https:\/\/www.service-public.pf\/art\/wp-content\/uploads\/sites\/55\/2025\/07\/FB-1200px-Ateliers-creatifs-de-lArtisana-V2-600x600.jpg 600w, https:\/\/www.service-public.pf\/art\/wp-content\/uploads\/sites\/55\/2025\/07\/FB-1200px-Ateliers-creatifs-de-lArtisana-V2-768x768.jpg 768w, https:\/\/www.service-public.pf\/art\/wp-content\/uploads\/sites\/55\/2025\/07\/FB-1200px-Ateliers-creatifs-de-lArtisana-V2-800x800.jpg 800w, https:\/\/www.service-public.pf\/art\/wp-content\/uploads\/sites\/55\/2025\/07\/FB-1200px-Ateliers-creatifs-de-lArtisana-V2-1024x1024.jpg 1024w, https:\/\/www.service-public.pf\/art\/wp-content\/uploads\/sites\/55\/2025\/07\/FB-1200px-Ateliers-creatifs-de-lArtisana-V2-1200x1200.jpg 1200w, https:\/\/www.service-public.pf\/art\/wp-content\/uploads\/sites\/55\/2025\/07\/FB-1200px-Ateliers-creatifs-de-lArtisana-V2-1536x1536.jpg 1536w, https:\/\/www.service-public.pf\/art\/wp-content\/uploads\/sites\/55\/2025\/07\/FB-1200px-Ateliers-creatifs-de-lArtisana-V2-scaled.jpg 2560w\" sizes=\"(max-width: 348px) 100vw, 348px\" \/><\/p>\n<h3 class=\"sr-only\">Ateliers cr\u00e9atifs \u00ab T\u0101&rsquo;ai n\u0101 te mau motu \u00bb : un voyage artisanal au c\u0153ur des \u00eeles<\/h3>\n<p data-start=\"275\" data-end=\"561\">Le <strong data-start=\"375\" data-end=\"436\">Service de l\u2019artisanat traditionnel \u2013 Te P\u016b \u2018ohipa rima\u2019\u012b<\/strong> vous invite \u00e0 participer \u00e0 la 5e \u00e9dition de ses <strong data-start=\"485\" data-end=\"506\">ateliers cr\u00e9atifs<\/strong>, organis\u00e9s pendant les vacances de juillet-ao\u00fbt 2025 ! Ouvert \u00e0 tous, pour apprendre seul.e ou accompagn\u00e9.e, cette p\u00e9riode de vacances d&rsquo;\u00e9t\u00e9 est id\u00e9ale pour ceux qui souhaitent participer aux ateliers en famille aussi.<\/p>\n<p data-start=\"563\" data-end=\"594\"><strong data-start=\"566\" data-end=\"592\">Deux sessions sont disponibles<\/strong> :<\/p>\n<p>&#8211; du <strong>jeudi<\/strong> <strong data-start=\"600\" data-end=\"620\">24 au samedi 26 juillet<\/strong><\/p>\n<p data-start=\"623\" data-end=\"653\">&#8211; ou du <strong>jeudi 31 juillet au samedi 02 ao\u00fbt<\/strong><\/p>\n<p data-start=\"655\" data-end=\"857\">Le th\u00e8me de cette ann\u00e9e <strong data-start=\"679\" data-end=\"736\">\u00ab T\u0101&rsquo;ai n\u0101 te mau motu \u2013 Le voyage au c\u0153ur des \u00eeles \u00bb<\/strong> vous propose un v\u00e9ritable tour des archipels \u00e0 travers diff\u00e9rents savoir-faire artisanaux.<\/p>\n<h3><\/h3>\n<h3>Des activit\u00e9s pour tous les \u00e2ges et tous les niveaux<\/h3>\n<p data-start=\"914\" data-end=\"1233\">Petits et grands sont les bienvenus ! Pendant ces trois jours d\u2019ateliers, vous aurez l\u2019occasion de d\u00e9couvrir ou red\u00e9couvrir une grande vari\u00e9t\u00e9 de techniques artisanales polyn\u00e9siennes. Selon l\u2019objet \u00e0 r\u00e9aliser, les ateliers dureront entre <strong data-start=\"1152\" data-end=\"1164\">1h et 3h<\/strong>, dans une ambiance conviviale et guid\u00e9e par des artisans passionn\u00e9s.<\/p>\n<p><strong>Au programme :<\/strong><\/p>\n<ul>\n<li>Couronnes de fleurs fra\u00eeches<\/li>\n<li>Bijoux en coquillages<\/li>\n<li>Marques-pages en tapa<\/li>\n<li>Vannerie traditionnelle<\/li>\n<li>Teinture de p\u0101reu<\/li>\n<li>Couture d\u2019un t\u012bfaifai<\/li>\n<li>Accessoires fleuris pour les cheveux<br data-start=\"1486\" data-end=\"1489\" \/><strong>&#8230;et bien d&rsquo;autres surprises artisanales !<\/strong><\/li>\n<\/ul>\n<p data-start=\"1534\" data-end=\"1806\"><strong data-start=\"1536\" data-end=\"1572\">Les samedis 26 juillet et 2 ao\u00fbt<\/strong>, place \u00e0 la famille ! Des ateliers sp\u00e9cialement pens\u00e9s pour les enfants seront propos\u00e9s, parfaits pour partager un moment cr\u00e9atif entre parents et enfants !<\/p>\n<h3 data-start=\"1813\" data-end=\"1846\">Un voyage au c\u0153ur des \u00eeles<\/h3>\n<p data-start=\"1848\" data-end=\"2128\">Chaque atelier sera aussi l\u2019occasion d\u2019en apprendre un peu plus sur l\u2019identit\u00e9 culturelle de chaque archipel. Les artisans partageront avec vous les gestes, les mat\u00e9riaux et les r\u00e9cits issus de leur \u00eele d\u2019origine. Une immersion unique dans la richesse du patrimoine artisanal polyn\u00e9sien.<\/p>\n<h3 data-start=\"2135\" data-end=\"2162\">Comment participer ?<\/h3>\n<p data-start=\"2164\" data-end=\"2288\">Les places sont limit\u00e9es, <strong data-start=\"2190\" data-end=\"2223\">l\u2019inscription se fera obligatoirement via formulaire ci-apr\u00e8s<\/strong> : \ud83d\udc49<span style=\"color: #3366ff\"> <a style=\"color: #3366ff\" href=\"https:\/\/forms.gle\/KS9vTorj1aFh3SbU9\"><strong data-start=\"2230\" data-end=\"2288\">Formulaire d&rsquo;inscription<\/strong><\/a><\/span><\/p>\n<p data-start=\"2164\" data-end=\"2288\"><strong>T\u00e9l\u00e9chargez le<\/strong><strong data-start=\"2586\" data-end=\"2615\"> programme complet<\/strong><strong> \ud83d\udc49 <\/strong><span style=\"color: #3366ff\"><a style=\"color: #3366ff\" href=\"https:\/\/www.service-public.pf\/art\/wp-content\/uploads\/sites\/55\/2025\/07\/Programme-Ateliers-creatifs-2025-externe.pdf\"><strong data-start=\"2652\" data-end=\"2699\">ICI<\/strong><\/a><\/span><br data-start=\"2699\" data-end=\"2702\" \/>Et suivez les coulisses de l\u2019\u00e9v\u00e9nement sur <span style=\"color: #3366ff\"><a style=\"color: #3366ff\" href=\"https:\/\/www.facebook.com\/artisanat.pf\/\"><strong data-start=\"2745\" data-end=\"2757\">Facebook<\/strong><\/a><\/span> &amp; <a href=\"https:\/\/www.instagram.com\/artisanat.pf\/\"><strong data-start=\"2760\" data-end=\"2773\"><span style=\"color: #3366ff\">Instagram<\/span><\/strong><\/a> \u2192 <em data-start=\"2776\" data-end=\"2813\">Service de l\u2019artisanat traditionnel<\/em><\/p>\n<p data-start=\"2583\" data-end=\"2813\">Ne manquez pas cette belle opportunit\u00e9 de <strong data-start=\"2332\" data-end=\"2354\">cr\u00e9er de vos mains<\/strong>, d\u2019<strong data-start=\"2358\" data-end=\"2403\">apprendre aux c\u00f4t\u00e9s d\u2019artisans passionn\u00e9s<\/strong>, et de <strong data-start=\"2411\" data-end=\"2441\">voyager \u00e0 travers les \u00eeles<\/strong>, sans quitter Tahiti !<\/p>\n<hr data-start=\"2815\" data-end=\"2818\" \/>\n<h3 style=\"text-align: center\">\ud83d\udccd Maison de la Culture<br \/>\n\ud83d\uddd3\ufe0f Du 24 au 26 juillet et du 31 juillet au 02 ao\u00fbt 2025<br \/>\n\ud83d\udd57 Ateliers aux horaires pr\u00e9cis \u2013 Inscription en ligne obligatoire<\/h3>\n","protected":false},"excerpt":{"rendered":"<p>Ateliers cr\u00e9atifs \u00ab T\u0101&rsquo;ai n\u0101 te mau motu \u00bb :  [&#8230;]<\/p>\n","protected":false},"author":389,"featured_media":7158,"comment_status":"closed","ping_status":"closed","sticky":false,"template":"","format":"standard","meta":{"_seopress_robots_primary_cat":"none","_seopress_titles_title":"","_seopress_titles_desc":"","_seopress_robots_index":"","footnotes":""},"categories":[28,95],"tags":[],"class_list":["post-7156","post","type-post","status-publish","format-standard","has-post-thumbnail","hentry","category-a-la-lune","category-visiteurs"],"_links":{"self":[{"href":"https:\/\/www.service-public.pf\/art\/wp-json\/wp\/v2\/posts\/7156","targetHints":{"allow":["GET"]}}],"collection":[{"href":"https:\/\/www.service-public.pf\/art\/wp-json\/wp\/v2\/posts"}],"about":[{"href":"https:\/\/www.service-public.pf\/art\/wp-json\/wp\/v2\/types\/post"}],"author":[{"embeddable":true,"href":"https:\/\/www.service-public.pf\/art\/wp-json\/wp\/v2\/users\/389"}],"replies":[{"embeddable":true,"href":"https:\/\/www.service-public.pf\/art\/wp-json\/wp\/v2\/comments?post=7156"}],"version-history":[{"count":11,"href":"https:\/\/www.service-public.pf\/art\/wp-json\/wp\/v2\/posts\/7156\/revisions"}],"predecessor-version":[{"id":7190,"href":"https:\/\/www.service-public.pf\/art\/wp-json\/wp\/v2\/posts\/7156\/revisions\/7190"}],"wp:featuredmedia":[{"embeddable":true,"href":"https:\/\/www.service-public.pf\/art\/wp-json\/wp\/v2\/media\/7158"}],"wp:attachment":[{"href":"https:\/\/www.service-public.pf\/art\/wp-json\/wp\/v2\/media?parent=7156"}],"wp:term":[{"taxonomy":"category","embeddable":true,"href":"https:\/\/www.service-public.pf\/art\/wp-json\/wp\/v2\/categories?post=7156"},{"taxonomy":"post_tag","embeddable":true,"href":"https:\/\/www.service-public.pf\/art\/wp-json\/wp\/v2\/tags?post=7156"}],"curies":[{"name":"wp","href":"https:\/\/api.w.org\/{rel}","templated":true}]}}