{"id":7303,"date":"2025-08-22T17:03:30","date_gmt":"2025-08-23T03:03:30","guid":{"rendered":"https:\/\/www.service-public.pf\/art\/?p=7303"},"modified":"2025-08-28T09:32:03","modified_gmt":"2025-08-28T19:32:03","slug":"le-4e-salon-des-jeunes-artisans-createurs-cest-du-3-au-6-septembre-au-hilton","status":"publish","type":"post","link":"https:\/\/www.service-public.pf\/art\/le-4e-salon-des-jeunes-artisans-createurs-cest-du-3-au-6-septembre-au-hilton\/","title":{"rendered":"Le 4e salon des jeunes artisans cr\u00e9ateurs, c&rsquo;est du 3 au 6 septembre au Hilton"},"content":{"rendered":"<p><div class=\"fusion-fullwidth fullwidth-box fusion-builder-row-1 fusion-flex-container has-pattern-background has-mask-background nonhundred-percent-fullwidth non-hundred-percent-height-scrolling\" style=\"--awb-border-radius-top-left:0px;--awb-border-radius-top-right:0px;--awb-border-radius-bottom-right:0px;--awb-border-radius-bottom-left:0px;--awb-flex-wrap:wrap;\" ><div class=\"fusion-builder-row fusion-row fusion-flex-align-items-flex-start fusion-flex-content-wrap\" style=\"max-width:104%;margin-left: calc(-4% \/ 2 );margin-right: calc(-4% \/ 2 );\"><div class=\"fusion-layout-column fusion_builder_column fusion-builder-column-0 fusion_builder_column_1_1 1_1 fusion-flex-column\" style=\"--awb-bg-size:cover;--awb-width-large:100%;--awb-margin-top-large:0px;--awb-spacing-right-large:1.92%;--awb-margin-bottom-large:20px;--awb-spacing-left-large:1.92%;--awb-width-medium:100%;--awb-order-medium:0;--awb-spacing-right-medium:1.92%;--awb-spacing-left-medium:1.92%;--awb-width-small:100%;--awb-order-small:0;--awb-spacing-right-small:1.92%;--awb-spacing-left-small:1.92%;\"><div class=\"fusion-column-wrapper fusion-column-has-shadow fusion-flex-justify-content-flex-start fusion-content-layout-column\"><div class=\"fusion-text fusion-text-1\"><p><img decoding=\"async\" class=\"size-medium wp-image-7390 alignright\" src=\"https:\/\/www.service-public.pf\/art\/wp-content\/uploads\/sites\/55\/2025\/08\/AF-salon-Jeunes-Artisans-createurs-2025-FR-OFFICIEL-201x300.jpg\" alt=\"\" width=\"201\" height=\"300\" srcset=\"https:\/\/www.service-public.pf\/art\/wp-content\/uploads\/sites\/55\/2025\/08\/AF-salon-Jeunes-Artisans-createurs-2025-FR-OFFICIEL-200x298.jpg 200w, https:\/\/www.service-public.pf\/art\/wp-content\/uploads\/sites\/55\/2025\/08\/AF-salon-Jeunes-Artisans-createurs-2025-FR-OFFICIEL-201x300.jpg 201w, https:\/\/www.service-public.pf\/art\/wp-content\/uploads\/sites\/55\/2025\/08\/AF-salon-Jeunes-Artisans-createurs-2025-FR-OFFICIEL-400x596.jpg 400w, https:\/\/www.service-public.pf\/art\/wp-content\/uploads\/sites\/55\/2025\/08\/AF-salon-Jeunes-Artisans-createurs-2025-FR-OFFICIEL-600x894.jpg 600w, https:\/\/www.service-public.pf\/art\/wp-content\/uploads\/sites\/55\/2025\/08\/AF-salon-Jeunes-Artisans-createurs-2025-FR-OFFICIEL-688x1024.jpg 688w, https:\/\/www.service-public.pf\/art\/wp-content\/uploads\/sites\/55\/2025\/08\/AF-salon-Jeunes-Artisans-createurs-2025-FR-OFFICIEL-768x1144.jpg 768w, https:\/\/www.service-public.pf\/art\/wp-content\/uploads\/sites\/55\/2025\/08\/AF-salon-Jeunes-Artisans-createurs-2025-FR-OFFICIEL-800x1192.jpg 800w, https:\/\/www.service-public.pf\/art\/wp-content\/uploads\/sites\/55\/2025\/08\/AF-salon-Jeunes-Artisans-createurs-2025-FR-OFFICIEL-1031x1536.jpg 1031w, https:\/\/www.service-public.pf\/art\/wp-content\/uploads\/sites\/55\/2025\/08\/AF-salon-Jeunes-Artisans-createurs-2025-FR-OFFICIEL-1200x1787.jpg 1200w, https:\/\/www.service-public.pf\/art\/wp-content\/uploads\/sites\/55\/2025\/08\/AF-salon-Jeunes-Artisans-createurs-2025-FR-OFFICIEL-1375x2048.jpg 1375w, https:\/\/www.service-public.pf\/art\/wp-content\/uploads\/sites\/55\/2025\/08\/AF-salon-Jeunes-Artisans-createurs-2025-FR-OFFICIEL-scaled.jpg 1719w\" sizes=\"(max-width: 201px) 100vw, 201px\" \/>Sous l\u2019\u00e9gide du Minist\u00e8re des Sports, de la Jeunesse, de la Pr\u00e9vention contre la d\u00e9linquance, en charge de l\u2019Artisanat,\u00a0le Service de l\u2019artisanat traditionnel organise la 4<sup>e<\/sup> \u00e9dition du Salon des jeunes artisans cr\u00e9ateurs. L\u2019\u00e9v\u00e9nement se tiendra du <strong>3 au 6 septembre 2025<\/strong>, dans la salle de r\u00e9ception du Hilton Hotel Tahiti de Fa\u2019a\u2019a.<\/p>\n<p>L\u2019objectif de cet \u00e9v\u00e9nement, organis\u00e9 depuis 2019, est avant tout de mettre en lumi\u00e8re les talents \u00e9mergents du secteur, de valoriser l\u2019image de l\u2019artisanat traditionnel aupr\u00e8s de la jeunesse polyn\u00e9sienne et de dynamiser le secteur, tout en encourageant la transmission des savoir-faire traditionnels.<\/p>\n<p>24 candidats ont \u00e9t\u00e9 retenus suite \u00e0 l&rsquo;appel \u00e0 candidatures. Apr\u00e8s trois d\u00e9sistements, c\u2019est une promotion de <strong>21 artisans traditionnels<\/strong> que nous avons le plaisir d\u2019accompagner pour cette \u00e9dition. Ils sont r\u00e9partis dans les quatre cat\u00e9gories suivantes :<\/p>\n<ul>\n<li>8 artisans en cat\u00e9gorie \u00ab Sculpture-gravure \u00bb ;<\/li>\n<li>6 artisans en cat\u00e9gorie \u00ab Bijouterie traditionnelle \u00bb ;<\/li>\n<li>5 artisans en cat\u00e9gorie \u00ab \u00c9toffe \u00bb ;<\/li>\n<li>2 artisans en cat\u00e9gorie \u00ab Vannerie \u00bb.<\/li>\n<\/ul>\n<p>Parmi eux, 5 artisans viennent de Fatu Iva (Marquises), Raiatea, Rimatara et Rurutu (Australes).<\/p>\n<\/div><\/div><\/div><\/div><\/div><div class=\"fusion-fullwidth fullwidth-box fusion-builder-row-2 fusion-flex-container has-pattern-background has-mask-background nonhundred-percent-fullwidth non-hundred-percent-height-scrolling\" style=\"--awb-border-radius-top-left:0px;--awb-border-radius-top-right:0px;--awb-border-radius-bottom-right:0px;--awb-border-radius-bottom-left:0px;--awb-flex-wrap:wrap;\" ><div class=\"fusion-builder-row fusion-row fusion-flex-align-items-flex-start fusion-flex-content-wrap\" style=\"max-width:104%;margin-left: calc(-4% \/ 2 );margin-right: calc(-4% \/ 2 );\"><div class=\"fusion-layout-column fusion_builder_column fusion-builder-column-1 fusion_builder_column_1_1 1_1 fusion-flex-column\" style=\"--awb-bg-size:cover;--awb-width-large:100%;--awb-margin-top-large:0px;--awb-spacing-right-large:1.92%;--awb-margin-bottom-large:20px;--awb-spacing-left-large:1.92%;--awb-width-medium:100%;--awb-order-medium:0;--awb-spacing-right-medium:1.92%;--awb-spacing-left-medium:1.92%;--awb-width-small:100%;--awb-order-small:0;--awb-spacing-right-small:1.92%;--awb-spacing-left-small:1.92%;\"><div class=\"fusion-column-wrapper fusion-column-has-shadow fusion-flex-justify-content-flex-start fusion-content-layout-column\"><div class=\"fusion-title title fusion-title-1 fusion-title-center fusion-title-text fusion-title-size-three\" style=\"--awb-margin-top-small:10px;--awb-margin-right-small:0px;--awb-margin-bottom-small:10px;--awb-margin-left-small:0px;--awb-sep-color:#c1c1c1;\"><div class=\"title-sep-container title-sep-container-left\"><div class=\"title-sep sep-double sep-solid\" style=\"border-color:#c1c1c1;\"><\/div><\/div><span class=\"awb-title-spacer\"><\/span><h3 class=\"fusion-title-heading title-heading-center\" style=\"margin:0;\"><h4 style=\"text-align: center\"><span style=\"color: #993300\"><strong>LE PROGRAMME <\/strong><strong>&amp; LES ANIMATIONS<\/strong><\/span><\/h4><\/h3><span class=\"awb-title-spacer\"><\/span><div class=\"title-sep-container title-sep-container-right\"><div class=\"title-sep sep-double sep-solid\" style=\"border-color:#c1c1c1;\"><\/div><\/div><\/div><\/div><\/div><\/div><\/div><div class=\"fusion-fullwidth fullwidth-box fusion-builder-row-3 fusion-flex-container has-pattern-background has-mask-background nonhundred-percent-fullwidth non-hundred-percent-height-scrolling\" style=\"--awb-border-radius-top-left:0px;--awb-border-radius-top-right:0px;--awb-border-radius-bottom-right:0px;--awb-border-radius-bottom-left:0px;--awb-flex-wrap:wrap;\" ><div class=\"fusion-builder-row fusion-row fusion-flex-align-items-flex-start fusion-flex-content-wrap\" style=\"max-width:104%;margin-left: calc(-4% \/ 2 );margin-right: calc(-4% \/ 2 );\"><div class=\"fusion-layout-column fusion_builder_column fusion-builder-column-2 fusion_builder_column_1_2 1_2 fusion-flex-column\" style=\"--awb-bg-size:cover;--awb-width-large:50%;--awb-margin-top-large:0px;--awb-spacing-right-large:3.84%;--awb-margin-bottom-large:20px;--awb-spacing-left-large:3.84%;--awb-width-medium:50%;--awb-order-medium:0;--awb-spacing-right-medium:3.84%;--awb-spacing-left-medium:3.84%;--awb-width-small:100%;--awb-order-small:0;--awb-spacing-right-small:1.92%;--awb-spacing-left-small:1.92%;\"><div class=\"fusion-column-wrapper fusion-column-has-shadow fusion-flex-justify-content-flex-start fusion-content-layout-column\"><div class=\"fusion-image-carousel fusion-image-carousel-auto fusion-image-carousel-1\"><div class=\"awb-carousel awb-swiper awb-swiper-carousel awb-carousel--carousel awb-swiper-dots-position-bottom\" data-layout=\"carousel\" data-autoplay=\"no\" data-autoplayspeed=\"2500\" data-autoplaypause=\"no\" data-loop=\"yes\" data-columns=\"2.0\" data-columnsmedium=\"1\" data-columnssmall=\"1\" data-itemmargin=\"13\" data-itemwidth=\"180\" data-touchscroll=\"no\" data-freemode=\"no\" data-imagesize=\"auto\" data-scrollitems=\"0\" data-centeredslides=\"no\" data-rotationangle=\"50\" data-depth=\"100\" data-speed=\"500\" data-shadow=\"no\" data-pagination=\"bullets\" style=\"--awb-columns:2.0;--awb-dots-align:center;\"><div class=\"swiper-wrapper awb-image-carousel-wrapper fusion-flex-align-items-center\"><div class=\"swiper-slide\"><div class=\"fusion-carousel-item-wrapper\"><div class=\"fusion-image-wrapper hover-type-zoomin\"><a href=\"https:\/\/www.service-public.pf\/art\/wp-content\/uploads\/sites\/55\/2025\/08\/DEP-A4-4e-salon-Jeunes-Artisans-createurs-20252.jpg\" target=\"_blank\" rel=\"noopener noreferrer\"><img decoding=\"async\" width=\"2560\" height=\"1811\" src=\"https:\/\/www.service-public.pf\/art\/wp-content\/uploads\/sites\/55\/2025\/08\/V2-DEP-A4-4e-salon-Jeunes-Artisans-createurs-2025_pages-to-jpg-0002-scaled.jpg\" class=\"attachment-full size-full\" alt=\"Programme du salon des jeunes artisans cr\u00e9ateurs\" srcset=\"https:\/\/www.service-public.pf\/art\/wp-content\/uploads\/sites\/55\/2025\/08\/V2-DEP-A4-4e-salon-Jeunes-Artisans-createurs-2025_pages-to-jpg-0002-200x141.jpg 200w, https:\/\/www.service-public.pf\/art\/wp-content\/uploads\/sites\/55\/2025\/08\/V2-DEP-A4-4e-salon-Jeunes-Artisans-createurs-2025_pages-to-jpg-0002-300x212.jpg 300w, https:\/\/www.service-public.pf\/art\/wp-content\/uploads\/sites\/55\/2025\/08\/V2-DEP-A4-4e-salon-Jeunes-Artisans-createurs-2025_pages-to-jpg-0002-400x283.jpg 400w, https:\/\/www.service-public.pf\/art\/wp-content\/uploads\/sites\/55\/2025\/08\/V2-DEP-A4-4e-salon-Jeunes-Artisans-createurs-2025_pages-to-jpg-0002-600x424.jpg 600w, https:\/\/www.service-public.pf\/art\/wp-content\/uploads\/sites\/55\/2025\/08\/V2-DEP-A4-4e-salon-Jeunes-Artisans-createurs-2025_pages-to-jpg-0002-768x543.jpg 768w, https:\/\/www.service-public.pf\/art\/wp-content\/uploads\/sites\/55\/2025\/08\/V2-DEP-A4-4e-salon-Jeunes-Artisans-createurs-2025_pages-to-jpg-0002-800x566.jpg 800w, https:\/\/www.service-public.pf\/art\/wp-content\/uploads\/sites\/55\/2025\/08\/V2-DEP-A4-4e-salon-Jeunes-Artisans-createurs-2025_pages-to-jpg-0002-1024x724.jpg 1024w, https:\/\/www.service-public.pf\/art\/wp-content\/uploads\/sites\/55\/2025\/08\/V2-DEP-A4-4e-salon-Jeunes-Artisans-createurs-2025_pages-to-jpg-0002-1200x849.jpg 1200w, https:\/\/www.service-public.pf\/art\/wp-content\/uploads\/sites\/55\/2025\/08\/V2-DEP-A4-4e-salon-Jeunes-Artisans-createurs-2025_pages-to-jpg-0002-1536x1086.jpg 1536w, https:\/\/www.service-public.pf\/art\/wp-content\/uploads\/sites\/55\/2025\/08\/V2-DEP-A4-4e-salon-Jeunes-Artisans-createurs-2025_pages-to-jpg-0002-scaled.jpg 2560w\" sizes=\"(max-width: 2560px) 100vw, 2560px\" \/><\/a><\/div><\/div><\/div><\/div><div class=\"awb-swiper-button awb-swiper-button-prev\"><i class=\"awb-icon-angle-left\" aria-hidden=\"true\"><\/i><\/div><div class=\"awb-swiper-button awb-swiper-button-next\"><i class=\"awb-icon-angle-right\" aria-hidden=\"true\"><\/i><\/div><\/div><\/div><\/div><\/div><div class=\"fusion-layout-column fusion_builder_column fusion-builder-column-3 fusion_builder_column_1_2 1_2 fusion-flex-column\" style=\"--awb-bg-size:cover;--awb-width-large:50%;--awb-margin-top-large:0px;--awb-spacing-right-large:3.84%;--awb-margin-bottom-large:20px;--awb-spacing-left-large:3.84%;--awb-width-medium:50%;--awb-order-medium:0;--awb-spacing-right-medium:3.84%;--awb-spacing-left-medium:3.84%;--awb-width-small:100%;--awb-order-small:0;--awb-spacing-right-small:1.92%;--awb-spacing-left-small:1.92%;\"><div class=\"fusion-column-wrapper fusion-column-has-shadow fusion-flex-justify-content-flex-start fusion-content-layout-column\"><div class=\"fusion-content-boxes content-boxes columns row fusion-columns-1 fusion-columns-total-1 fusion-content-boxes-1 content-boxes-icon-with-title content-left\" style=\"--awb-hover-accent-color:#65bc7b;--awb-circle-hover-accent-color:#65bc7b;--awb-item-margin-bottom:40px;\" data-animationOffset=\"top-into-view\"><div style=\"--awb-backgroundcolor:#960000;\" class=\"fusion-column content-box-column content-box-column content-box-column-1 col-lg-12 col-md-12 col-sm-12 fusion-content-box-hover content-box-column-last content-box-column-last-in-row\"><div class=\"col content-box-wrapper content-wrapper-background link-area-link-icon content-icon-wrapper-yes icon-hover-animation-fade\" data-animationOffset=\"top-into-view\"><div class=\"fusion-clearfix\"><\/div><div class=\"content-container\">\n<p style=\"text-align: center\"><span style=\"color: #ffffff;font-size: 14pt\"><strong>INSCRIVEZ VOUS \u00c0 DES ATELIERS<\/strong><\/span><\/p>\n<p><span style=\"color: #ffffff\">Chaque jour, les artisans cr\u00e9ateurs accueilleront le public pour des ateliers d\u2019initiation, qui permettront de d\u00e9couvrir les bases de chaque cat\u00e9gorie de m\u00e9tiers.<\/span><\/p>\n<p><span style=\"color: #ffffff\"><em>T\u012bfaifai <\/em>ou couture, bijouterie traditionnelle, vannerie, initiation \u00e0 la sculpture, les ateliers seront l\u2019occasion de d\u00e9couvrir, au-del\u00e0 m\u00eame de la technique, les savoirs et les parcours des artisans, avant de repartir avec l\u2019objet r\u00e9alis\u00e9.<\/span><\/p>\n<p style=\"text-align: center\"><span style=\"color: #ffffff\">Pour y participer, inscrivez-vous d\u00e8s maintenant : <strong><a style=\"color: #ffffff\" href=\"https:\/\/forms.gle\/x7bzBoeS7M6xDWbv6\">FORMULAIRE D&rsquo;INSCRIPTION<\/a><\/strong><\/span><\/p>\n<\/div><\/div><\/div><div class=\"fusion-clearfix\"><\/div><\/div><\/div><\/div><\/div><\/div><div class=\"fusion-fullwidth fullwidth-box fusion-builder-row-4 fusion-flex-container has-pattern-background has-mask-background nonhundred-percent-fullwidth non-hundred-percent-height-scrolling\" style=\"--awb-border-radius-top-left:0px;--awb-border-radius-top-right:0px;--awb-border-radius-bottom-right:0px;--awb-border-radius-bottom-left:0px;--awb-flex-wrap:wrap;\" ><div class=\"fusion-builder-row fusion-row fusion-flex-align-items-flex-start fusion-flex-content-wrap\" style=\"max-width:104%;margin-left: calc(-4% \/ 2 );margin-right: calc(-4% \/ 2 );\"><div class=\"fusion-layout-column fusion_builder_column fusion-builder-column-4 fusion_builder_column_1_1 1_1 fusion-flex-column\" style=\"--awb-bg-size:cover;--awb-width-large:100%;--awb-margin-top-large:0px;--awb-spacing-right-large:1.92%;--awb-margin-bottom-large:20px;--awb-spacing-left-large:1.92%;--awb-width-medium:100%;--awb-order-medium:0;--awb-spacing-right-medium:1.92%;--awb-spacing-left-medium:1.92%;--awb-width-small:100%;--awb-order-small:0;--awb-spacing-right-small:1.92%;--awb-spacing-left-small:1.92%;\"><div class=\"fusion-column-wrapper fusion-column-has-shadow fusion-flex-justify-content-flex-start fusion-content-layout-column\"><div class=\"fusion-title title fusion-title-2 fusion-title-center fusion-title-text fusion-title-size-three\" style=\"--awb-margin-top-small:10px;--awb-margin-right-small:0px;--awb-margin-bottom-small:10px;--awb-margin-left-small:0px;--awb-sep-color:#c1c1c1;\"><div class=\"title-sep-container title-sep-container-left\"><div class=\"title-sep sep-double sep-solid\" style=\"border-color:#c1c1c1;\"><\/div><\/div><span class=\"awb-title-spacer\"><\/span><h3 class=\"fusion-title-heading title-heading-center\" style=\"margin:0;\"><h4 style=\"text-align: center\"><span style=\"color: #993300\"><strong>DES PARRAINS ET MARRAINE EXPERTS DE L\u2019ARTISANAT<\/strong><\/span><\/h4><\/h3><span class=\"awb-title-spacer\"><\/span><div class=\"title-sep-container title-sep-container-right\"><div class=\"title-sep sep-double sep-solid\" style=\"border-color:#c1c1c1;\"><\/div><\/div><\/div><\/div><\/div><\/div><\/div><div class=\"fusion-fullwidth fullwidth-box fusion-builder-row-5 fusion-flex-container nonhundred-percent-fullwidth non-hundred-percent-height-scrolling\" style=\"--awb-border-radius-top-left:0px;--awb-border-radius-top-right:0px;--awb-border-radius-bottom-right:0px;--awb-border-radius-bottom-left:0px;--awb-flex-wrap:wrap;\" ><div class=\"fusion-builder-row fusion-row fusion-flex-align-items-flex-start fusion-flex-content-wrap\" style=\"max-width:104%;margin-left: calc(-4% \/ 2 );margin-right: calc(-4% \/ 2 );\"><div class=\"fusion-layout-column fusion_builder_column fusion-builder-column-5 fusion_builder_column_1_2 1_2 fusion-flex-column\" style=\"--awb-bg-size:cover;--awb-width-large:50%;--awb-margin-top-large:0px;--awb-spacing-right-large:3.84%;--awb-margin-bottom-large:0px;--awb-spacing-left-large:3.84%;--awb-width-medium:50%;--awb-spacing-right-medium:3.84%;--awb-spacing-left-medium:3.84%;--awb-width-small:100%;--awb-spacing-right-small:1.92%;--awb-spacing-left-small:1.92%;\"><div class=\"fusion-column-wrapper fusion-flex-justify-content-flex-start fusion-content-layout-column\"><div class=\"fusion-text fusion-text-2\"><p>Pour cette 4<sup>e<\/sup> \u00e9dition, <strong>4 artisans traditionnels<\/strong> reconnus dans leur domaine d\u2019activit\u00e9 parrainent l\u2019\u00e9v\u00e9nement.<\/p>\n<p>Il s\u2019agit de <strong>Rava Ray<\/strong>, artisane experte et formatrice en <em>t\u012bfaifai &#8211; &lsquo;Ihi rima&rsquo;\u012b m\u0101&rsquo;ohi, <\/em>marraine de la nouvelle cat\u00e9gorie intitul\u00e9e \u00ab \u00e9toffe \u00bb (photo 1) ;\u00a0 <strong>Teva FAUURA<\/strong>, artisan expert et formateur, sp\u00e9cialis\u00e9 en bijouterie d\u2019art traditionnelle &#8211; \u2018<em>Ihi rima\u2019\u012b m\u0101\u2019ohi<\/em> (Photo 2) ; <strong>Pierre KAIHA<\/strong>, artisan de Ua Pou sp\u00e9cialis\u00e9 en sculpture-gravure (Photo 3) et <strong>Ishido KATO, <\/strong>artisan de Rimatara sp\u00e9cialis\u00e9 en vannerie (photo 4).<\/p>\n<p>Ces professionnels auront pour mission de conseiller les jeunes artisans et d\u2019apporter leur regard d\u2019expert tout au long du salon. Ils feront \u00e9galement partie du jury qui notera les \u0153uvres des participants et proposeront des ateliers techniques aux exposants ainsi que des <em>masterclass <\/em>aux laur\u00e9ats du concours de cr\u00e9ation \u00e0 l\u2019issue de l\u2019\u00e9v\u00e9nement. Ils exposeront \u00e9galement sur l\u2019\u00e9v\u00e9nement.<\/p>\n<\/div><\/div><\/div><div class=\"fusion-layout-column fusion_builder_column fusion-builder-column-6 fusion_builder_column_1_2 1_2 fusion-flex-column\" style=\"--awb-bg-size:cover;--awb-width-large:50%;--awb-margin-top-large:0px;--awb-spacing-right-large:3.84%;--awb-margin-bottom-large:0px;--awb-spacing-left-large:3.84%;--awb-width-medium:50%;--awb-spacing-right-medium:3.84%;--awb-spacing-left-medium:3.84%;--awb-width-small:100%;--awb-spacing-right-small:1.92%;--awb-spacing-left-small:1.92%;\"><div class=\"fusion-column-wrapper fusion-flex-justify-content-flex-start fusion-content-layout-column\"><div class=\"fusion-image-carousel fusion-image-carousel-auto fusion-image-carousel-2\"><div class=\"awb-carousel awb-swiper awb-swiper-carousel awb-carousel--carousel awb-swiper-dots-position-bottom\" data-layout=\"carousel\" data-autoplay=\"no\" data-autoplayspeed=\"2500\" data-autoplaypause=\"no\" data-loop=\"yes\" data-columns=\"2.0\" data-columnsmedium=\"1\" data-columnssmall=\"1\" data-itemmargin=\"13\" data-itemwidth=\"180\" data-touchscroll=\"no\" data-freemode=\"no\" data-imagesize=\"auto\" data-scrollitems=\"0\" data-centeredslides=\"no\" data-rotationangle=\"50\" data-depth=\"100\" data-speed=\"500\" data-shadow=\"no\" data-pagination=\"bullets\" style=\"--awb-columns:2.0;--awb-dots-align:center;\"><div class=\"swiper-wrapper awb-image-carousel-wrapper fusion-flex-align-items-center\"><div class=\"swiper-slide\"><div class=\"fusion-carousel-item-wrapper\"><div class=\"fusion-image-wrapper hover-type-zoomin\"><img decoding=\"async\" width=\"5366\" height=\"5587\" src=\"https:\/\/www.service-public.pf\/art\/wp-content\/uploads\/sites\/55\/2025\/08\/TKDV-ART-Rava-RAY-tifaifai-\u00a9TKDV-ART2023-light-e1755746247900.jpg\" class=\"attachment-full size-full\" alt=\"Rava Ray, artisane experte et formatrice en t\u012bfaifai - &#039;Ihi rima&#039;\u012b m\u0101&#039;ohi, marraine de la nouvelle cat\u00e9gorie intitul\u00e9e \u00ab \u00e9toffe \u00bb.\" srcset=\"https:\/\/www.service-public.pf\/art\/wp-content\/uploads\/sites\/55\/2025\/08\/TKDV-ART-Rava-RAY-tifaifai-\u00a9TKDV-ART2023-light-e1755746247900-200x208.jpg 200w, https:\/\/www.service-public.pf\/art\/wp-content\/uploads\/sites\/55\/2025\/08\/TKDV-ART-Rava-RAY-tifaifai-\u00a9TKDV-ART2023-light-e1755746247900-400x416.jpg 400w, https:\/\/www.service-public.pf\/art\/wp-content\/uploads\/sites\/55\/2025\/08\/TKDV-ART-Rava-RAY-tifaifai-\u00a9TKDV-ART2023-light-e1755746247900-600x625.jpg 600w, https:\/\/www.service-public.pf\/art\/wp-content\/uploads\/sites\/55\/2025\/08\/TKDV-ART-Rava-RAY-tifaifai-\u00a9TKDV-ART2023-light-e1755746247900-800x833.jpg 800w, https:\/\/www.service-public.pf\/art\/wp-content\/uploads\/sites\/55\/2025\/08\/TKDV-ART-Rava-RAY-tifaifai-\u00a9TKDV-ART2023-light-e1755746247900-1200x1249.jpg 1200w, https:\/\/www.service-public.pf\/art\/wp-content\/uploads\/sites\/55\/2025\/08\/TKDV-ART-Rava-RAY-tifaifai-\u00a9TKDV-ART2023-light-e1755746247900.jpg 5366w\" sizes=\"(min-width: 2200px) 100vw, (min-width: 712px) 784px, (min-width: 640px) 712px, \" \/><\/div><\/div><\/div><div class=\"swiper-slide\"><div class=\"fusion-carousel-item-wrapper\"><div class=\"fusion-image-wrapper hover-type-zoomin\"><img decoding=\"async\" width=\"1280\" height=\"1420\" src=\"https:\/\/www.service-public.pf\/art\/wp-content\/uploads\/sites\/55\/2025\/08\/Teva-FAUURA-\u00a9Alikaphoto-e1755746296718.jpg\" class=\"attachment-full size-full\" alt=\"Teva FAUURA, artisan expert et formateur, sp\u00e9cialis\u00e9 en bijouterie d\u2019art traditionnelle - \u2018Ihi rima\u2019\u012b m\u0101\u2019ohi\" srcset=\"https:\/\/www.service-public.pf\/art\/wp-content\/uploads\/sites\/55\/2025\/08\/Teva-FAUURA-\u00a9Alikaphoto-e1755746296718-200x222.jpg 200w, https:\/\/www.service-public.pf\/art\/wp-content\/uploads\/sites\/55\/2025\/08\/Teva-FAUURA-\u00a9Alikaphoto-e1755746296718-400x444.jpg 400w, https:\/\/www.service-public.pf\/art\/wp-content\/uploads\/sites\/55\/2025\/08\/Teva-FAUURA-\u00a9Alikaphoto-e1755746296718-600x666.jpg 600w, https:\/\/www.service-public.pf\/art\/wp-content\/uploads\/sites\/55\/2025\/08\/Teva-FAUURA-\u00a9Alikaphoto-e1755746296718-800x888.jpg 800w, https:\/\/www.service-public.pf\/art\/wp-content\/uploads\/sites\/55\/2025\/08\/Teva-FAUURA-\u00a9Alikaphoto-e1755746296718-1200x1331.jpg 1200w, https:\/\/www.service-public.pf\/art\/wp-content\/uploads\/sites\/55\/2025\/08\/Teva-FAUURA-\u00a9Alikaphoto-e1755746296718.jpg 1280w\" sizes=\"(min-width: 2200px) 100vw, (min-width: 712px) 784px, (min-width: 640px) 712px, \" \/><\/div><\/div><\/div><div class=\"swiper-slide\"><div class=\"fusion-carousel-item-wrapper\"><div class=\"fusion-image-wrapper hover-type-zoomin\"><img decoding=\"async\" width=\"630\" height=\"640\" src=\"https:\/\/www.service-public.pf\/art\/wp-content\/uploads\/sites\/55\/2025\/08\/Pierre-KAIHA-\u00a9TheCoconetTV-pour-lemission-Moana-Arts-Profile-e1755746335175.jpg\" class=\"attachment-full size-full\" alt=\"Pierre KAIHA, artisan de Ua Pou sp\u00e9cialis\u00e9 en sculpture-gravure.\" srcset=\"https:\/\/www.service-public.pf\/art\/wp-content\/uploads\/sites\/55\/2025\/08\/Pierre-KAIHA-\u00a9TheCoconetTV-pour-lemission-Moana-Arts-Profile-e1755746335175-200x203.jpg 200w, https:\/\/www.service-public.pf\/art\/wp-content\/uploads\/sites\/55\/2025\/08\/Pierre-KAIHA-\u00a9TheCoconetTV-pour-lemission-Moana-Arts-Profile-e1755746335175-400x406.jpg 400w, https:\/\/www.service-public.pf\/art\/wp-content\/uploads\/sites\/55\/2025\/08\/Pierre-KAIHA-\u00a9TheCoconetTV-pour-lemission-Moana-Arts-Profile-e1755746335175-600x610.jpg 600w, https:\/\/www.service-public.pf\/art\/wp-content\/uploads\/sites\/55\/2025\/08\/Pierre-KAIHA-\u00a9TheCoconetTV-pour-lemission-Moana-Arts-Profile-e1755746335175.jpg 630w\" sizes=\"(min-width: 2200px) 100vw, (min-width: 712px) 784px, (min-width: 640px) 712px, \" \/><\/div><\/div><\/div><div class=\"swiper-slide\"><div class=\"fusion-carousel-item-wrapper\"><div class=\"fusion-image-wrapper hover-type-zoomin\"><img decoding=\"async\" width=\"960\" height=\"959\" src=\"https:\/\/www.service-public.pf\/art\/wp-content\/uploads\/sites\/55\/2025\/08\/Ishido-KATO-\u00a9Ishido-KATO.jpg\" class=\"attachment-full size-full\" alt=\"Ishido KATO, artisan de Rimatara sp\u00e9cialis\u00e9 en vannerie\" srcset=\"https:\/\/www.service-public.pf\/art\/wp-content\/uploads\/sites\/55\/2025\/08\/Ishido-KATO-\u00a9Ishido-KATO-200x200.jpg 200w, https:\/\/www.service-public.pf\/art\/wp-content\/uploads\/sites\/55\/2025\/08\/Ishido-KATO-\u00a9Ishido-KATO-400x400.jpg 400w, https:\/\/www.service-public.pf\/art\/wp-content\/uploads\/sites\/55\/2025\/08\/Ishido-KATO-\u00a9Ishido-KATO-600x599.jpg 600w, https:\/\/www.service-public.pf\/art\/wp-content\/uploads\/sites\/55\/2025\/08\/Ishido-KATO-\u00a9Ishido-KATO-800x799.jpg 800w, https:\/\/www.service-public.pf\/art\/wp-content\/uploads\/sites\/55\/2025\/08\/Ishido-KATO-\u00a9Ishido-KATO.jpg 960w\" sizes=\"(min-width: 2200px) 100vw, (min-width: 712px) 784px, (min-width: 640px) 712px, \" \/><\/div><\/div><\/div><\/div><div class=\"awb-swiper-button awb-swiper-button-prev\"><i class=\"awb-icon-angle-left\" aria-hidden=\"true\"><\/i><\/div><div class=\"awb-swiper-button awb-swiper-button-next\"><i class=\"awb-icon-angle-right\" aria-hidden=\"true\"><\/i><\/div><\/div><\/div><\/div><\/div><\/div><\/div><div class=\"fusion-fullwidth fullwidth-box fusion-builder-row-6 fusion-flex-container has-pattern-background has-mask-background nonhundred-percent-fullwidth non-hundred-percent-height-scrolling\" style=\"--awb-border-radius-top-left:0px;--awb-border-radius-top-right:0px;--awb-border-radius-bottom-right:0px;--awb-border-radius-bottom-left:0px;--awb-flex-wrap:wrap;\" ><div class=\"fusion-builder-row fusion-row fusion-flex-align-items-flex-start fusion-flex-content-wrap\" style=\"max-width:104%;margin-left: calc(-4% \/ 2 );margin-right: calc(-4% \/ 2 );\"><div class=\"fusion-layout-column fusion_builder_column fusion-builder-column-7 fusion_builder_column_1_1 1_1 fusion-flex-column\" style=\"--awb-bg-size:cover;--awb-width-large:100%;--awb-margin-top-large:0px;--awb-spacing-right-large:1.92%;--awb-margin-bottom-large:20px;--awb-spacing-left-large:1.92%;--awb-width-medium:100%;--awb-order-medium:0;--awb-spacing-right-medium:1.92%;--awb-spacing-left-medium:1.92%;--awb-width-small:100%;--awb-order-small:0;--awb-spacing-right-small:1.92%;--awb-spacing-left-small:1.92%;\"><div class=\"fusion-column-wrapper fusion-column-has-shadow fusion-flex-justify-content-flex-start fusion-content-layout-column\"><div class=\"fusion-title title fusion-title-3 fusion-title-center fusion-title-text fusion-title-size-three\" style=\"--awb-margin-top-small:10px;--awb-margin-right-small:0px;--awb-margin-bottom-small:10px;--awb-margin-left-small:0px;--awb-sep-color:#c1c1c1;\"><div class=\"title-sep-container title-sep-container-left\"><div class=\"title-sep sep-double sep-solid\" style=\"border-color:#c1c1c1;\"><\/div><\/div><span class=\"awb-title-spacer\"><\/span><h3 class=\"fusion-title-heading title-heading-center\" style=\"margin:0;\"><h4 style=\"text-align: center\"><span style=\"color: #993300\"><strong>LE CONCOURS &amp; LE JEU VISITEURS<br \/>\n<\/strong><\/span><\/h4><\/h3><span class=\"awb-title-spacer\"><\/span><div class=\"title-sep-container title-sep-container-right\"><div class=\"title-sep sep-double sep-solid\" style=\"border-color:#c1c1c1;\"><\/div><\/div><\/div><\/div><\/div><\/div><\/div><div class=\"fusion-fullwidth fullwidth-box fusion-builder-row-7 fusion-flex-container has-pattern-background has-mask-background nonhundred-percent-fullwidth non-hundred-percent-height-scrolling\" style=\"--awb-border-radius-top-left:0px;--awb-border-radius-top-right:0px;--awb-border-radius-bottom-right:0px;--awb-border-radius-bottom-left:0px;--awb-flex-wrap:wrap;\" ><div class=\"fusion-builder-row fusion-row fusion-flex-align-items-flex-start fusion-flex-content-wrap\" style=\"max-width:104%;margin-left: calc(-4% \/ 2 );margin-right: calc(-4% \/ 2 );\"><div class=\"fusion-layout-column fusion_builder_column fusion-builder-column-8 fusion_builder_column_1_2 1_2 fusion-flex-column\" style=\"--awb-bg-size:cover;--awb-width-large:50%;--awb-margin-top-large:0px;--awb-spacing-right-large:3.84%;--awb-margin-bottom-large:20px;--awb-spacing-left-large:3.84%;--awb-width-medium:50%;--awb-order-medium:0;--awb-spacing-right-medium:3.84%;--awb-spacing-left-medium:3.84%;--awb-width-small:100%;--awb-order-small:0;--awb-spacing-right-small:1.92%;--awb-spacing-left-small:1.92%;\"><div class=\"fusion-column-wrapper fusion-column-has-shadow fusion-flex-justify-content-flex-start fusion-content-layout-column\"><div class=\"fusion-text fusion-text-3\"><p style=\"text-align: center\"><span style=\"color: #993300;font-size: 14pt\"><strong>LES CONCOURS : <\/strong><strong><em>R\u00c9INVENTER LA TRADITION <\/em><\/strong><\/span><span style=\"color: #993300;font-size: 14pt\"><strong><em>LE VOYAGE DANS LE TEMPS ET L\u2019ESPACE<\/em><\/strong><\/span><\/p>\n<p>Les 21 cr\u00e9ateurs s\u00e9lectionn\u00e9s ont dispos\u00e9 d\u2019un mois pour r\u00e9aliser une \u0153uvre sur le th\u00e8me \u00ab r\u00e9inventer la tradition \u00bb. Leurs cr\u00e9ations devront nous faire voyager dans le temps et\/ou l\u2019espace. Pour les d\u00e9partager, un jury compos\u00e9 de six membres a \u00e9t\u00e9 sollicit\u00e9, compos\u00e9 comme suit :<\/p>\n<ul>\n<li>Rava RAY, Pr\u00e9sidente du jury, artisane experte en confection de <em>t\u012bfaifai<\/em> ;<\/li>\n<li>Ishido KATO, artisan sp\u00e9cialis\u00e9 dans la vannerie ;<\/li>\n<li>Teva FAUURA, artisan expert sp\u00e9cialiste de la bijouterie d\u2019art traditionnelle ;<\/li>\n<li>Pierre KAIHA, artisan sp\u00e9cialis\u00e9 dans la sculpture-gravure ;<\/li>\n<li>Un repr\u00e9sentant du Minist\u00e8re des Sports, de la Jeunesse, de la Pr\u00e9vention contre la d\u00e9linquance, en charge de l\u2019artisanat ;<\/li>\n<li>Un repr\u00e9sentant de la Banque Socredo.<\/li>\n<\/ul>\n<p>Le jury notera les cr\u00e9ations des exposants selon une liste de crit\u00e8res d\u00e9finis, afin de r\u00e9compenser les \u0153uvres qui allieront tradition polyn\u00e9sienne, innovation et modernit\u00e9. Parmi les crit\u00e8res, seront notamment \u00e9valu\u00e9s la technicit\u00e9, le respect du th\u00e8me, l\u2019originalit\u00e9, le choix des motifs et des mati\u00e8res utilis\u00e9es.<\/p>\n<p>Les artisans cr\u00e9ateurs devront pr\u00e9senter leurs \u0153uvres au cours d\u2019auditions face aux membres du jury. Les notes obtenues compteront pour 80 % de la note finale.<\/p>\n<p>Le public pourra \u00e9galement voter pour sa cr\u00e9ation pr\u00e9f\u00e9r\u00e9e via des tablettes qui seront accessibles aupr\u00e8s des h\u00f4tesses d\u2019accueil pr\u00e9sentes sur le salon. Les votes compteront pour 20 % de la note. Sur cette base, un prix du public, offert par la Banque Socredo, sera attribu\u00e9 \u00e0 la cr\u00e9ation qui aura comptabilis\u00e9 le plus de votes.<\/p>\n<p>Les membres du jury pourront, quant \u00e0 eux, attribuer un\u00a0attribuer un prix sp\u00e9cial \u00ab Jeune espoir de l\u2019artisanat traditionnel &#8211; <em>R\u0113 no te rima&rsquo;\u012b T\u016bhou<\/em> \u00bb offert par la Banque Socredo.<\/p>\n<p>Les votes seront cl\u00f4tur\u00e9s le <strong>samedi 6 septembre \u00e0 12h00<\/strong> sous contr\u00f4le d\u2019un huissier de justice.<\/p>\n<\/div><\/div><\/div><div class=\"fusion-layout-column fusion_builder_column fusion-builder-column-9 fusion_builder_column_1_2 1_2 fusion-flex-column\" style=\"--awb-bg-size:cover;--awb-width-large:50%;--awb-margin-top-large:0px;--awb-spacing-right-large:3.84%;--awb-margin-bottom-large:20px;--awb-spacing-left-large:3.84%;--awb-width-medium:50%;--awb-order-medium:0;--awb-spacing-right-medium:3.84%;--awb-spacing-left-medium:3.84%;--awb-width-small:100%;--awb-order-small:0;--awb-spacing-right-small:1.92%;--awb-spacing-left-small:1.92%;\"><div class=\"fusion-column-wrapper fusion-column-has-shadow fusion-flex-justify-content-flex-start fusion-content-layout-column\"><div class=\"fusion-text fusion-text-4\"><p style=\"text-align: center\"><span style=\"color: #993300;font-size: 14pt\"><strong>LA REMISE DES PRIX<\/strong><\/span><\/p>\n<p>Six prix seront remis \u00e0 l&rsquo;issue de l\u2019\u00e9v\u00e9nement. Chaque vainqueur repartira avec une attestation de prix, une immersion d\u2019une journ\u00e9e en <em>masterclass <\/em>avec un artisan expert et un troph\u00e9e de l\u2019atelier Prokop. De plus, une dotation financi\u00e8re sera attribu\u00e9e comme suit :<\/p>\n<ul>\n<li><strong>1er prix cat\u00e9gorie \u00ab \u00e9toffe \u00bb : 100 000 F CFP ;<\/strong><\/li>\n<li><strong>1er prix cat\u00e9gorie \u00ab sculpture-gravure \u00bb : 100 000 F CFP ;<\/strong><\/li>\n<li><strong>1er prix cat\u00e9gorie \u00ab vannerie \u00bb : 100 000 F CFP ;<\/strong><\/li>\n<li><strong>1er prix cat\u00e9gorie \u00ab bijouterie traditionnelle \u00bb : 100 000 F CFP ;<\/strong><\/li>\n<li><strong>Prix sp\u00e9cial \u00ab Jeune espoir de l\u2019artisanat traditionnel &#8211; <em>R\u0113 no te rima&rsquo;\u012b T\u016bhou<\/em> \u00bb : 60 000 F CFP offert par la Banque Socredo et un billet d\u2019avion aller-retour \u00e0 Rangiroa offert par la compagnie Air Moana\u00a0;<\/strong><\/li>\n<li><strong>Prix du public : 40 000 F CFP offert par la Banque Socredo et un billet d\u2019avion aller-retour \u00e0 Rangiroa offert par la compagnie Air Moana.<\/strong><\/li>\n<\/ul>\n<\/div><div class=\"fusion-content-boxes content-boxes columns row fusion-columns-1 fusion-columns-total-1 fusion-content-boxes-2 content-boxes-icon-with-title content-left\" style=\"--awb-hover-accent-color:#65bc7b;--awb-circle-hover-accent-color:#65bc7b;--awb-item-margin-bottom:40px;\" data-animationOffset=\"top-into-view\"><div style=\"--awb-backgroundcolor:#960000;\" class=\"fusion-column content-box-column content-box-column content-box-column-1 col-lg-12 col-md-12 col-sm-12 fusion-content-box-hover content-box-column-last content-box-column-last-in-row\"><div class=\"col content-box-wrapper content-wrapper-background link-area-link-icon content-icon-wrapper-yes icon-hover-animation-fade\" data-animationOffset=\"top-into-view\"><div class=\"fusion-clearfix\"><\/div><div class=\"content-container\">\n<p style=\"text-align: center\"><span style=\"color: #ffffff;font-size: 14pt\"><strong>JEU VISITEUR<br \/>\n<\/strong><\/span><\/p>\n<p><span style=\"color: #ffffff\">En votant pour sa cr\u00e9ation pr\u00e9f\u00e9r\u00e9e, les visiteurs s\u2019inscrivent automatiquement aux tirages au sort. Un tirage au sort aura lieu chaque jour pour remettre en tout 4 lots d\u00e9taill\u00e9s comme suit :<\/span><\/p>\n<ul style=\"list-style-type: square\">\n<li><span style=\"color: #ffffff\">3e lot : 2 pass pour une journ\u00e9e immersion coco avec \u2018\u0100u\u2019a coconut bowl, d\u2019une valeur de 6 000 F ;<\/span><\/li>\n<li><span style=\"color: #ffffff\">2e lot : 1 paire de boucles d\u2019oreilles en nacre d\u2019une valeur de 14 000 F ;<\/span><\/li>\n<li><span style=\"color: #ffffff\">1er lot : 1 journ\u00e9e excursion au Te Pari pour 2 personnes, d\u2019une valeur de 20 000 F ;<\/span><\/li>\n<li><span style=\"color: #ffffff\">Super lot : 2 billets A\/R pour Fakarava avec Air Moana, d\u2019une valeur de 70 000 F. <em>Les taxes et redevances a\u00e9roport resteront \u00e0 la charge du gagnant. La r\u00e9servation des vols se fait dans des classes de r\u00e9servation sp\u00e9cifiques, sous r\u00e9serve de disponibilit\u00e9 et sous conditions.<\/em><\/span><\/li>\n<\/ul>\n<p><span style=\"color: #ffffff\"><strong>Tirage au sort en live sur notre page Facebook \u00e0 partir de 17h chaque jour, sauf le samedi 6 septembre \u00e0 14h. <\/strong><\/span><\/p>\n<p><span style=\"color: #ff9900\"><a style=\"color: #ff9900\" href=\"https:\/\/www.service-public.pf\/art\/wp-content\/uploads\/sites\/55\/2025\/08\/2509_SALT-ARTISANAT_Reglement-jeu-visiteur.docx.pdf\"><strong>T\u00e9l\u00e9chargez le r\u00e8glement du jeu.<\/strong><\/a><\/span><\/p>\n<p><span style=\"color: #ffffff\"><em>Jeu sous contr\u00f4le d\u2019huissier. R\u00e8glement d\u00e9pos\u00e9 chez Me Lehartel, huissier de justice \u00e0 Papeete.<\/em><\/span><\/p>\n<\/div><\/div><\/div><div class=\"fusion-clearfix\"><\/div><\/div><\/div><\/div><\/div><\/div><div class=\"fusion-fullwidth fullwidth-box fusion-builder-row-8 fusion-flex-container has-pattern-background has-mask-background nonhundred-percent-fullwidth non-hundred-percent-height-scrolling\" style=\"--awb-border-radius-top-left:0px;--awb-border-radius-top-right:0px;--awb-border-radius-bottom-right:0px;--awb-border-radius-bottom-left:0px;--awb-flex-wrap:wrap;\" ><div class=\"fusion-builder-row fusion-row fusion-flex-align-items-flex-start fusion-flex-content-wrap\" style=\"max-width:104%;margin-left: calc(-4% \/ 2 );margin-right: calc(-4% \/ 2 );\"><div class=\"fusion-layout-column fusion_builder_column fusion-builder-column-10 fusion_builder_column_1_1 1_1 fusion-flex-column\" style=\"--awb-bg-size:cover;--awb-width-large:100%;--awb-margin-top-large:0px;--awb-spacing-right-large:1.92%;--awb-margin-bottom-large:20px;--awb-spacing-left-large:1.92%;--awb-width-medium:100%;--awb-order-medium:0;--awb-spacing-right-medium:1.92%;--awb-spacing-left-medium:1.92%;--awb-width-small:100%;--awb-order-small:0;--awb-spacing-right-small:1.92%;--awb-spacing-left-small:1.92%;\"><div class=\"fusion-column-wrapper fusion-column-has-shadow fusion-flex-justify-content-flex-start fusion-content-layout-column\"><div class=\"fusion-title title fusion-title-4 fusion-title-center fusion-title-text fusion-title-size-three\" style=\"--awb-margin-top-small:10px;--awb-margin-right-small:0px;--awb-margin-bottom-small:10px;--awb-margin-left-small:0px;--awb-sep-color:#c1c1c1;\"><div class=\"title-sep-container title-sep-container-left\"><div class=\"title-sep sep-double sep-solid\" style=\"border-color:#c1c1c1;\"><\/div><\/div><span class=\"awb-title-spacer\"><\/span><h3 class=\"fusion-title-heading title-heading-center\" style=\"margin:0;\"><h4 style=\"text-align: center\"><span style=\"color: #993300\"><strong>LES PARTENAIRES<br \/>\n<\/strong><\/span><\/h4><\/h3><span class=\"awb-title-spacer\"><\/span><div class=\"title-sep-container title-sep-container-right\"><div class=\"title-sep sep-double sep-solid\" style=\"border-color:#c1c1c1;\"><\/div><\/div><\/div><\/div><\/div><div class=\"fusion-layout-column fusion_builder_column fusion-builder-column-11 fusion_builder_column_1_1 1_1 fusion-flex-column\" style=\"--awb-bg-size:cover;--awb-width-large:100%;--awb-margin-top-large:0px;--awb-spacing-right-large:1.92%;--awb-margin-bottom-large:0px;--awb-spacing-left-large:1.92%;--awb-width-medium:100%;--awb-spacing-right-medium:1.92%;--awb-spacing-left-medium:1.92%;--awb-width-small:100%;--awb-spacing-right-small:1.92%;--awb-spacing-left-small:1.92%;\"><div class=\"fusion-column-wrapper fusion-flex-justify-content-flex-start fusion-content-layout-column\"><div class=\"fusion-text fusion-text-5\"><p><img decoding=\"async\" class=\"aligncenter wp-image-7416 size-full\" src=\"https:\/\/www.service-public.pf\/art\/wp-content\/uploads\/sites\/55\/2025\/08\/Logos-partenaires.jpg\" alt=\"\" width=\"781\" height=\"345\" srcset=\"https:\/\/www.service-public.pf\/art\/wp-content\/uploads\/sites\/55\/2025\/08\/Logos-partenaires-200x88.jpg 200w, https:\/\/www.service-public.pf\/art\/wp-content\/uploads\/sites\/55\/2025\/08\/Logos-partenaires-300x133.jpg 300w, https:\/\/www.service-public.pf\/art\/wp-content\/uploads\/sites\/55\/2025\/08\/Logos-partenaires-400x177.jpg 400w, https:\/\/www.service-public.pf\/art\/wp-content\/uploads\/sites\/55\/2025\/08\/Logos-partenaires-600x265.jpg 600w, https:\/\/www.service-public.pf\/art\/wp-content\/uploads\/sites\/55\/2025\/08\/Logos-partenaires-768x339.jpg 768w, https:\/\/www.service-public.pf\/art\/wp-content\/uploads\/sites\/55\/2025\/08\/Logos-partenaires.jpg 781w\" sizes=\"(max-width: 781px) 100vw, 781px\" \/><\/p>\n<\/div><\/div><\/div><\/div><\/div><\/p>\n","protected":false},"excerpt":{"rendered":"","protected":false},"author":280,"featured_media":7390,"comment_status":"closed","ping_status":"closed","sticky":false,"template":"","format":"standard","meta":{"_seopress_robots_primary_cat":"none","_seopress_titles_title":"","_seopress_titles_desc":"","_seopress_robots_index":"","footnotes":""},"categories":[28],"tags":[],"class_list":["post-7303","post","type-post","status-publish","format-standard","has-post-thumbnail","hentry","category-a-la-lune"],"_links":{"self":[{"href":"https:\/\/www.service-public.pf\/art\/wp-json\/wp\/v2\/posts\/7303","targetHints":{"allow":["GET"]}}],"collection":[{"href":"https:\/\/www.service-public.pf\/art\/wp-json\/wp\/v2\/posts"}],"about":[{"href":"https:\/\/www.service-public.pf\/art\/wp-json\/wp\/v2\/types\/post"}],"author":[{"embeddable":true,"href":"https:\/\/www.service-public.pf\/art\/wp-json\/wp\/v2\/users\/280"}],"replies":[{"embeddable":true,"href":"https:\/\/www.service-public.pf\/art\/wp-json\/wp\/v2\/comments?post=7303"}],"version-history":[{"count":35,"href":"https:\/\/www.service-public.pf\/art\/wp-json\/wp\/v2\/posts\/7303\/revisions"}],"predecessor-version":[{"id":7426,"href":"https:\/\/www.service-public.pf\/art\/wp-json\/wp\/v2\/posts\/7303\/revisions\/7426"}],"wp:featuredmedia":[{"embeddable":true,"href":"https:\/\/www.service-public.pf\/art\/wp-json\/wp\/v2\/media\/7390"}],"wp:attachment":[{"href":"https:\/\/www.service-public.pf\/art\/wp-json\/wp\/v2\/media?parent=7303"}],"wp:term":[{"taxonomy":"category","embeddable":true,"href":"https:\/\/www.service-public.pf\/art\/wp-json\/wp\/v2\/categories?post=7303"},{"taxonomy":"post_tag","embeddable":true,"href":"https:\/\/www.service-public.pf\/art\/wp-json\/wp\/v2\/tags?post=7303"}],"curies":[{"name":"wp","href":"https:\/\/api.w.org\/{rel}","templated":true}]}}