{"id":1993,"date":"2025-10-01T03:21:35","date_gmt":"2025-10-01T02:21:35","guid":{"rendered":"https:\/\/www.service-public.pf\/cse\/?p=1993"},"modified":"2025-10-02T01:27:38","modified_gmt":"2025-10-02T00:27:38","slug":"risques-lies-au-tpo-dans-les-gels-de-construction-uv-et-vernis-semi-permanents-ce-quil-faut-savoir","status":"publish","type":"post","link":"https:\/\/www.service-public.pf\/cse\/2025\/10\/01\/risques-lies-au-tpo-dans-les-gels-de-construction-uv-et-vernis-semi-permanents-ce-quil-faut-savoir\/","title":{"rendered":"Risques li\u00e9s au TPO dans les vernis semi-permanents et gels de vernis \u00e0 ongles : Ce qu\u2019il faut savoir"},"content":{"rendered":"<p><div class=\"fusion-fullwidth fullwidth-box fusion-builder-row-1 fusion-flex-container has-pattern-background has-mask-background nonhundred-percent-fullwidth non-hundred-percent-height-scrolling\" style=\"--awb-border-radius-top-left:0px;--awb-border-radius-top-right:0px;--awb-border-radius-bottom-right:0px;--awb-border-radius-bottom-left:0px;--awb-flex-wrap:wrap;\" ><div class=\"fusion-builder-row fusion-row fusion-flex-align-items-flex-start fusion-flex-content-wrap\" style=\"max-width:1664px;margin-left: calc(-4% \/ 2 );margin-right: calc(-4% \/ 2 );\"><div class=\"fusion-layout-column fusion_builder_column fusion-builder-column-0 fusion_builder_column_1_1 1_1 fusion-flex-column\" style=\"--awb-bg-size:cover;--awb-width-large:100%;--awb-margin-top-large:0px;--awb-spacing-right-large:1.92%;--awb-margin-bottom-large:20px;--awb-spacing-left-large:1.92%;--awb-width-medium:100%;--awb-order-medium:0;--awb-spacing-right-medium:1.92%;--awb-spacing-left-medium:1.92%;--awb-width-small:100%;--awb-order-small:0;--awb-spacing-right-small:1.92%;--awb-spacing-left-small:1.92%;\"><div class=\"fusion-column-wrapper fusion-column-has-shadow fusion-flex-justify-content-flex-start fusion-content-layout-column\"><div class=\"fusion-title title fusion-title-1 fusion-sep-none fusion-title-text fusion-title-size-one\" style=\"--awb-margin-top-small:0px;--awb-margin-right-small:0px;--awb-margin-bottom-small:20px;--awb-margin-left-small:0px;\"><h1 class=\"fusion-title-heading title-heading-left\" style=\"margin:0;\">Risques li\u00e9s au TPO dans les vernis semi-permanents et gels de vernis \u00e0 ongles : Ce qu\u2019il faut savoir<\/h1><\/div><\/div><\/div><\/div><\/div><div class=\"fusion-fullwidth fullwidth-box fusion-builder-row-2 fusion-flex-container has-pattern-background has-mask-background nonhundred-percent-fullwidth non-hundred-percent-height-scrolling\" style=\"--awb-border-radius-top-left:0px;--awb-border-radius-top-right:0px;--awb-border-radius-bottom-right:0px;--awb-border-radius-bottom-left:0px;--awb-flex-wrap:wrap;\" ><div class=\"fusion-builder-row fusion-row fusion-flex-align-items-flex-start fusion-flex-content-wrap\" style=\"max-width:1664px;margin-left: calc(-4% \/ 2 );margin-right: calc(-4% \/ 2 );\"><div class=\"fusion-layout-column fusion_builder_column fusion-builder-column-1 fusion_builder_column_3_5 3_5 fusion-flex-column\" style=\"--awb-bg-size:cover;--awb-width-large:60%;--awb-margin-top-large:20px;--awb-spacing-right-large:3.2%;--awb-margin-bottom-large:20px;--awb-spacing-left-large:3.2%;--awb-width-medium:100%;--awb-order-medium:0;--awb-spacing-right-medium:1.92%;--awb-spacing-left-medium:1.92%;--awb-width-small:100%;--awb-order-small:0;--awb-spacing-right-small:1.92%;--awb-spacing-left-small:1.92%;\" data-scroll-devices=\"small-visibility,medium-visibility,large-visibility\"><div class=\"fusion-column-wrapper fusion-column-has-shadow fusion-flex-justify-content-flex-start fusion-content-layout-column\"><div class=\"fusion-text fusion-text-1\"><p style=\"text-align: justify\"><span style=\"font-family: arial, helvetica, sans-serif;font-size: 18pt\"><strong><span style=\"font-size: 24pt\">L<\/span><\/strong>e Trimethylbenzoyl Diphenylphosphine Oxide (TPO) est un produit utilis\u00e9 dans les gels et vernis semi-permanents pour un durcissement rapide sous lampe UV ou LED. Depuis le 1er septembre 2025, il est interdit dans l\u2019Union Europ\u00e9enne (R\u00e9glementation UE 2025\/877), pour prot\u00e9ger la sant\u00e9 des personnes qui l\u2019utilisent. En Polyn\u00e9sie fran\u00e7aise, cette r\u00e9glementation n\u2019est pas encore en vigueur, mais les professionnels peuvent d\u00e9j\u00e0 adopter des bonnes pratiques.<\/span><\/p>\n<\/div><div class=\"fusion-text fusion-text-2\" style=\"--awb-margin-top:25px;\"><p style=\"text-align: justify\"><span style=\"text-decoration: underline;font-size: 24pt\"><strong><span style=\"font-family: arial, helvetica, sans-serif\">Recommandations essentielles<\/span><\/strong><\/span><\/p>\n<\/div><div class=\"fusion-text fusion-text-3\"><p style=\"text-align: justify\"><span style=\"font-family: arial, helvetica, sans-serif;font-size: 18pt\">Pour prot\u00e9ger sa sant\u00e9 et celles des utilisateurs et utilisatrices de vernis semi-permanents il est recommand\u00e9\u00a0de:<\/span><\/p>\n<ul>\n<li><span style=\"font-family: arial, helvetica, sans-serif;font-size: 18pt\">V\u00e9rifier syst\u00e9matiquement la composition des vernis semi-permanents avant usage et privil\u00e9gier ceux qui ne contiennent pas de TPO<\/span><\/li>\n<\/ul>\n<\/div><div class=\"fusion-image-element \" style=\"--awb-caption-title-font-family:var(--h2_typography-font-family);--awb-caption-title-font-weight:var(--h2_typography-font-weight);--awb-caption-title-font-style:var(--h2_typography-font-style);--awb-caption-title-size:var(--h2_typography-font-size);--awb-caption-title-transform:var(--h2_typography-text-transform);--awb-caption-title-line-height:var(--h2_typography-line-height);--awb-caption-title-letter-spacing:var(--h2_typography-letter-spacing);\"><span class=\" fusion-imageframe imageframe-none imageframe-1 hover-type-none\"><img decoding=\"async\" width=\"755\" height=\"540\" title=\"Sans Titre\" src=\"https:\/\/www.service-public.pf\/cse\/wp-content\/uploads\/sites\/16\/2025\/10\/Sans-titre.png\" alt class=\"img-responsive wp-image-2004\" srcset=\"https:\/\/www.service-public.pf\/cse\/wp-content\/uploads\/sites\/16\/2025\/10\/Sans-titre-200x143.png 200w, https:\/\/www.service-public.pf\/cse\/wp-content\/uploads\/sites\/16\/2025\/10\/Sans-titre-400x286.png 400w, https:\/\/www.service-public.pf\/cse\/wp-content\/uploads\/sites\/16\/2025\/10\/Sans-titre-600x429.png 600w, https:\/\/www.service-public.pf\/cse\/wp-content\/uploads\/sites\/16\/2025\/10\/Sans-titre.png 755w\" sizes=\"(max-width: 1024px) 100vw, (max-width: 640px) 100vw, 755px\" \/><\/span><\/div><div class=\"fusion-text fusion-text-4\"><p><span style=\"font-family: arial, helvetica, sans-serif;font-size: 14pt\"><em>Exemple de liste d\u2019ingr\u00e9dient contenant du TPO. <\/em><\/span><\/p>\n<\/div><div class=\"fusion-text fusion-text-5\" style=\"--awb-margin-top:25px;\"><p><span style=\"font-family: arial, helvetica, sans-serif;font-size: 18pt\"><em>Les nouvelles formules peuvent \u00eatre signal\u00e9es avec le badge \u00ab sans TPO \u00bb <\/em><\/span><\/p>\n<ul>\n<li><span style=\"font-family: arial, helvetica, sans-serif;font-size: 18pt\">Demander conseil \u00e0 un professionnel ou fournisseur sp\u00e9cialis\u00e9<\/span><\/li>\n<li><span style=\"font-family: arial, helvetica, sans-serif;font-size: 18pt\">Au magasin ou chez un professionnel, demander des produits sans TPO<\/span><\/li>\n<li><span style=\"font-family: arial, helvetica, sans-serif;font-size: 18pt\">Eviter tout contact avec la peau lors de la manipulation des vernis<\/span><\/li>\n<\/ul>\n<p><span style=\"font-family: arial, helvetica, sans-serif;font-size: 18pt\">Respecter les r\u00e8gles d\u2019hygi\u00e8ne r\u00e9glementaires<\/span><a href=\"https:\/\/www.service-public.pf\/cse\/professionnel\/etablissements-particuliers-esthetiques-tatouages-etc\/\"> <em><span style=\"font-family: arial, helvetica, sans-serif;font-size: 14pt\"><span style=\"font-size: 18pt\">Plus d\u2019informations ici<\/span><\/span><\/em><\/a><\/p>\n<\/div><\/div><\/div><div class=\"fusion-layout-column fusion_builder_column fusion-builder-column-2 fusion_builder_column_2_5 2_5 fusion-flex-column\" style=\"--awb-bg-size:cover;--awb-width-large:40%;--awb-margin-top-large:0px;--awb-spacing-right-large:4.8%;--awb-margin-bottom-large:20px;--awb-spacing-left-large:4.8%;--awb-width-medium:100%;--awb-order-medium:0;--awb-spacing-right-medium:1.92%;--awb-spacing-left-medium:1.92%;--awb-width-small:100%;--awb-order-small:0;--awb-spacing-right-small:1.92%;--awb-spacing-left-small:1.92%;\"><div class=\"fusion-column-wrapper fusion-column-has-shadow fusion-flex-justify-content-flex-start fusion-content-layout-column\"><div class=\"fusion-image-element \" style=\"--awb-caption-title-font-family:var(--h2_typography-font-family);--awb-caption-title-font-weight:var(--h2_typography-font-weight);--awb-caption-title-font-style:var(--h2_typography-font-style);--awb-caption-title-size:var(--h2_typography-font-size);--awb-caption-title-transform:var(--h2_typography-text-transform);--awb-caption-title-line-height:var(--h2_typography-line-height);--awb-caption-title-letter-spacing:var(--h2_typography-letter-spacing);\"><span class=\" fusion-imageframe imageframe-none imageframe-2 hover-type-none\"><img decoding=\"async\" width=\"1240\" height=\"1748\" title=\"Risques Associ\u00e9s Au TPO\" src=\"https:\/\/www.service-public.pf\/cse\/wp-content\/uploads\/sites\/16\/2025\/10\/Risques-associes-au-TPO.png\" alt class=\"img-responsive wp-image-1994\" srcset=\"https:\/\/www.service-public.pf\/cse\/wp-content\/uploads\/sites\/16\/2025\/10\/Risques-associes-au-TPO-200x282.png 200w, https:\/\/www.service-public.pf\/cse\/wp-content\/uploads\/sites\/16\/2025\/10\/Risques-associes-au-TPO-400x564.png 400w, https:\/\/www.service-public.pf\/cse\/wp-content\/uploads\/sites\/16\/2025\/10\/Risques-associes-au-TPO-600x846.png 600w, https:\/\/www.service-public.pf\/cse\/wp-content\/uploads\/sites\/16\/2025\/10\/Risques-associes-au-TPO-800x1128.png 800w, https:\/\/www.service-public.pf\/cse\/wp-content\/uploads\/sites\/16\/2025\/10\/Risques-associes-au-TPO-1200x1692.png 1200w, https:\/\/www.service-public.pf\/cse\/wp-content\/uploads\/sites\/16\/2025\/10\/Risques-associes-au-TPO.png 1240w\" sizes=\"(max-width: 1024px) 100vw, (max-width: 640px) 100vw, 600px\" \/><\/span><\/div><div class=\"fusion-image-element \" style=\"--awb-margin-top:50px;--awb-caption-title-font-family:var(--h2_typography-font-family);--awb-caption-title-font-weight:var(--h2_typography-font-weight);--awb-caption-title-font-style:var(--h2_typography-font-style);--awb-caption-title-size:var(--h2_typography-font-size);--awb-caption-title-transform:var(--h2_typography-text-transform);--awb-caption-title-line-height:var(--h2_typography-line-height);--awb-caption-title-letter-spacing:var(--h2_typography-letter-spacing);\"><span class=\" fusion-imageframe imageframe-none imageframe-3 hover-type-none\"><img decoding=\"async\" width=\"940\" height=\"788\" title=\"Votre Texte De Paragraphe\" src=\"https:\/\/www.service-public.pf\/cse\/wp-content\/uploads\/sites\/16\/2025\/10\/Votre-texte-de-paragraphe.png\" alt class=\"img-responsive wp-image-1995\" srcset=\"https:\/\/www.service-public.pf\/cse\/wp-content\/uploads\/sites\/16\/2025\/10\/Votre-texte-de-paragraphe-200x168.png 200w, https:\/\/www.service-public.pf\/cse\/wp-content\/uploads\/sites\/16\/2025\/10\/Votre-texte-de-paragraphe-400x335.png 400w, https:\/\/www.service-public.pf\/cse\/wp-content\/uploads\/sites\/16\/2025\/10\/Votre-texte-de-paragraphe-600x503.png 600w, https:\/\/www.service-public.pf\/cse\/wp-content\/uploads\/sites\/16\/2025\/10\/Votre-texte-de-paragraphe-800x671.png 800w, https:\/\/www.service-public.pf\/cse\/wp-content\/uploads\/sites\/16\/2025\/10\/Votre-texte-de-paragraphe.png 940w\" sizes=\"(max-width: 1024px) 100vw, (max-width: 640px) 100vw, 600px\" \/><\/span><\/div><\/div><\/div><\/div><\/div><\/p>\n","protected":false},"excerpt":{"rendered":"","protected":false},"author":394,"featured_media":1995,"comment_status":"closed","ping_status":"closed","sticky":false,"template":"","format":"image","meta":{"_seopress_robots_primary_cat":"none","_seopress_titles_title":"","_seopress_titles_desc":"","_seopress_robots_index":"","footnotes":""},"categories":[11],"tags":[],"class_list":["post-1993","post","type-post","status-publish","format-image","has-post-thumbnail","hentry","category-sante-environnementale","post_format-post-format-image"],"_links":{"self":[{"href":"https:\/\/www.service-public.pf\/cse\/wp-json\/wp\/v2\/posts\/1993","targetHints":{"allow":["GET"]}}],"collection":[{"href":"https:\/\/www.service-public.pf\/cse\/wp-json\/wp\/v2\/posts"}],"about":[{"href":"https:\/\/www.service-public.pf\/cse\/wp-json\/wp\/v2\/types\/post"}],"author":[{"embeddable":true,"href":"https:\/\/www.service-public.pf\/cse\/wp-json\/wp\/v2\/users\/394"}],"replies":[{"embeddable":true,"href":"https:\/\/www.service-public.pf\/cse\/wp-json\/wp\/v2\/comments?post=1993"}],"version-history":[{"count":20,"href":"https:\/\/www.service-public.pf\/cse\/wp-json\/wp\/v2\/posts\/1993\/revisions"}],"predecessor-version":[{"id":2019,"href":"https:\/\/www.service-public.pf\/cse\/wp-json\/wp\/v2\/posts\/1993\/revisions\/2019"}],"wp:featuredmedia":[{"embeddable":true,"href":"https:\/\/www.service-public.pf\/cse\/wp-json\/wp\/v2\/media\/1995"}],"wp:attachment":[{"href":"https:\/\/www.service-public.pf\/cse\/wp-json\/wp\/v2\/media?parent=1993"}],"wp:term":[{"taxonomy":"category","embeddable":true,"href":"https:\/\/www.service-public.pf\/cse\/wp-json\/wp\/v2\/categories?post=1993"},{"taxonomy":"post_tag","embeddable":true,"href":"https:\/\/www.service-public.pf\/cse\/wp-json\/wp\/v2\/tags?post=1993"}],"curies":[{"name":"wp","href":"https:\/\/api.w.org\/{rel}","templated":true}]}}