{"id":1394,"date":"2024-04-18T00:23:57","date_gmt":"2024-04-18T10:23:57","guid":{"rendered":"https:\/\/www.service-public.pf\/ddc\/?p=1394"},"modified":"2024-05-29T14:47:46","modified_gmt":"2024-05-30T00:47:46","slug":"congres-accdom-2023-pf","status":"publish","type":"post","link":"https:\/\/www.service-public.pf\/ddc\/2024\/04\/18\/congres-accdom-2023-pf\/","title":{"rendered":"Congr\u00e8s ACCD\u2019OM 2023 &#8211; Pr\u00e9sentation de la Polyn\u00e9sie fran\u00e7aise"},"content":{"rendered":"<div class=\"fusion-fullwidth fullwidth-box fusion-builder-row-1 fusion-flex-container has-pattern-background has-mask-background nonhundred-percent-fullwidth non-hundred-percent-height-scrolling\" style=\"--awb-border-radius-top-left:0px;--awb-border-radius-top-right:0px;--awb-border-radius-bottom-right:0px;--awb-border-radius-bottom-left:0px;--awb-flex-wrap:wrap;\" ><div class=\"fusion-builder-row fusion-row fusion-flex-align-items-flex-start fusion-flex-content-wrap\" style=\"max-width:1040px;margin-left: calc(-4% \/ 2 );margin-right: calc(-4% \/ 2 );\"><div class=\"fusion-layout-column fusion_builder_column fusion-builder-column-0 fusion_builder_column_1_1 1_1 fusion-flex-column\" style=\"--awb-bg-size:cover;--awb-width-large:100%;--awb-margin-top-large:0px;--awb-spacing-right-large:1.92%;--awb-margin-bottom-large:20px;--awb-spacing-left-large:1.92%;--awb-width-medium:100%;--awb-order-medium:0;--awb-spacing-right-medium:1.92%;--awb-spacing-left-medium:1.92%;--awb-width-small:100%;--awb-order-small:0;--awb-spacing-right-small:1.92%;--awb-spacing-left-small:1.92%;\"><div class=\"fusion-column-wrapper fusion-column-has-shadow fusion-flex-justify-content-flex-start fusion-content-layout-column\"><div class=\"fusion-text fusion-text-1\" style=\"--awb-margin-top:20px;\"><p>Le lundi 13 novembre 2023, les 380 \u00e9lus des communes d\u2019Outre-mer \u00e9taient re\u00e7us par madame Sonia LAGARDE, maire Noum\u00e9a et pr\u00e9sidente de l\u2019Association des maires de Nouvelle-Cal\u00e9donie (AFMNC).<\/p>\n<h3 id=\"toc_Cette_journee_dechanges_offre_pour_la_premiere_fois\">Cette journ\u00e9e d\u2019\u00e9changes offre, pour la premi\u00e8re fois, \u00e0 l\u2019occasion de ce congr\u00e8s annuel organis\u00e9 par l\u2019ACCDOM, un temps de pr\u00e9sentation r\u00e9serv\u00e9 aux <strong>territoires du Pacifique et \u00e0 leurs enjeux.<\/strong><\/h3>\n<p>Dans cette perspective, et en sa qualit\u00e9 d\u2019\u00e9lu repr\u00e9sentant la collectivit\u00e9 de la Polyn\u00e9sie fran\u00e7aise, monsieur Bruno FLORES est intervenu afin de faire une pr\u00e9sentation de notre territoire, tant au plan g\u00e9ographique et d\u00e9mographique que statutaire.<\/p>\n<p>A ce titre, il a pu mettre en lumi\u00e8re, conform\u00e9ment \u00e0 la th\u00e9matique fix\u00e9e par les organisateurs, les difficult\u00e9s, voire, les d\u00e9fis \u00e0 relever du fait de notre double \u00e9loignement : scolarisation des enfants et des jeunes des \u00eeles les obligeant \u00e0 quitter leur \u00eele et leur famille pour le centre de Tahiti, acc\u00e8s \u00e0 l\u2019offre de soin depuis les \u00eeles \u00e9loign\u00e9es, autant de sujets que le maire de Raivavae, en sa qualit\u00e9 de repr\u00e9sentant de la Polyn\u00e9sie a pu aborder.<\/p>\n<h3 id=\"toc_Une_presentation_synthetique_des_objectifs_et_des_perspectives\">Une pr\u00e9sentation synth\u00e9tique des objectifs et des perspectives pr\u00e9vues par le Gouvernement du Pays via son programme \u00e9lectoral en rappelant les 3 piliers : FA\u2019A TURA, FA\u2019A ORA, FA\u2019A TUPU a enfin \u00e9t\u00e9 \u00e9voqu\u00e9e.<\/h3>\n<p>Premier \u00e0 intervenir, notre repr\u00e9sentant fut suivi d\u2019une pr\u00e9sentation sur le m\u00eame th\u00e8me par des repr\u00e9sentants de Wallis et Futuna puis de Nouvelle Cal\u00e9donie.<\/p>\n<\/div><div class=\"fusion-image-element awb-imageframe-style awb-imageframe-style-below awb-imageframe-style-1\" style=\"--awb-aspect-ratio:1 \/ 1;--awb-object-position:37% 60%;--awb-caption-title-font-family:&quot;Montserrat&quot;;--awb-caption-title-font-weight:200;--awb-caption-title-font-style:italic;--awb-caption-title-size:var(--h2_typography-font-size);--awb-caption-title-transform:var(--h2_typography-text-transform);--awb-caption-title-line-height:var(--h2_typography-line-height);--awb-caption-title-letter-spacing:var(--h2_typography-letter-spacing);--awb-caption-text-font-family:&quot;Montserrat&quot;;--awb-caption-text-font-style:italic;--awb-caption-text-font-weight:200;\"><span class=\" fusion-imageframe imageframe-none imageframe-1 hover-type-none has-aspect-ratio\"><a href=\"https:\/\/www.service-public.pf\/ddc\/wp-content\/uploads\/sites\/45\/2024\/05\/j2-6-300x225.jpg\" class=\"fusion-lightbox\" data-rel=\"iLightbox[dc8c2fcc0ff7dcd39a0]\" data-title=\"J2 6\" title=\"J2 6\"><img decoding=\"async\" width=\"300\" height=\"225\" src=\"https:\/\/www.service-public.pf\/ddc\/wp-content\/uploads\/sites\/45\/2024\/05\/j2-6-300x225.jpg\" class=\"img-responsive wp-image-1832 img-with-aspect-ratio\" data-parent-fit=\"cover\" data-parent-container=\".fusion-image-element\" alt srcset=\"https:\/\/www.service-public.pf\/ddc\/wp-content\/uploads\/sites\/45\/2024\/05\/j2-6-200x150.jpg 200w, https:\/\/www.service-public.pf\/ddc\/wp-content\/uploads\/sites\/45\/2024\/05\/j2-6-400x300.jpg 400w, https:\/\/www.service-public.pf\/ddc\/wp-content\/uploads\/sites\/45\/2024\/05\/j2-6-600x450.jpg 600w, https:\/\/www.service-public.pf\/ddc\/wp-content\/uploads\/sites\/45\/2024\/05\/j2-6-800x600.jpg 800w, https:\/\/www.service-public.pf\/ddc\/wp-content\/uploads\/sites\/45\/2024\/05\/j2-6-1200x900.jpg 1200w\" sizes=\"(max-width: 1024px) 100vw, (max-width: 640px) 100vw, 1200px\" \/><\/a><\/span><div class=\"awb-imageframe-caption-container\"><div class=\"awb-imageframe-caption\"><h2 class=\"awb-imageframe-caption-title\"> <\/h2><p class=\"awb-imageframe-caption-text\">Les \u00e9lus du congr\u00e8s de l\u2019ACCDOM \u00e9changent pour la premi\u00e8re fois sur les collectivit\u00e9s de la r\u00e9gion du Pacifique et sur le FIP polyn\u00e9sien<\/p><\/div><\/div><\/div><div class=\"fusion-text fusion-text-2\" style=\"--awb-margin-top:20px;\"><p><span style=\"color: var(--awb-text-color);font-family: var(--awb-text-font-family);font-size: var(--awb-font-size);font-style: var(--awb-text-font-style);font-weight: var(--awb-text-font-weight);letter-spacing: var(--awb-letter-spacing);text-align: var(--awb-content-alignment);text-transform: var(--awb-text-transform);background-color: var(--awb-bg-color-hover)\">Le deuxi\u00e8me temps d\u2019\u00e9changes de la matin\u00e9e fut tout aussi intense car il portait sur le fonds intercommunal de p\u00e9r\u00e9quation (FIP) en Polyn\u00e9sie fran\u00e7aise et en Nouvelle Cal\u00e9donie.<\/span><\/p>\n<p>Le Pr\u00e9sident du SPCPF, Cyril TETUANUI a ainsi effectu\u00e9 une pr\u00e9sentation du fonctionnement de ce fonds, sanctuaris\u00e9 par le CGCT et la loi organique. Il a pu rappeler l\u2019\u00e9volution dans le temps du mode de gestion de ce fonds ainsi que des relations et notamment la coconstruction qui a nourri les travaux et les collaborations entre les communes, l\u2019Etat et le Pays. Une des illustrations les plus fortes de cette \u00e9volution r\u00e9side en la copr\u00e9sidence depuis 2021 par un \u00e9lu communal d\u00e9sign\u00e9 parmi les repr\u00e9sentants des communes des archipels au sein du comit\u00e9 des finances locales (CFL), instance de gouvernance du FIP. Un \u00e9lu communal copr\u00e9side d\u00e9sormais le CFL avec le Pr\u00e9sident du Pays et le Haut-commissaire de la R\u00e9publique.<\/p>\n<p>La table ronde qui a suivi a permis \u00e9galement \u00e0 Lisa JUVENTIN, en sa qualit\u00e9 de cheffe de la D\u00e9l\u00e9gation pour le d\u00e9veloppement des communes, dans le prolongement du partenariat \u00e9voqu\u00e9 par Cyril TETUANUI, sur le FIP de rappeler notamment :<\/p>\n<ul>\n<li>Une augmentation cons\u00e9quente de <strong>+4 milliards XPF en 2023 par rapport \u00e0 2022 de la quote-part de la Polyn\u00e9sie fran\u00e7aise au FIP<\/strong>, en provenance de nos recettes fiscales ;<\/li>\n<li>Le <strong>r\u00f4le central d\u2019importance de la DDC<\/strong> (partenaire financier des communes en soutien de leur d\u00e9veloppement, souhait\u00e9 par le Pays \u2013 les communes des autres d\u00e9partements et territoires d\u2019Outre-mer ne b\u00e9n\u00e9ficient pas d\u2019un tel outil local \u00e9margeant au budget du territoire dans de telles proportions financi\u00e8res) laquelle a en cours, plus de 8,8 milliards XPF de financements au profit de projets d\u2019investissement communaux\u2026.<\/li>\n<\/ul>\n<h3 id=\"toc_En_conclusion_la_deleguee_a_reaffirme_le_soutien\">En conclusion, la d\u00e9l\u00e9gu\u00e9e a r\u00e9affirm\u00e9 le soutien r\u00e9el, d\u2019importance du Pays au profit des communes et son maintien, positionnant le Pays comme un partenaire central pour leur d\u00e9veloppement.<\/h3>\n<p>Ainsi, les deux intervenants polyn\u00e9siens (SPCPF et PAYS) se sont unis pour partager sur l\u2019esprit de coconstruction, de solidarit\u00e9 et de dialogue qui est d\u00e9sormais une r\u00e9alit\u00e9 ainsi que cela a pu \u00eatre d\u00e9montr\u00e9.<\/p>\n<p>Enfin, il y a lieu de souligner que cette matin\u00e9e d\u00e9di\u00e9e \u00e0 nos territoires du pacifique constitue une nouveaut\u00e9 de ce 31<sup>\u00e8me<\/sup> congr\u00e8s de l\u2019ACCD\u2019OM ; elle a \u00e9t\u00e9 organis\u00e9e sur proposition du SPCPF, qui en a \u00e9t\u00e9 l\u2019organisateur en lien avec l\u2019ACCD\u2019OM et avec la collaboration des deux associations de maires de Nouvelle Cal\u00e9donie. Il y a lieu de souhaiter que ce type de moment puisse \u00eatre d\u00e9sormais p\u00e9rennis\u00e9 chaque ann\u00e9e.<\/p>\n<\/div><div class=\"fusion-image-carousel fusion-image-carousel-fixed fusion-image-carousel-1 lightbox-enabled fusion-carousel-border\"><div class=\"awb-carousel awb-swiper awb-swiper-carousel awb-carousel--carousel awb-swiper-dots-position-bottom\" data-layout=\"carousel\" data-autoplay=\"no\" data-autoplayspeed=\"2500\" data-autoplaypause=\"no\" data-loop=\"yes\" data-columns=\"5\" data-columnsmedium=\"1\" data-columnssmall=\"1\" data-itemmargin=\"13\" data-itemwidth=\"180\" data-touchscroll=\"no\" data-freemode=\"no\" data-imagesize=\"fixed\" data-scrollitems=\"0\" data-centeredslides=\"no\" data-rotationangle=\"50\" data-depth=\"100\" data-speed=\"500\" data-shadow=\"no\" data-pagination=\"bullets\" style=\"--awb-border-width:1px;--awb-border-color:#e9eaee;\"><div class=\"swiper-wrapper awb-image-carousel-wrapper fusion-flex-align-items-center\"><div class=\"swiper-slide\"><div class=\"fusion-carousel-item-wrapper\"><div class=\"fusion-image-wrapper hover-type-none\"><a data-rel=\"iLightbox[image_carousel_1]\" data-caption=\"De gauche \u00e0 droite : Vaimu&#039;a MULIAVA (NC), Bruno FLORES (PF) et Ronny TAUHAVILI (W&amp;F)\" data-title=\"Actu Congr\u00e8s\" aria-label=\"Actu Congr\u00e8s\" href=\"https:\/\/www.service-public.pf\/ddc\/wp-content\/uploads\/sites\/45\/2024\/05\/1-4-2-2-actu-congres-225x300.jpeg\" target=\"_self\"><img decoding=\"async\" width=\"320\" height=\"202\" src=\"https:\/\/www.service-public.pf\/ddc\/wp-content\/uploads\/sites\/45\/2024\/05\/1-4-2-2-actu-congres-320x202.jpeg\" class=\"attachment-blog-medium size-blog-medium\" alt=\"\" \/><\/a><\/div><\/div><\/div><div class=\"swiper-slide\"><div class=\"fusion-carousel-item-wrapper\"><div class=\"fusion-image-wrapper hover-type-none\"><a data-rel=\"iLightbox[image_carousel_1]\" data-title=\"J2 5\" aria-label=\"J2 5\" href=\"https:\/\/www.service-public.pf\/ddc\/wp-content\/uploads\/sites\/45\/2024\/05\/j2-5-300x225.jpg\" target=\"_self\"><img decoding=\"async\" width=\"320\" height=\"202\" src=\"https:\/\/www.service-public.pf\/ddc\/wp-content\/uploads\/sites\/45\/2024\/05\/j2-5-320x202.jpg\" class=\"attachment-blog-medium size-blog-medium\" alt=\"\" \/><\/a><\/div><\/div><\/div><div class=\"swiper-slide\"><div class=\"fusion-carousel-item-wrapper\"><div class=\"fusion-image-wrapper hover-type-none\"><a data-rel=\"iLightbox[image_carousel_1]\" data-title=\"J2 2\" aria-label=\"J2 2\" href=\"https:\/\/www.service-public.pf\/ddc\/wp-content\/uploads\/sites\/45\/2024\/05\/j2-2-300x225.jpg\" target=\"_self\"><img decoding=\"async\" width=\"320\" height=\"202\" src=\"https:\/\/www.service-public.pf\/ddc\/wp-content\/uploads\/sites\/45\/2024\/05\/j2-2-320x202.jpg\" class=\"attachment-blog-medium size-blog-medium\" alt=\"\" \/><\/a><\/div><\/div><\/div><div class=\"swiper-slide\"><div class=\"fusion-carousel-item-wrapper\"><div class=\"fusion-image-wrapper hover-type-none\"><a data-rel=\"iLightbox[image_carousel_1]\" target=\"_self\"><img decoding=\"async\" src=\"\" alt=\"\"\/><\/a><\/div><\/div><\/div><div class=\"swiper-slide\"><div class=\"fusion-carousel-item-wrapper\"><div class=\"fusion-image-wrapper hover-type-none\"><a data-rel=\"iLightbox[image_carousel_1]\" target=\"_self\"><img decoding=\"async\" src=\"\" alt=\"\"\/><\/a><\/div><\/div><\/div><\/div><div class=\"awb-swiper-button awb-swiper-button-prev\"><i class=\"awb-icon-angle-left\" aria-hidden=\"true\"><\/i><\/div><div class=\"awb-swiper-button awb-swiper-button-next\"><i class=\"awb-icon-angle-right\" aria-hidden=\"true\"><\/i><\/div><\/div><\/div><\/div><\/div><\/div><\/div>\n","protected":false},"excerpt":{"rendered":"","protected":false},"author":93,"featured_media":2099,"comment_status":"closed","ping_status":"closed","sticky":false,"template":"","format":"standard","meta":{"_seopress_robots_primary_cat":"none","_seopress_titles_title":"Congr\u00e8s ACCD'OM 2023 - Pr\u00e9sentation de la Polyn\u00e9sie fran\u00e7aise","_seopress_titles_desc":"Bruno FLORES, repr\u00e9sentant de la Polyn\u00e9sie fran\u00e7aise \u00e0 l'ACCD'OM, a pr\u00e9sent\u00e9 la collectivit\u00e9 lors de la premi\u00e8re journ\u00e9e du congr\u00e8s 2023.","_seopress_robots_index":"","footnotes":""},"categories":[86],"tags":[87,90,88,91,89],"class_list":["post-1394","post","type-post","status-publish","format-standard","has-post-thumbnail","hentry","category-congres","tag-accdom","tag-bruno","tag-fip","tag-flores","tag-noumea"],"_links":{"self":[{"href":"https:\/\/www.service-public.pf\/ddc\/wp-json\/wp\/v2\/posts\/1394","targetHints":{"allow":["GET"]}}],"collection":[{"href":"https:\/\/www.service-public.pf\/ddc\/wp-json\/wp\/v2\/posts"}],"about":[{"href":"https:\/\/www.service-public.pf\/ddc\/wp-json\/wp\/v2\/types\/post"}],"author":[{"embeddable":true,"href":"https:\/\/www.service-public.pf\/ddc\/wp-json\/wp\/v2\/users\/93"}],"replies":[{"embeddable":true,"href":"https:\/\/www.service-public.pf\/ddc\/wp-json\/wp\/v2\/comments?post=1394"}],"version-history":[{"count":0,"href":"https:\/\/www.service-public.pf\/ddc\/wp-json\/wp\/v2\/posts\/1394\/revisions"}],"wp:featuredmedia":[{"embeddable":true,"href":"https:\/\/www.service-public.pf\/ddc\/wp-json\/wp\/v2\/media\/2099"}],"wp:attachment":[{"href":"https:\/\/www.service-public.pf\/ddc\/wp-json\/wp\/v2\/media?parent=1394"}],"wp:term":[{"taxonomy":"category","embeddable":true,"href":"https:\/\/www.service-public.pf\/ddc\/wp-json\/wp\/v2\/categories?post=1394"},{"taxonomy":"post_tag","embeddable":true,"href":"https:\/\/www.service-public.pf\/ddc\/wp-json\/wp\/v2\/tags?post=1394"}],"curies":[{"name":"wp","href":"https:\/\/api.w.org\/{rel}","templated":true}]}}