{"id":344,"count":1,"description":"","link":"https:\/\/www.service-public.pf\/dgae\/portfolio_category\/declaration-prealable-marche-aux-puces\/","name":"d\u00e9claration pr\u00e9alable march\u00e9 aux puces","slug":"declaration-prealable-marche-aux-puces","taxonomy":"portfolio_category","parent":0,"meta":[],"_links":{"self":[{"href":"https:\/\/www.service-public.pf\/dgae\/wp-json\/wp\/v2\/portfolio_category\/344","targetHints":{"allow":["GET"]}}],"collection":[{"href":"https:\/\/www.service-public.pf\/dgae\/wp-json\/wp\/v2\/portfolio_category"}],"about":[{"href":"https:\/\/www.service-public.pf\/dgae\/wp-json\/wp\/v2\/taxonomies\/portfolio_category"}],"wp:post_type":[{"href":"https:\/\/www.service-public.pf\/dgae\/wp-json\/wp\/v2\/avada_portfolio?portfolio_category=344"}],"curies":[{"name":"wp","href":"https:\/\/api.w.org\/{rel}","templated":true}]}}