{"id":13438,"date":"2019-06-26T16:05:07","date_gmt":"2019-06-27T02:05:07","guid":{"rendered":"https:\/\/www.service-public.pf\/dgen\/?p=13438"},"modified":"2019-07-22T15:52:50","modified_gmt":"2019-07-23T01:52:50","slug":"avis-dattribution-de-marche-en-procedure-adaptee-relatif-a-la-realisation-de-deux-enquetes-sur-les-usages-du-numerique-dans-les-menages-et-les-entreprises-en-polynesie-francaise","status":"publish","type":"post","link":"https:\/\/www.service-public.pf\/dgen\/avis-dattribution-de-marche-en-procedure-adaptee-relatif-a-la-realisation-de-deux-enquetes-sur-les-usages-du-numerique-dans-les-menages-et-les-entreprises-en-polynesie-francaise\/","title":{"rendered":"Avis d\u2019attribution de march\u00e9 en proc\u00e9dure adapt\u00e9e relatif \u00e0 la r\u00e9alisation de deux enqu\u00eates sur les usages du num\u00e9rique dans les m\u00e9nages et les entreprises en Polyn\u00e9sie fran\u00e7aise"},"content":{"rendered":"<p><img decoding=\"async\" class=\"aligncenter size-600 wp-image-13439\" src=\"https:\/\/www.service-public.pf\/dgen\/wp-content\/uploads\/sites\/3\/2019\/07\/avis-\u00e9tudes-TRI-2019-600x354.jpg\" alt=\"\" width=\"600\" height=\"354\" srcset=\"https:\/\/www.service-public.pf\/dgen\/wp-content\/uploads\/sites\/3\/2019\/07\/avis-\u00e9tudes-TRI-2019-200x118.jpg 200w, https:\/\/www.service-public.pf\/dgen\/wp-content\/uploads\/sites\/3\/2019\/07\/avis-\u00e9tudes-TRI-2019-300x177.jpg 300w, https:\/\/www.service-public.pf\/dgen\/wp-content\/uploads\/sites\/3\/2019\/07\/avis-\u00e9tudes-TRI-2019-400x236.jpg 400w, https:\/\/www.service-public.pf\/dgen\/wp-content\/uploads\/sites\/3\/2019\/07\/avis-\u00e9tudes-TRI-2019-600x354.jpg 600w, https:\/\/www.service-public.pf\/dgen\/wp-content\/uploads\/sites\/3\/2019\/07\/avis-\u00e9tudes-TRI-2019-768x453.jpg 768w, https:\/\/www.service-public.pf\/dgen\/wp-content\/uploads\/sites\/3\/2019\/07\/avis-\u00e9tudes-TRI-2019-800x471.jpg 800w, https:\/\/www.service-public.pf\/dgen\/wp-content\/uploads\/sites\/3\/2019\/07\/avis-\u00e9tudes-TRI-2019-1024x603.jpg 1024w, https:\/\/www.service-public.pf\/dgen\/wp-content\/uploads\/sites\/3\/2019\/07\/avis-\u00e9tudes-TRI-2019.jpg 1086w\" sizes=\"(max-width: 600px) 100vw, 600px\" \/><\/p>\n<p>&nbsp;<\/p>\n<p>Date d\u2019envoi \u00e0 la publication de l\u2019avis de consultation : Vendredi 14 juin 2019<br \/>\nDate limite de remise des offres : Lundi 8 juillet 2019 \u00e0 10h00<br \/>\nDate de r\u00e9union de la commission : Mardi 9 juillet 2019 \u00e0 14h00<br \/>\nObjet du march\u00e9 en proc\u00e9dure adapt\u00e9e : C\u2019est la r\u00e9alisation de deux enqu\u00eates sur les usages du<br \/>\nnum\u00e9rique dans les m\u00e9nages et les entreprises en Polyn\u00e9sie fran\u00e7aise, qui permettra de mesurer et<br \/>\ncomparer le niveau d\u2019activit\u00e9 des usages du num\u00e9rique en Polyn\u00e9sie fran\u00e7aise sur plusieurs ann\u00e9es.<br \/>\nTitulaire du march\u00e9 : SARL Alvea Consulting<br \/>\nMontant TTC : 6 780 000 F CFP<br \/>\nD\u00e9lai d\u2019ex\u00e9cution : Du 15 juillet au 31 octobre 2019<br \/>\nDate d\u2019envoi \u00e0 la publication de l\u2019avis d\u2019attribution : Mardi 9 juillet 2019<\/p>\n<p><a href=\"https:\/\/www.service-public.pf\/dgen\/wp-content\/uploads\/sites\/3\/2019\/07\/20190709162611233.pdf\">Avis en pdf<\/a><\/p>\n","protected":false},"excerpt":{"rendered":"<p>&nbsp; Date d\u2019envoi \u00e0 la publication de l\u2019avis de consultation : Vendredi 14 juin 2019 Date limite de remise des offres : Lundi 8 juillet 2019 \u00e0 10h00 Date de r\u00e9union de la commission : Mardi 9 juillet 2019 \u00e0 14h00 Objet du march\u00e9 en proc\u00e9dure adapt\u00e9e : C\u2019est la r\u00e9alisation de deux enqu\u00eates sur  [&#8230;]<\/p>\n","protected":false},"author":4,"featured_media":13439,"comment_status":"closed","ping_status":"closed","sticky":false,"template":"","format":"standard","meta":{"_seopress_robots_primary_cat":"","_seopress_titles_title":"","_seopress_titles_desc":"","_seopress_robots_index":"","footnotes":""},"categories":[1308],"tags":[519,1010,1540],"class_list":["post-13438","post","type-post","status-publish","format-standard","has-post-thumbnail","hentry","category-actualites-2","tag-dgen","tag-etudes-2","tag-mapa"],"_links":{"self":[{"href":"https:\/\/www.service-public.pf\/dgen\/wp-json\/wp\/v2\/posts\/13438","targetHints":{"allow":["GET"]}}],"collection":[{"href":"https:\/\/www.service-public.pf\/dgen\/wp-json\/wp\/v2\/posts"}],"about":[{"href":"https:\/\/www.service-public.pf\/dgen\/wp-json\/wp\/v2\/types\/post"}],"author":[{"embeddable":true,"href":"https:\/\/www.service-public.pf\/dgen\/wp-json\/wp\/v2\/users\/4"}],"replies":[{"embeddable":true,"href":"https:\/\/www.service-public.pf\/dgen\/wp-json\/wp\/v2\/comments?post=13438"}],"version-history":[{"count":0,"href":"https:\/\/www.service-public.pf\/dgen\/wp-json\/wp\/v2\/posts\/13438\/revisions"}],"wp:featuredmedia":[{"embeddable":true,"href":"https:\/\/www.service-public.pf\/dgen\/wp-json\/wp\/v2\/media\/13439"}],"wp:attachment":[{"href":"https:\/\/www.service-public.pf\/dgen\/wp-json\/wp\/v2\/media?parent=13438"}],"wp:term":[{"taxonomy":"category","embeddable":true,"href":"https:\/\/www.service-public.pf\/dgen\/wp-json\/wp\/v2\/categories?post=13438"},{"taxonomy":"post_tag","embeddable":true,"href":"https:\/\/www.service-public.pf\/dgen\/wp-json\/wp\/v2\/tags?post=13438"}],"curies":[{"name":"wp","href":"https:\/\/api.w.org\/{rel}","templated":true}]}}