{"id":9916,"date":"2016-09-15T15:01:45","date_gmt":"2016-09-16T01:01:45","guid":{"rendered":"http:\/\/www.service-public.pf\/dgen\/?p=9916"},"modified":"2026-03-06T09:21:59","modified_gmt":"2026-03-06T19:21:59","slug":"organigramme-de-la-dgen-2","status":"publish","type":"post","link":"https:\/\/www.service-public.pf\/dgen\/organigramme-de-la-dgen-2\/","title":{"rendered":"Organigramme de la DGEN"},"content":{"rendered":"<p><span style=\"font-size: 14pt\">La Direction G\u00e9n\u00e9rale de l&rsquo;Economie Num\u00e9rique (DGEN) assure la coordination interne, la strat\u00e9gie, la r\u00e9gulation, l\u2019\u00e9valuation et la mise en \u0153uvre op\u00e9rationnelle du secteur du Num\u00e9rique. Elle est compos\u00e9e d\u2019une administration centrale et d&rsquo;une administration d\u00e9concentr\u00e9e.<\/span><\/p>\n<h2 data-start=\"737\" data-end=\"770\"><span style=\"font-size: 24pt\"><strong data-start=\"740\" data-end=\"770\">1. Administration centrale<\/strong><\/span><\/h2>\n<h3 data-start=\"772\" data-end=\"824\"><span style=\"font-size: 18pt\"><strong data-start=\"776\" data-end=\"822\">\ud83d\udccc Bureau administratif et financier (BAF)<\/strong><\/span><\/h3>\n<p data-start=\"825\" data-end=\"995\"><span style=\"font-size: 14pt\"><strong data-start=\"825\" data-end=\"842\">Responsable :<\/strong> Directeur adjoint \/ Responsable administratif et financier<\/span><br data-start=\"901\" data-end=\"904\" \/><span style=\"font-size: 14pt\"><strong data-start=\"904\" data-end=\"921\">Composition :<\/strong> 1 agent cat\u00e9gorie A, 2 agents B, 1 agent C<\/span><br data-start=\"964\" data-end=\"967\" \/><span style=\"font-size: 14pt\"><strong data-start=\"967\" data-end=\"993\">Missions principales :<\/strong><\/span><\/p>\n<ul data-start=\"996\" data-end=\"1295\">\n<li data-start=\"996\" data-end=\"1030\">\n<p data-start=\"998\" data-end=\"1030\"><span style=\"font-size: 14pt\">Budget, finances, comptabilit\u00e9<\/span><\/p>\n<\/li>\n<li data-start=\"1031\" data-end=\"1079\">\n<p data-start=\"1033\" data-end=\"1079\"><span style=\"font-size: 14pt\">Gestion du patrimoine et des moyens g\u00e9n\u00e9raux<\/span><\/p>\n<\/li>\n<li data-start=\"1080\" data-end=\"1103\">\n<p data-start=\"1082\" data-end=\"1103\"><span style=\"font-size: 14pt\">Ressources humaines<\/span><\/p>\n<\/li>\n<li data-start=\"1104\" data-end=\"1130\">\n<p data-start=\"1106\" data-end=\"1130\"><span style=\"font-size: 14pt\">Accueil et secr\u00e9tariat<\/span><\/p>\n<\/li>\n<li data-start=\"1131\" data-end=\"1154\">\n<p data-start=\"1133\" data-end=\"1154\"><span style=\"font-size: 14pt\">Gestion du courrier<\/span><\/p>\n<\/li>\n<li data-start=\"1155\" data-end=\"1201\">\n<p data-start=\"1157\" data-end=\"1201\"><span style=\"font-size: 14pt\">Communication et organisation d\u2019\u00e9v\u00e8nements<\/span><\/p>\n<\/li>\n<li data-start=\"1202\" data-end=\"1295\">\n<p data-start=\"1204\" data-end=\"1295\"><span style=\"font-size: 14pt\"><strong data-start=\"1204\" data-end=\"1251\">Instruction et contr\u00f4le des aides publiques<\/strong> (cin\u00e9ma, num\u00e9rique, dispositifs sectoriels)<\/span><\/p>\n<\/li>\n<\/ul>\n<h3 data-start=\"1302\" data-end=\"1366\"><span style=\"font-size: 18pt\"><strong data-start=\"1306\" data-end=\"1364\">\ud83d\udccc Bureau des affaires juridiques et \u00e9conomiques (BAJ)<\/strong><\/span><\/h3>\n<p data-start=\"1367\" data-end=\"1441\"><span style=\"font-size: 14pt\"><strong data-start=\"1367\" data-end=\"1384\">Composition :<\/strong> 2 juristes de cat\u00e9gorie A<\/span><br data-start=\"1410\" data-end=\"1413\" \/><span style=\"font-size: 14pt\"><strong data-start=\"1413\" data-end=\"1439\">Missions principales :<\/strong><\/span><\/p>\n<ul data-start=\"1442\" data-end=\"1688\">\n<li data-start=\"1442\" data-end=\"1487\">\n<p data-start=\"1444\" data-end=\"1487\"><span style=\"font-size: 14pt\">\u00c9laboration et suivi de la r\u00e9glementation<\/span><\/p>\n<\/li>\n<li data-start=\"1488\" data-end=\"1523\">\n<p data-start=\"1490\" data-end=\"1523\"><span style=\"font-size: 14pt\">\u00c9tudes juridiques &amp; \u00e9conomiques<\/span><\/p>\n<\/li>\n<li data-start=\"1524\" data-end=\"1577\">\n<p data-start=\"1526\" data-end=\"1577\"><span style=\"font-size: 14pt\">R\u00e9gulation du secteur postes &amp; t\u00e9l\u00e9communications<\/span><\/p>\n<\/li>\n<li data-start=\"1578\" data-end=\"1598\">\n<p data-start=\"1580\" data-end=\"1598\"><span style=\"font-size: 14pt\">Veille juridique<\/span><\/p>\n<\/li>\n<li data-start=\"1599\" data-end=\"1660\">\n<p data-start=\"1601\" data-end=\"1660\"><span style=\"font-size: 14pt\">Appui juridique transversal \u00e0 tous les bureaux \/ cellules<\/span><\/p>\n<\/li>\n<li data-start=\"1661\" data-end=\"1688\">\n<p data-start=\"1663\" data-end=\"1688\"><span style=\"font-size: 14pt\">Gestion des contentieux<\/span><\/p>\n<\/li>\n<\/ul>\n<h3 data-start=\"1695\" data-end=\"1744\"><span style=\"font-size: 18pt\"><strong data-start=\"1699\" data-end=\"1742\">\ud83d\udccc Bureau des affaires techniques (BAT)<\/strong><\/span><\/h3>\n<p data-start=\"1745\" data-end=\"1819\"><span style=\"font-size: 14pt\"><strong data-start=\"1745\" data-end=\"1762\">Composition :<\/strong> 1 ing\u00e9nieur (cat\u00e9gorie A)<\/span><br data-start=\"1788\" data-end=\"1791\" \/><span style=\"font-size: 14pt\"><strong data-start=\"1791\" data-end=\"1817\">Missions principales :<\/strong><\/span><\/p>\n<ul data-start=\"1820\" data-end=\"2136\">\n<li data-start=\"1820\" data-end=\"1866\">\n<p data-start=\"1822\" data-end=\"1866\"><span style=\"font-size: 14pt\">Affectation et gestion des radiofr\u00e9quences<\/span><\/p>\n<\/li>\n<li data-start=\"1867\" data-end=\"1895\">\n<p data-start=\"1869\" data-end=\"1895\"><span style=\"font-size: 14pt\">Autorisations de r\u00e9seaux<\/span><\/p>\n<\/li>\n<li data-start=\"1896\" data-end=\"1975\">\n<p data-start=\"1898\" data-end=\"1975\"><span style=\"font-size: 14pt\">Contr\u00f4le de conformit\u00e9 des sites radio\u00e9lectriques, \u00e9quipements et terminaux<\/span><\/p>\n<\/li>\n<li data-start=\"1976\" data-end=\"2019\">\n<p data-start=\"1978\" data-end=\"2019\"><span style=\"font-size: 14pt\">Processus d\u2019exon\u00e9ration des \u00e9quipements<\/span><\/p>\n<\/li>\n<li data-start=\"2020\" data-end=\"2069\">\n<p data-start=\"2022\" data-end=\"2069\"><span style=\"font-size: 14pt\">Gestion des noms de domaine de premier niveau<\/span><\/p>\n<\/li>\n<li data-start=\"2070\" data-end=\"2136\">\n<p data-start=\"2072\" data-end=\"2136\"><span style=\"font-size: 14pt\">R\u00e9daction de cahiers des charges techniques (en lien avec BAJ)<\/span><\/p>\n<\/li>\n<\/ul>\n<h2 data-start=\"2143\" data-end=\"2180\"><span style=\"font-size: 24pt\"><strong data-start=\"2146\" data-end=\"2180\">2. Administration d\u00e9concentr\u00e9e<\/strong><\/span><\/h2>\n<h3 data-start=\"2182\" data-end=\"2235\"><span style=\"font-size: 18pt\"><strong data-start=\"2186\" data-end=\"2233\">\ud83d\udccc Cellule \u00ab Tahiti Film Commission \u00bb (TFC)<\/strong><\/span><\/h3>\n<p data-start=\"2236\" data-end=\"2304\"><span style=\"font-size: 14pt\"><strong data-start=\"2236\" data-end=\"2253\">Composition :<\/strong> 1 agent cat\u00e9gorie A<\/span><br data-start=\"2273\" data-end=\"2276\" \/><span style=\"font-size: 14pt\"><strong data-start=\"2276\" data-end=\"2302\">Missions principales :<\/strong><\/span><\/p>\n<ul data-start=\"2305\" data-end=\"2661\">\n<li data-start=\"2305\" data-end=\"2364\">\n<p data-start=\"2307\" data-end=\"2364\"><span style=\"font-size: 14pt\"><strong data-start=\"2307\" data-end=\"2362\">Guichet unique pour les professionnels audiovisuels<\/strong><\/span><\/p>\n<\/li>\n<li data-start=\"2365\" data-end=\"2420\">\n<p data-start=\"2367\" data-end=\"2420\"><span style=\"font-size: 14pt\">Suivi de la r\u00e9glementation audiovisuelle (avec BAJ)<\/span><\/p>\n<\/li>\n<li data-start=\"2421\" data-end=\"2476\">\n<p data-start=\"2423\" data-end=\"2476\"><span style=\"font-size: 14pt\">Suivi des aides publiques audiovisuelles : SCCA et DSA SPACE (avec BAF)<\/span><\/p>\n<\/li>\n<li data-start=\"2477\" data-end=\"2538\">\n<p data-start=\"2479\" data-end=\"2538\"><span style=\"font-size: 14pt\">Organisation des commissions consultatives audiovisuelles<\/span><\/p>\n<\/li>\n<li data-start=\"2539\" data-end=\"2599\">\n<p data-start=\"2541\" data-end=\"2599\"><span style=\"font-size: 14pt\">Promotion de la destination Polyn\u00e9sie pour les tournages<\/span><\/p>\n<\/li>\n<li data-start=\"2600\" data-end=\"2661\">\n<p data-start=\"2602\" data-end=\"2661\"><span style=\"font-size: 14pt\">Accompagnement des productions locales et internationales<\/span><\/p>\n<\/li>\n<\/ul>\n","protected":false},"excerpt":{"rendered":"<p>La Direction G\u00e9n\u00e9rale de l&rsquo;Economie Num\u00e9rique (DGEN) assure la coordination interne, la strat\u00e9gie, la r\u00e9gulation, l\u2019\u00e9valuation et la mise en \u0153uvre op\u00e9rationnelle du secteur du Num\u00e9rique. Elle est compos\u00e9e d\u2019une administration centrale et d&rsquo;une administration d\u00e9concentr\u00e9e. 1. Administration centrale \ud83d\udccc Bureau administratif et financier (BAF) Responsable : Directeur adjoint \/ Responsable administratif et financierComposition :  [&#8230;]<\/p>\n","protected":false},"author":4,"featured_media":15300,"comment_status":"closed","ping_status":"closed","sticky":false,"template":"","format":"standard","meta":{"_seopress_robots_primary_cat":"none","_seopress_titles_title":"","_seopress_titles_desc":"","_seopress_robots_index":"","footnotes":""},"categories":[1312],"tags":[1320],"class_list":["post-9916","post","type-post","status-publish","format-standard","has-post-thumbnail","hentry","category-dgen","tag-service"],"_links":{"self":[{"href":"https:\/\/www.service-public.pf\/dgen\/wp-json\/wp\/v2\/posts\/9916","targetHints":{"allow":["GET"]}}],"collection":[{"href":"https:\/\/www.service-public.pf\/dgen\/wp-json\/wp\/v2\/posts"}],"about":[{"href":"https:\/\/www.service-public.pf\/dgen\/wp-json\/wp\/v2\/types\/post"}],"author":[{"embeddable":true,"href":"https:\/\/www.service-public.pf\/dgen\/wp-json\/wp\/v2\/users\/4"}],"replies":[{"embeddable":true,"href":"https:\/\/www.service-public.pf\/dgen\/wp-json\/wp\/v2\/comments?post=9916"}],"version-history":[{"count":4,"href":"https:\/\/www.service-public.pf\/dgen\/wp-json\/wp\/v2\/posts\/9916\/revisions"}],"predecessor-version":[{"id":15137,"href":"https:\/\/www.service-public.pf\/dgen\/wp-json\/wp\/v2\/posts\/9916\/revisions\/15137"}],"wp:featuredmedia":[{"embeddable":true,"href":"https:\/\/www.service-public.pf\/dgen\/wp-json\/wp\/v2\/media\/15300"}],"wp:attachment":[{"href":"https:\/\/www.service-public.pf\/dgen\/wp-json\/wp\/v2\/media?parent=9916"}],"wp:term":[{"taxonomy":"category","embeddable":true,"href":"https:\/\/www.service-public.pf\/dgen\/wp-json\/wp\/v2\/categories?post=9916"},{"taxonomy":"post_tag","embeddable":true,"href":"https:\/\/www.service-public.pf\/dgen\/wp-json\/wp\/v2\/tags?post=9916"}],"curies":[{"name":"wp","href":"https:\/\/api.w.org\/{rel}","templated":true}]}}