{"id":12501,"date":"2021-08-05T10:18:42","date_gmt":"2021-08-05T20:18:42","guid":{"rendered":"https:\/\/www.service-public.pf\/dpam\/?p=12501"},"modified":"2021-08-05T10:20:19","modified_gmt":"2021-08-05T20:20:19","slug":"ledition-2021-du-te-aito-est-annulee","status":"publish","type":"post","link":"https:\/\/www.service-public.pf\/dpam\/2021\/08\/05\/ledition-2021-du-te-aito-est-annulee\/","title":{"rendered":"L&rsquo;\u00e9dition 2021 du Super Aito est annul\u00e9e."},"content":{"rendered":"<div class=\"fusion-fullwidth fullwidth-box fusion-builder-row-1 fusion-flex-container nonhundred-percent-fullwidth non-hundred-percent-height-scrolling\" style=\"--awb-border-radius-top-left:0px;--awb-border-radius-top-right:0px;--awb-border-radius-bottom-right:0px;--awb-border-radius-bottom-left:0px;--awb-flex-wrap:wrap;\" ><div class=\"fusion-builder-row fusion-row fusion-flex-align-items-flex-start fusion-flex-content-wrap\" style=\"max-width:1144px;margin-left: calc(-4% \/ 2 );margin-right: calc(-4% \/ 2 );\"><div class=\"fusion-layout-column fusion_builder_column fusion-builder-column-0 fusion_builder_column_1_2 1_2 fusion-flex-column\" style=\"--awb-bg-size:cover;--awb-width-large:50%;--awb-margin-top-large:0px;--awb-spacing-right-large:3.84%;--awb-margin-bottom-large:20px;--awb-spacing-left-large:3.84%;--awb-width-medium:100%;--awb-order-medium:0;--awb-spacing-right-medium:1.92%;--awb-spacing-left-medium:1.92%;--awb-width-small:100%;--awb-order-small:0;--awb-spacing-right-small:1.92%;--awb-spacing-left-small:1.92%;\"><div class=\"fusion-column-wrapper fusion-column-has-shadow fusion-flex-justify-content-flex-start fusion-content-layout-column\"><div class=\"fusion-text fusion-text-1\"><div class=\"page\" title=\"Page 1\">\n<div class=\"section\">\n<div class=\"layoutArea\">\n<div class=\"column\">\n<p>Jeudi 5 aout 2021 &#8211; L&rsquo;e\u0301dition 2021 de la grande course de va&rsquo;a du Super aito, qui devait se de\u0301rouler cette ann\u00e9e a\u0300 Rangiroa du 20 au 22 aou\u0302t, a e\u0301te\u0301 annule\u0301e par ses organisateurs pour raisons sanitaires.<\/p>\n<p>L&rsquo;annonce a \u00e9t\u00e9 faite par Te Aito Events sur sa page Facebook. L&rsquo;organisateur pre\u0301cise que la de\u0301cision a e\u0301te\u0301 prise avec le ta\u0304vana de Rangiroa et qu&rsquo;il \u201cdonne rendez-vous a\u0300 la population des Tuamotu en aou\u0302t 2022.\u201d Un temps, l&rsquo;organisateur a pens\u00e9 ramener la course sur Tahiti aux m\u00eames dates, mais c&rsquo;\u00e9tait trop tard en terme d&rsquo;organisation. Il a aussi envisag\u00e9 de la reporter plus tard, mais le calendrier de la F\u00e9d\u00e9ration Tahitienne de Va&rsquo;a d\u00e9j\u00e0 tr\u00e8s charg\u00e9 n&rsquo;offrait plus de cr\u00e9neaux disponibles. Rendez-vous donc en 2022.<\/p>\n<\/div>\n<\/div>\n<\/div>\n<\/div>\n<\/div><div class=\"fusion-text fusion-text-2\"><p>Cr\u00e9dit photo Te Aito 2019<\/p>\n<\/div><\/div><\/div><div class=\"fusion-layout-column fusion_builder_column fusion-builder-column-1 fusion_builder_column_1_2 1_2 fusion-flex-column\" style=\"--awb-bg-size:cover;--awb-width-large:50%;--awb-margin-top-large:0px;--awb-spacing-right-large:3.84%;--awb-margin-bottom-large:20px;--awb-spacing-left-large:3.84%;--awb-width-medium:100%;--awb-order-medium:0;--awb-spacing-right-medium:1.92%;--awb-spacing-left-medium:1.92%;--awb-width-small:100%;--awb-order-small:0;--awb-spacing-right-small:1.92%;--awb-spacing-left-small:1.92%;\"><div class=\"fusion-column-wrapper fusion-column-has-shadow fusion-flex-justify-content-flex-start fusion-content-layout-column\"><div class=\"fusion-image-element \" style=\"--awb-caption-title-font-family:var(--h2_typography-font-family);--awb-caption-title-font-weight:var(--h2_typography-font-weight);--awb-caption-title-font-style:var(--h2_typography-font-style);--awb-caption-title-size:var(--h2_typography-font-size);--awb-caption-title-transform:var(--h2_typography-text-transform);--awb-caption-title-line-height:var(--h2_typography-line-height);--awb-caption-title-letter-spacing:var(--h2_typography-letter-spacing);\"><span class=\" fusion-imageframe imageframe-none imageframe-1 hover-type-none\"><img decoding=\"async\" width=\"1026\" height=\"954\" title=\"Capture D\u2019e\u0301cran 2021 08 05 A\u0300 10.11.44\" src=\"https:\/\/www.service-public.pf\/dpam\/wp-content\/uploads\/sites\/20\/2021\/08\/Capture-de\u0301cran-2021-08-05-a\u0300-10.11.44.png\" alt class=\"img-responsive wp-image-12503\" srcset=\"https:\/\/www.service-public.pf\/dpam\/wp-content\/uploads\/sites\/20\/2021\/08\/Capture-de\u0301cran-2021-08-05-a\u0300-10.11.44-200x186.png 200w, https:\/\/www.service-public.pf\/dpam\/wp-content\/uploads\/sites\/20\/2021\/08\/Capture-de\u0301cran-2021-08-05-a\u0300-10.11.44-400x372.png 400w, https:\/\/www.service-public.pf\/dpam\/wp-content\/uploads\/sites\/20\/2021\/08\/Capture-de\u0301cran-2021-08-05-a\u0300-10.11.44-600x558.png 600w, https:\/\/www.service-public.pf\/dpam\/wp-content\/uploads\/sites\/20\/2021\/08\/Capture-de\u0301cran-2021-08-05-a\u0300-10.11.44-800x744.png 800w, https:\/\/www.service-public.pf\/dpam\/wp-content\/uploads\/sites\/20\/2021\/08\/Capture-de\u0301cran-2021-08-05-a\u0300-10.11.44.png 1026w\" sizes=\"(max-width: 1024px) 100vw, (max-width: 640px) 100vw, 600px\" \/><\/span><\/div><div class=\"fusion-text fusion-text-3\"><p>Extrait page facebook Te Aito Events<\/p>\n<\/div><\/div><\/div><\/div><\/div>\n","protected":false},"excerpt":{"rendered":"","protected":false},"author":141,"featured_media":12500,"comment_status":"closed","ping_status":"closed","sticky":false,"template":"","format":"standard","meta":{"_seopress_robots_primary_cat":"none","_seopress_titles_title":"","_seopress_titles_desc":"","_seopress_robots_index":"","footnotes":""},"categories":[129,83],"tags":[],"class_list":["post-12501","post","type-post","status-publish","format-standard","has-post-thumbnail","hentry","category-a-la-une","category-news"],"_links":{"self":[{"href":"https:\/\/www.service-public.pf\/dpam\/wp-json\/wp\/v2\/posts\/12501","targetHints":{"allow":["GET"]}}],"collection":[{"href":"https:\/\/www.service-public.pf\/dpam\/wp-json\/wp\/v2\/posts"}],"about":[{"href":"https:\/\/www.service-public.pf\/dpam\/wp-json\/wp\/v2\/types\/post"}],"author":[{"embeddable":true,"href":"https:\/\/www.service-public.pf\/dpam\/wp-json\/wp\/v2\/users\/141"}],"replies":[{"embeddable":true,"href":"https:\/\/www.service-public.pf\/dpam\/wp-json\/wp\/v2\/comments?post=12501"}],"version-history":[{"count":0,"href":"https:\/\/www.service-public.pf\/dpam\/wp-json\/wp\/v2\/posts\/12501\/revisions"}],"wp:featuredmedia":[{"embeddable":true,"href":"https:\/\/www.service-public.pf\/dpam\/wp-json\/wp\/v2\/media\/12500"}],"wp:attachment":[{"href":"https:\/\/www.service-public.pf\/dpam\/wp-json\/wp\/v2\/media?parent=12501"}],"wp:term":[{"taxonomy":"category","embeddable":true,"href":"https:\/\/www.service-public.pf\/dpam\/wp-json\/wp\/v2\/categories?post=12501"},{"taxonomy":"post_tag","embeddable":true,"href":"https:\/\/www.service-public.pf\/dpam\/wp-json\/wp\/v2\/tags?post=12501"}],"curies":[{"name":"wp","href":"https:\/\/api.w.org\/{rel}","templated":true}]}}