{"id":6982,"date":"2020-01-14T11:02:45","date_gmt":"2020-01-14T21:02:45","guid":{"rendered":"https:\/\/www.service-public.pf\/dpam\/?p=6982"},"modified":"2020-01-14T11:17:59","modified_gmt":"2020-01-14T21:17:59","slug":"chaud-vous-avez-dit-chaud","status":"publish","type":"post","link":"https:\/\/www.service-public.pf\/dpam\/2020\/01\/14\/chaud-vous-avez-dit-chaud\/","title":{"rendered":"Chaud ? Vous avez dit chaud ?"},"content":{"rendered":"<p><div class=\"fusion-fullwidth fullwidth-box fusion-builder-row-1 nonhundred-percent-fullwidth non-hundred-percent-height-scrolling\" style=\"--awb-border-radius-top-left:0px;--awb-border-radius-top-right:0px;--awb-border-radius-bottom-right:0px;--awb-border-radius-bottom-left:0px;--awb-flex-wrap:wrap;\" ><div class=\"fusion-builder-row fusion-row\"><div class=\"fusion-layout-column fusion_builder_column fusion-builder-column-0 fusion_builder_column_1_2 1_2 fusion-one-half fusion-column-first\" style=\"--awb-bg-size:cover;width:50%;width:calc(50% - ( ( 4% ) * 0.5 ) );margin-right: 4%;\"><div class=\"fusion-column-wrapper fusion-column-has-shadow fusion-flex-column-wrapper-legacy\"><div class=\"fusion-text fusion-text-1\"><div class=\"page\" title=\"Page 1\">\n<div class=\"layoutArea\">\n<div class=\"column\">\n<p><em><strong>Futura Sciences<\/strong> publie ce jour un article consacr\u00e9 au r\u00e9chauffement croissant des oc\u00e9ans, que nous souhaitons partager avec vous.<\/em><\/p>\n<h2><strong>Les oc\u00e9ans sont toujours plus chauds !<\/strong><\/h2>\n<p>2019 a e\u0301te\u0301 la deuxie\u0300me anne\u0301e la plus chaude jamais enregistre\u0301e dans le monde et la troisie\u0300me plus chaude en France. Mais l&rsquo;atmosphe\u0300re n&rsquo;est pas la seule a\u0300 souffrir du re\u0301chauffement climatique. Les oce\u0301ans ont connu leur anne\u0301e la plus chaude en 2019, concluant cinq anne\u0301es conse\u0301cutives de records, re\u0301ve\u0300le une e\u0301tude parue dans Advances In Atmospheric Sciences le 13 janvier. Les chercheurs ont mesure\u0301 la tempe\u0301rature de l&rsquo;eau dans les 2.000 premiers me\u0300tres de profondeur, afin de disposer de donne\u0301es plus fiables que celles des eaux de surface, soumises a\u0300 des phe\u0301nome\u0300nes saisonniers comme El Nino.<\/p>\n<p>En 2019, la tempe\u0301rature des oce\u0301ans e\u0301tait ainsi 0,075 \u00b0C supe\u0301rieure a\u0300 celle de la moyenne des anne\u0301es 1981-2010. L&rsquo;augmentation semble ridiculement faible, mais cela correspond a\u0300 une e\u0301nergie accumule\u0301e de 228.000.000.000.000.000.000.000 (228 trillards) de joules, \u00ab l&rsquo;e\u0301quivalent de 3,6 milliards de bombes nucle\u0301aires comme celle de Hiroshima \u00bb, de\u0301taille Lijing Cheng, principal auteur de l&rsquo;e\u0301tude et professeur a\u0300 l&rsquo;International Center for Climate and Environment Sciences (ICCES).<\/p>\n<p>Non seulement les oce\u0301ans se re\u0301chauffent, mais le rythme s&rsquo;acce\u0301le\u0300re dangereusement. La hausse des tempe\u0301ratures de l&rsquo;eau a ainsi e\u0301te\u0301 4,5 fois plus rapide entre 1987 et 2019 qu&rsquo;entre 1955 et 1986. Et ce n&rsquo;est pas pre\u0302t de ralentir, les oce\u0301ans absorbant 90 % des e\u0301missions de gaz a\u0300 effet de serre ge\u0301ne\u0301re\u0301s par les activite\u0301s humaines&#8230; qui battent eux aussi des records.<\/p>\n<div class=\"module mb0p5\">\n<p class=\"t-small display-inline-block\">Publi\u00e9 le 14\/01\/2020 \u00e0 14h08<\/p>\n<\/div>\n<section class=\"module author-box wimage\">\n<div class=\"row\">\n<div class=\"col-xs-12\">\n<div class=\"relative display-inline-block\">\n<div class=\"text-wrapper v-center\">\n<h3 class=\"epsilon\">C\u00e9line Deluzarche<\/h3>\n<h3 class=\"zeta t-italic-light\">Journaliste<\/h3>\n<p><a href=\"https:\/\/www.futura-sciences.com\/planete\/breves\/rechauffement-oceanique-jamais-oceans-nont-ete-aussi-chauds-1780\/\"><strong>Consulter l&rsquo;article sur le site Futura Sciences<\/strong><\/a><\/p>\n<\/div>\n<\/div>\n<\/div>\n<\/div>\n<\/section>\n<\/div>\n<\/div>\n<\/div>\n<\/div><div class=\"fusion-image-element in-legacy-container\" style=\"--awb-caption-title-font-family:var(--h2_typography-font-family);--awb-caption-title-font-weight:var(--h2_typography-font-weight);--awb-caption-title-font-style:var(--h2_typography-font-style);--awb-caption-title-size:var(--h2_typography-font-size);--awb-caption-title-transform:var(--h2_typography-text-transform);--awb-caption-title-line-height:var(--h2_typography-line-height);--awb-caption-title-letter-spacing:var(--h2_typography-letter-spacing);\"><span class=\" fusion-imageframe imageframe-none imageframe-1 hover-type-none\"><img decoding=\"async\" width=\"940\" height=\"491\" title=\"Da68313458 50159209 Rechaufement Ocean Lijing Cheng Al Advances In Atmospheric Sciences\" src=\"https:\/\/www.service-public.pf\/dpam\/wp-content\/uploads\/sites\/20\/2020\/01\/da68313458_50159209_rechaufement-ocean-lijing-cheng-al-advances-in-atmospheric-sciences.jpg\" alt class=\"img-responsive wp-image-6975\" srcset=\"https:\/\/www.service-public.pf\/dpam\/wp-content\/uploads\/sites\/20\/2020\/01\/da68313458_50159209_rechaufement-ocean-lijing-cheng-al-advances-in-atmospheric-sciences-200x104.jpg 200w, https:\/\/www.service-public.pf\/dpam\/wp-content\/uploads\/sites\/20\/2020\/01\/da68313458_50159209_rechaufement-ocean-lijing-cheng-al-advances-in-atmospheric-sciences-400x209.jpg 400w, https:\/\/www.service-public.pf\/dpam\/wp-content\/uploads\/sites\/20\/2020\/01\/da68313458_50159209_rechaufement-ocean-lijing-cheng-al-advances-in-atmospheric-sciences-600x313.jpg 600w, https:\/\/www.service-public.pf\/dpam\/wp-content\/uploads\/sites\/20\/2020\/01\/da68313458_50159209_rechaufement-ocean-lijing-cheng-al-advances-in-atmospheric-sciences-800x418.jpg 800w, https:\/\/www.service-public.pf\/dpam\/wp-content\/uploads\/sites\/20\/2020\/01\/da68313458_50159209_rechaufement-ocean-lijing-cheng-al-advances-in-atmospheric-sciences.jpg 940w\" sizes=\"(max-width: 800px) 100vw, 600px\" \/><\/span><\/div><div class=\"fusion-clearfix\"><\/div><\/div><\/div><div class=\"fusion-layout-column fusion_builder_column fusion-builder-column-1 fusion_builder_column_1_2 1_2 fusion-one-half fusion-column-last\" style=\"--awb-bg-size:cover;width:50%;width:calc(50% - ( ( 4% ) * 0.5 ) );\"><div class=\"fusion-column-wrapper fusion-column-has-shadow fusion-flex-column-wrapper-legacy\"><div class=\"fusion-text fusion-text-2\"><div class=\"nm_ap_titles\">\n<section class=\"nm_ap_excerpt\">\n<h2>Lu sur NOAA<\/h2>\n<h2>Le mois de novembre 2019 fut le deuxi\u00e8me plus chaud jamais enregistr\u00e9 sur Terre depuis 1880, derri\u00e8re novembre 2015, a annonc\u00e9 l&rsquo;Agence am\u00e9ricaine oc\u00e9anique et atmosph\u00e9rique (NOAA), confirmant une nouvelle ann\u00e9e de records de chaleur.<\/h2>\n<\/section>\n<aside><\/aside>\n<\/div>\n<div class=\"article_container_zone\">\n<div>\n<section>\n<p class=\"n-1\">Le mois de novembre 2019 fut le deuxi\u00e8me plus chaud jamais enregistr\u00e9 sur Terre depuis 1880, derri\u00e8re novembre 2015, a annonc\u00e9 l&rsquo;Agence am\u00e9ricaine oc\u00e9anique et atmosph\u00e9rique (NOAA), confirmant une nouvelle ann\u00e9e de records de chaleur. <em>\u00ab\u00a0La chaleur exceptionnelle a \u00e9galement \u00e9t\u00e9 ressentie aux deux extr\u00e9mit\u00e9s de la plan\u00e8te: la couverture de glace de mer dans les oc\u00e9ans Arctique et Antarctique est tomb\u00e9e \u00e0 des creux presque records en novembre\u00a0\u00bb<\/em>.<\/p>\n<p class=\"n-2\">Parmi les \u00e9v\u00e9nements climatiques,\u00a0la NOAA \u00e9voque :<\/p>\n<p class=\"n-3\"><strong>La couverture de glace<\/strong> sur la mer <em>\u00ab\u00a0a diminu\u00e9 pour atteindre sa deuxi\u00e8me plus faible taille jamais enregistr\u00e9e en novembre dans l&rsquo;Arctique et l&rsquo;Antarctique, apr\u00e8s celle observ\u00e9e en novembre 2016. Celle de l&rsquo;Arctique \u00e9tait de 12,8% inf\u00e9rieure \u00e0 la moyenne de 1981-2010, tandis que la couverture de l&rsquo;Antarctique \u00e9tait de 6,35% inf\u00e9rieure. moyenne\u00a0\u00bb<\/em>.<\/p>\n<p class=\"n-4\"><strong>Les continents et les r\u00e9gions insulaires<\/strong> ont eu tr\u00e8s chaud: <em>\u00ab\u00a0c&rsquo;\u00e9tait le mois de novembre le plus chaud jamais enregistr\u00e9 en Am\u00e9rique du Sud, en Afrique et aux \u00eeles Hawa\u00ef. Les Cara\u00efbes ont connu leur deuxi\u00e8me mois de novembre le plus chaud, et l&rsquo;Europe a enregistr\u00e9 son septi\u00e8me plus chaud jamais enregistr\u00e9.\u00a0\u00bb<\/em><\/p>\n<p class=\"n-5\"><strong>Le r\u00e9chauffement de l&rsquo;oc\u00e9an s&rsquo;est poursuivi:<\/strong>\u00a0<em>\u00ab\u00a0la temp\u00e9rature moyenne de la surface de la mer dans le monde s&rsquo;est class\u00e9e au deuxi\u00e8me rang des plus chaudes de l&rsquo;ann\u00e9e \u00e0 ce jour -seulement 0,03 degr\u00e9 C plus frais que l&rsquo;ann\u00e9e record de 2016.\u00a0\u00bb<\/em><\/p>\n<p class=\"n-6\">Le service europ\u00e9en Copernicus avait de son c\u00f4t\u00e9 livr\u00e9 une estimation l\u00e9g\u00e8rement diff\u00e9rente mais confirmant la m\u00eame tendance, estimant que le mois figurait parmi les trois mois de novembre les plus chauds des relev\u00e9s, avec 2015 et 2016.<\/p>\n<p class=\"n-7\">Mois apr\u00e8s mois, et notamment en juillet, l&rsquo;ann\u00e9e 2019 a accumul\u00e9 les records. Elle est \u00e0 ce stade la deuxi\u00e8me ann\u00e9e la plus chaude depuis 1880, selon les Am\u00e9ricains.<\/p>\n<p class=\"n-8\">L&rsquo;ann\u00e9e 2016 reste en moyenne la plus chaude (+1,01\u00b0C par rapport \u00e0 la moyenne du XXe si\u00e8cle).<\/p>\n<\/section>\n<\/div>\n<\/div>\n<\/div><div class=\"fusion-text fusion-text-3\"><p style=\"text-align: center\"><span style=\"color: #0000ff\"><a style=\"color: #0000ff\" href=\"https:\/\/www.noaa.gov\/news\/november-2019-was-2nd-hottest-on-record-for-planet\"><strong>Lien vers le site de la NOAA : https:\/\/www.noaa.gov\/news\/november-2019-was-2nd-hottest-on-record-for-planet<\/strong> <\/a><\/span><\/p>\n<\/div><div class=\"fusion-text fusion-text-4\"><p>Image de Une NOAA. le site m\u00e9t\u00e9orologique am\u00e9ricain indique que <em>\u00ab\u00a0<strong>La couverture de glace<\/strong> sur la mer \u00ab\u00a0a diminu\u00e9 pour atteindre sa deuxi\u00e8me plus faible taille jamais enregistr\u00e9e en novembre dans l&rsquo;Arctique et l&rsquo;Antarctique, apr\u00e8s celle observ\u00e9e en novembre 2016. Celle de l&rsquo;Arctique \u00e9tait de 12,8% inf\u00e9rieure \u00e0 la moyenne de 1981-2010, tandis que la couverture de l&rsquo;Antarctique \u00e9tait de 6,35% inf\u00e9rieure. moyenne\u00a0\u00bb.<\/em><\/p>\n<\/div><div class=\"fusion-clearfix\"><\/div><\/div><\/div><\/div><\/div><div class=\"fusion-fullwidth fullwidth-box fusion-builder-row-2 nonhundred-percent-fullwidth non-hundred-percent-height-scrolling\" style=\"--awb-border-radius-top-left:0px;--awb-border-radius-top-right:0px;--awb-border-radius-bottom-right:0px;--awb-border-radius-bottom-left:0px;--awb-flex-wrap:wrap;\" ><div class=\"fusion-builder-row fusion-row\"><div class=\"fusion-layout-column fusion_builder_column fusion-builder-column-2 fusion_builder_column_1_1 1_1 fusion-one-full fusion-column-first fusion-column-last\" style=\"--awb-bg-size:cover;\"><div class=\"fusion-column-wrapper fusion-column-has-shadow fusion-flex-column-wrapper-legacy\"><div class=\"fusion-image-element fusion-image-align-center in-legacy-container\" style=\"text-align:center;--awb-caption-title-font-family:var(--h2_typography-font-family);--awb-caption-title-font-weight:var(--h2_typography-font-weight);--awb-caption-title-font-style:var(--h2_typography-font-style);--awb-caption-title-size:var(--h2_typography-font-size);--awb-caption-title-transform:var(--h2_typography-text-transform);--awb-caption-title-line-height:var(--h2_typography-line-height);--awb-caption-title-letter-spacing:var(--h2_typography-letter-spacing);\"><div class=\"imageframe-align-center\"><span class=\" fusion-imageframe imageframe-none imageframe-2 hover-type-none\"><img decoding=\"async\" width=\"990\" height=\"626\" title=\"November 2019 Global Temperature Percentiles Map E1576568454939\" src=\"https:\/\/www.service-public.pf\/dpam\/wp-content\/uploads\/sites\/20\/2020\/01\/november-2019-global-temperature-percentiles-map-e1576568454939.jpg\" alt class=\"img-responsive wp-image-6983\" srcset=\"https:\/\/www.service-public.pf\/dpam\/wp-content\/uploads\/sites\/20\/2020\/01\/november-2019-global-temperature-percentiles-map-e1576568454939-200x126.jpg 200w, https:\/\/www.service-public.pf\/dpam\/wp-content\/uploads\/sites\/20\/2020\/01\/november-2019-global-temperature-percentiles-map-e1576568454939-400x253.jpg 400w, https:\/\/www.service-public.pf\/dpam\/wp-content\/uploads\/sites\/20\/2020\/01\/november-2019-global-temperature-percentiles-map-e1576568454939-600x379.jpg 600w, https:\/\/www.service-public.pf\/dpam\/wp-content\/uploads\/sites\/20\/2020\/01\/november-2019-global-temperature-percentiles-map-e1576568454939-800x506.jpg 800w, https:\/\/www.service-public.pf\/dpam\/wp-content\/uploads\/sites\/20\/2020\/01\/november-2019-global-temperature-percentiles-map-e1576568454939.jpg 990w\" sizes=\"(max-width: 800px) 100vw, 990px\" \/><\/span><\/div><\/div><div class=\"fusion-clearfix\"><\/div><\/div><\/div><\/div><\/div><\/p>\n","protected":false},"excerpt":{"rendered":"","protected":false},"author":141,"featured_media":6987,"comment_status":"closed","ping_status":"closed","sticky":false,"template":"","format":"standard","meta":{"_seopress_robots_primary_cat":"","_seopress_titles_title":"","_seopress_titles_desc":"","_seopress_robots_index":"","footnotes":""},"categories":[129,83],"tags":[],"class_list":["post-6982","post","type-post","status-publish","format-standard","has-post-thumbnail","hentry","category-a-la-une","category-news"],"_links":{"self":[{"href":"https:\/\/www.service-public.pf\/dpam\/wp-json\/wp\/v2\/posts\/6982","targetHints":{"allow":["GET"]}}],"collection":[{"href":"https:\/\/www.service-public.pf\/dpam\/wp-json\/wp\/v2\/posts"}],"about":[{"href":"https:\/\/www.service-public.pf\/dpam\/wp-json\/wp\/v2\/types\/post"}],"author":[{"embeddable":true,"href":"https:\/\/www.service-public.pf\/dpam\/wp-json\/wp\/v2\/users\/141"}],"replies":[{"embeddable":true,"href":"https:\/\/www.service-public.pf\/dpam\/wp-json\/wp\/v2\/comments?post=6982"}],"version-history":[{"count":0,"href":"https:\/\/www.service-public.pf\/dpam\/wp-json\/wp\/v2\/posts\/6982\/revisions"}],"wp:featuredmedia":[{"embeddable":true,"href":"https:\/\/www.service-public.pf\/dpam\/wp-json\/wp\/v2\/media\/6987"}],"wp:attachment":[{"href":"https:\/\/www.service-public.pf\/dpam\/wp-json\/wp\/v2\/media?parent=6982"}],"wp:term":[{"taxonomy":"category","embeddable":true,"href":"https:\/\/www.service-public.pf\/dpam\/wp-json\/wp\/v2\/categories?post=6982"},{"taxonomy":"post_tag","embeddable":true,"href":"https:\/\/www.service-public.pf\/dpam\/wp-json\/wp\/v2\/tags?post=6982"}],"curies":[{"name":"wp","href":"https:\/\/api.w.org\/{rel}","templated":true}]}}