{"id":10707,"date":"2019-10-04T16:20:00","date_gmt":"2019-10-05T02:20:00","guid":{"rendered":"https:\/\/www.service-public.pf\/dsp\/?p=10707"},"modified":"2019-10-04T16:21:57","modified_gmt":"2019-10-05T02:21:57","slug":"forum-sante-au-travail","status":"publish","type":"post","link":"https:\/\/www.service-public.pf\/dsp\/2019\/10\/04\/forum-sante-au-travail\/","title":{"rendered":"La Direction de la sant\u00e9 ouvre le Forum \u00ab Sant\u00e9 au travail \u00bb sur la voie du bonheur"},"content":{"rendered":"<p><div class=\"fusion-fullwidth fullwidth-box fusion-builder-row-1 hundred-percent-fullwidth non-hundred-percent-height-scrolling\" style=\"--awb-border-radius-top-left:0px;--awb-border-radius-top-right:0px;--awb-border-radius-bottom-right:0px;--awb-border-radius-bottom-left:0px;--awb-padding-right:4%;--awb-padding-left:4%;--awb-flex-wrap:wrap;\" ><div class=\"fusion-builder-row fusion-row\"><div class=\"fusion-layout-column fusion_builder_column fusion-builder-column-0 fusion_builder_column_1_1 1_1 fusion-one-full fusion-column-first fusion-column-last\" style=\"--awb-bg-size:cover;--awb-margin-bottom:0px;\"><div class=\"fusion-column-wrapper fusion-flex-column-wrapper-legacy\"><div class=\"fusion-title title fusion-title-1 fusion-sep-none fusion-title-text fusion-title-size-one\" style=\"--awb-margin-top-small:0px;--awb-margin-right-small:0px;--awb-margin-bottom-small:20px;--awb-margin-left-small:0px;\"><h1 class=\"fusion-title-heading title-heading-left fusion-responsive-typography-calculated\" style=\"margin:0;--fontSize:34;line-height:1.4;\">La Direction de la sant\u00e9 ouvre le Forum \u00ab Sant\u00e9 au travail \u00bb sur la voie du bonheur<\/h1><\/div><div class=\"fusion-clearfix\"><\/div><\/div><\/div><\/div><\/div><div class=\"fusion-fullwidth fullwidth-box fusion-builder-row-2 hundred-percent-fullwidth non-hundred-percent-height-scrolling\" style=\"--awb-border-radius-top-left:0px;--awb-border-radius-top-right:0px;--awb-border-radius-bottom-right:0px;--awb-border-radius-bottom-left:0px;--awb-padding-bottom:20px;--awb-margin-top:-15px;--awb-flex-wrap:wrap;\" ><div class=\"fusion-builder-row fusion-row\"><div class=\"fusion-layout-column fusion_builder_column fusion-builder-column-1 fusion_builder_column_4_5 4_5 fusion-four-fifth fusion-column-first\" style=\"--awb-padding-left:50px;--awb-bg-size:cover;--awb-border-color:#3bafbf;--awb-border-style:solid;--awb-margin-bottom:0px;width:80%;width:calc(80% - ( ( 4% ) * 0.8 ) );margin-right: 4%;\"><div class=\"fusion-column-wrapper fusion-flex-column-wrapper-legacy\"><div class=\"fusion-column-content-centered\"><div class=\"fusion-column-content\"><div class=\"fusion-text fusion-text-1\"><p><b>Le 03 octobre 2019, la Direction de la sant\u00e9 a lanc\u00e9 la 3\u00e8me \u00e9dition du Forum \u00ab Sant\u00e9 au travail \u00bb \u00e0 la Pr\u00e9sidence de la Polyn\u00e9sie fran\u00e7aise. Pr\u00e8s de 150 professionnels du secteur public et du priv\u00e9 \u00e9taient pr\u00e9sents pour la sant\u00e9 et le bien-\u00eatre des salari\u00e9s et des agents administratifs.<\/b><\/p>\n<\/div><div class=\"fusion-text fusion-text-2\"><div class=\"fusion-image-element fusion-image-align-left in-legacy-container\" style=\"text-align:left;--awb-caption-title-font-family:var(--h2_typography-font-family);--awb-caption-title-font-weight:var(--h2_typography-font-weight);--awb-caption-title-font-style:var(--h2_typography-font-style);--awb-caption-title-size:var(--h2_typography-font-size);--awb-caption-title-transform:var(--h2_typography-text-transform);--awb-caption-title-line-height:var(--h2_typography-line-height);--awb-caption-title-letter-spacing:var(--h2_typography-letter-spacing);\"><span class=\" fusion-imageframe imageframe-none imageframe-1 hover-type-none\" style=\"margin-right:25px;float:left;\"><a href=\"https:\/\/www.service-public.pf\/dsp\/wp-content\/uploads\/sites\/12\/2019\/10\/directionsantepf-forum-sante-travail_03.jpg\" class=\"fusion-lightbox\" data-rel=\"iLightbox[91da30c88fe9cf314e7]\" data-title=\"Les professionnels du secteur public et priv\u00e9 au Forum\" title=\"Les professionnels du secteur public et priv\u00e9 au Forum\"><img decoding=\"async\" width=\"400\" height=\"267\" alt=\"Les professionnels du secteur public et priv\u00e9 au Forum\" src=\"https:\/\/www.service-public.pf\/dsp\/wp-content\/uploads\/sites\/12\/2019\/10\/directionsantepf-forum-sante-travail_03-400x267.jpg\" class=\"img-responsive wp-image-10715\" srcset=\"https:\/\/www.service-public.pf\/dsp\/wp-content\/uploads\/sites\/12\/2019\/10\/directionsantepf-forum-sante-travail_03-200x133.jpg 200w, https:\/\/www.service-public.pf\/dsp\/wp-content\/uploads\/sites\/12\/2019\/10\/directionsantepf-forum-sante-travail_03-400x267.jpg 400w, https:\/\/www.service-public.pf\/dsp\/wp-content\/uploads\/sites\/12\/2019\/10\/directionsantepf-forum-sante-travail_03-600x400.jpg 600w, https:\/\/www.service-public.pf\/dsp\/wp-content\/uploads\/sites\/12\/2019\/10\/directionsantepf-forum-sante-travail_03-800x533.jpg 800w, https:\/\/www.service-public.pf\/dsp\/wp-content\/uploads\/sites\/12\/2019\/10\/directionsantepf-forum-sante-travail_03-1200x800.jpg 1200w\" sizes=\"(max-width: 1100px) 100vw, 800px\" \/><\/a><\/span><\/div>\n<p>Le ministre de la Sant\u00e9, Dr Jacques RAYNAL, a ouvert le 3\u00e8me Forum Sant\u00e9 au Travail, accompagn\u00e9 de la ministre de la Modernisation de l\u2019administration, en charge de l\u2019\u00e9nergie et du num\u00e9rique, Tea FROGIER. Cet \u00e9v\u00e9nement a permis de r\u00e9unir les\u00a0chefs d\u2019entreprise, chefs de services administratifs, responsables des ressources humaines du secteur priv\u00e9 et public autour d&rsquo;une volont\u00e9 commune : la bonne sant\u00e9 des salari\u00e9s et agents administratifs du Pays.<\/p>\n<p>Cette ann\u00e9e, diff\u00e9rentes conf\u00e9rences ont \u00e9t\u00e9 anim\u00e9es par des professionnels locaux et internationaux. Bruno COJAN, Ondine FRET\u00c9 et Cl\u00e9ment BOINOT du d\u00e9partement des programmes de pr\u00e9vention de la Direction de la sant\u00e9 ont amorc\u00e9 les \u00e9changes autour d&rsquo;une pr\u00e9sentation des enjeux et perspectives des d\u00e9marches \u00ab Entreprise Active \u00bb et \u00ab Mon Administration Active \u00bb. Tekura YP SEUNG, chef du service pr\u00e9vention des risques professionnels de la CPS a pr\u00e9sent\u00e9 le fonds de pr\u00e9vention assurance maladie et les financements possibles pour des actions visant la sant\u00e9 au travail. Andre VOHI, \u00e0 travers son concept \u00ab CPS Challenge \u00bb a d\u00e9montr\u00e9 que le sport lorsqu&rsquo;il est accessible \u00e0 tous peut amener \u00e0 des r\u00e9sultats consid\u00e9rables sur la sant\u00e9 et la motivation des salari\u00e9s.\u00a0Thierry TONNELIER, coach sportif sp\u00e9cialiste en sport sant\u00e9, a expos\u00e9 les m\u00e9thodes pour encourager l&rsquo;activit\u00e9 physique au travail et les b\u00e9n\u00e9fices apport\u00e9s. Les entreprises New Rest et la Banque de Tahiti, signataires de la charte \u00ab Entreprise Active \u00bb ont partag\u00e9 leurs retours d&rsquo;exp\u00e9rience suite aux actions entreprises aupr\u00e8s de leurs employ\u00e9es. Enfin, le canadien Pierre C\u00d4T\u00c9, pr\u00e9sident et fondateur de l\u2019Indice relatif de bonheur, \u00e9tait l&rsquo;invit\u00e9 d&rsquo;honneur\u00a0de ce forum afin d\u2019offrir une ouverture in\u00e9dite \u00e0 la th\u00e9matique de la journ\u00e9e\u00a0: au-del\u00e0 de la sant\u00e9 au travail, le bonheur au travail ! Il a ainsi abord\u00e9 le concept de \u00ab l\u2019Indice du Bonheur au Travail \u00bb, qu\u2019il a d\u00e9velopp\u00e9 au Canada, visant \u00e0 mesurer le niveau de bonheur dans les organisations et les entreprises.<\/p>\n<\/div><div class=\"fusion-testimonials clean awb-speech-bubble-show fusion-testimonials-1\" style=\"--awb-textcolor:#747474;--awb-backgroundcolor:#f6f6f6;--awb-testimonial-border-style:solid;--awb-testimonial-border-color:var(--awb-color3);--awb-border-top-left-radius:0px;--awb-border-top-right-radius:0px;--awb-border-bottom-left-radius:0px;--awb-border-bottom-right-radius:0px;--testimonial-border-width-top:0px;--testimonial-border-width-right:0px;--testimonial-border-width-bottom:0px;--testimonial-border-width-left:0px;\" data-random=\"0\" data-speed=\"4000\"><div class=\"reviews\"><div class=\"review active-testimonial avatar-above no-avatar\"><blockquote class=\"testimonials-shortcode-blockquote\"><div class=\"awb-quote\"><div class=\"awb-quote-content\">\n<p>Le bonheur c&rsquo;est bien plus qu&rsquo;un salaire que l&rsquo;on gagne, c&rsquo;est d&rsquo;abord un milieu o\u00f9 l&rsquo;on vit.<\/p>\n<\/div><\/div><\/blockquote><div class=\"author\"><span class=\"company-name\"><strong>Pierre C\u00d4T\u00c9<\/strong>, <span>Pr\u00e9sident et fondateur de l'Indice du Bonheur au Travail<\/span><\/span><\/div><\/div><\/div><\/div><div class=\"fusion-text fusion-text-3\"><p>Dans l&rsquo;apr\u00e8s-midi, des ateliers d\u2019\u00e9changes \u00e9taient propos\u00e9s. Afin de mettre en pratique les enseignements tir\u00e9s des conf\u00e9rences de la matin\u00e9e, tous \u00e9taient invit\u00e9s \u00e0 l&rsquo;atelier d&rsquo;\u00e9change autour des plans d\u2019actions des entreprises et administrations.\u00a0Aur\u00e9lie THOREZ, co-fondatrice d&rsquo;API ORA, a tenu un atelier pour susciter une r\u00e9flexion autour de l&rsquo;importance de redonner un sens aux d\u00e9marches de sant\u00e9 au travail et aux actions qui en d\u00e9couleront. De plus, l&rsquo;ergonomie \u00e9tait aussi \u00e0 l&rsquo;honneur \u00e0 travers l&rsquo;atelier de Coralie LABBE, architecte d\u2019\u00e9tat HMONP &#8211; AIA architecture sur l&rsquo;am\u00e9nagement du lieu de travail et du bureau. En parall\u00e8le, des stands d&rsquo;informations ont \u00e9t\u00e9 tenus par le Centre de consultations sp\u00e9cialis\u00e9es en alcoologie et toxicomanie, l&rsquo;association des di\u00e9t\u00e9ticiens de Polyn\u00e9sie fran\u00e7aise et \u00e0 la Direction de la jeunesse et des sports dans le but de sensibiliser sur les th\u00e9matiques de l&rsquo;addiction, l&rsquo;alimentation et l&rsquo;activit\u00e9 physique. Des posters des actions mises en \u0153uvre par les Entreprises Actives et Administrations Actives \u00e9taient expos\u00e9s afin de fournir des exemples de bonnes pratiques. Pour les int\u00e9ress\u00e9s, il \u00e9tait possible d&rsquo;adh\u00e9rer sur place aux d\u00e9marches \u00ab Entreprise Active \u00bb et \u00ab Administration Active \u00bb. Enfin la Directrice de la sant\u00e9, Dr Laurence BONNAC-TH\u00c9RON a cl\u00f4tur\u00e9 le \u00ab Forum Sant\u00e9 au travail \u00bb par un discours de remerciements et d&rsquo;encouragements envers ces entreprises et ces administrations qui accordent une place importante \u00e0 la sant\u00e9 et au bonheur de leurs employ\u00e9s.<\/p>\n<\/div><div class=\"fusion-reading-box-container reading-box-container-1\" style=\"--awb-title-color:#333333;--awb-margin-top:0px;--awb-margin-bottom:84px;\"><div class=\"reading-box\" style=\"background-color:#f6f6f6;border-width:1px;border-color:#f6f6f6;border-left-width:3px;border-left-color:var(--primary_color);border-style:solid;\"><div class=\"reading-box-additional\">\n<p>Pour rappel, \u00ab Entreprise Active \u00bb et \u00ab Mon Administration Active \u00bb sont des d\u00e9marches visant la promotion de la sant\u00e9 des salari\u00e9s et agents administratifs autour de l\u2019adoption de saines habitudes de vie parmi lesquelles une alimentation \u00e9quilibr\u00e9e, la pratique r\u00e9guli\u00e8re d\u2019activit\u00e9s physiques et l\u2019accompagnement au sevrage tabagique. Il s\u2019agit avant tout de favoriser la sant\u00e9 au travail par la mise en place, sur la base du volontariat, d\u2019actions au sein des entreprises et des \u00e9tablissements publics afin de r\u00e9duire les facteurs de risque des maladies li\u00e9es au mode de vie.<\/p>\n<\/div><div class=\"fusion-clearfix\"><\/div><\/div><\/div><\/div><\/div><div class=\"fusion-clearfix\"><\/div><\/div><\/div><div class=\"fusion-layout-column fusion_builder_column fusion-builder-column-2 fusion_builder_column_1_5 1_5 fusion-one-fifth fusion-column-last\" style=\"--awb-padding-right:20px;--awb-bg-size:cover;--awb-margin-bottom:0px;width:20%;width:calc(20% - ( ( 4% ) * 0.2 ) );\"><div class=\"fusion-column-wrapper fusion-flex-column-wrapper-legacy\"><div class=\"fusion-title title fusion-title-2 fusion-sep-none fusion-title-text fusion-title-size-two\" style=\"--awb-margin-top-small:0px;--awb-margin-right-small:0px;--awb-margin-bottom-small:20px;--awb-margin-left-small:0px;\"><h2 class=\"fusion-title-heading title-heading-left fusion-responsive-typography-calculated\" style=\"margin:0;--fontSize:28;line-height:1.5;\">En savoir plus<\/h2><\/div><div class=\"fusion-button-wrapper fusion-align-block\"><a class=\"fusion-button button-flat fusion-button-default-size button-custom fusion-button-default button-1 fusion-button-span-yes fusion-button-default-type\" style=\"--button_accent_color:#ffe09e;--button_accent_hover_color:#ffbb27;--button_border_hover_color:#ffbb27;--button_gradient_top_color:#1d9bac;--button_gradient_bottom_color:#1d9bac;--button_gradient_top_color_hover:#037f90;--button_gradient_bottom_color_hover:#037f90;\" target=\"_blank\" rel=\"noopener noreferrer\" href=\"https:\/\/www.presidence.pf\/ouverture-du-3eme-forum-sante-au-travail\/\"><span class=\"fusion-button-icon-divider button-icon-divider-left\"><i class=\" fa fa-external-link awb-button__icon awb-button__icon--default\" aria-hidden=\"true\"><\/i><\/span><span class=\"fusion-button-text awb-button__text awb-button__text--default fusion-button-text-left\">Communiqu\u00e9 de presse<\/span><\/a><\/div><div class=\"fusion-sep-clear\"><\/div><div class=\"fusion-separator fusion-full-width-sep\" style=\"margin-left: auto;margin-right: auto;margin-top:1%;width:100%;\"><\/div><div class=\"fusion-sep-clear\"><\/div><div class=\"fusion-title title fusion-title-3 fusion-sep-none fusion-title-text fusion-title-size-two\" style=\"--awb-margin-top-small:0px;--awb-margin-right-small:0px;--awb-margin-bottom-small:20px;--awb-margin-left-small:0px;\"><h2 class=\"fusion-title-heading title-heading-left fusion-responsive-typography-calculated\" style=\"margin:0;--fontSize:28;line-height:1.5;\">Nous suivre<\/h2><\/div><div class=\"fusion-widget-area awb-widget-area-element fusion-widget-area-1 fusion-content-widget-area\" style=\"--awb-title-color:#333333;--awb-padding:0px 0px 0px 0px;\"><div class=\"fusion-additional-widget-content\"><\/div><\/div><div class=\"fusion-sharing-box fusion-sharing-box-1 boxed-icons has-taglines layout-floated layout-medium-floated layout-small-floated\" style=\"background-color:#f6f6f6;--awb-layout:row;--awb-alignment-small:space-between;\" data-title=\"Promulgation de la loi du pays sur le d\u00e9pistage des cancers gyn\u00e9cologiques\" data-description=\"La Direction de la sant\u00e9 ouvre le Forum \u00ab Sant\u00e9 au travail \u00bb sur la voie du bonheur  \r\n\r\nLe 03 octobre 2019, la Direction de la sant\u00e9 a lanc\u00e9 la 3\u00e8me \u00e9dition du Forum \u00ab Sant\u00e9 au travail \u00bb \u00e0 la Pr\u00e9sidence de la Polyn\u00e9sie fran\u00e7aise. Pr\u00e8s de 150 professionnels du secteur\" data-link=\"https:\/\/www.service-public.pf\/dsp\/2019\/10\/04\/forum-sante-au-travail\/\"><h4 class=\"tagline\" style=\"color:#333333;\">Partager cet article<\/h4><div class=\"fusion-social-networks sharingbox-shortcode-icon-wrapper sharingbox-shortcode-icon-wrapper-1 boxed-icons\"><span><a href=\"https:\/\/www.facebook.com\/sharer.php?u=https%3A%2F%2Fwww.service-public.pf%2Fdsp%2F2019%2F10%2F04%2Fforum-sante-au-travail%2F&amp;t=Promulgation%20de%20la%20loi%20du%20pays%20sur%20le%20d%C3%A9pistage%20des%20cancers%20gyn%C3%A9cologiques\" target=\"_blank\" rel=\"noreferrer\" title=\"Facebook\" aria-label=\"Facebook\" data-placement=\"top\" data-toggle=\"tooltip\" data-title=\"Facebook\"><i class=\"fusion-social-network-icon fusion-tooltip fusion-facebook awb-icon-facebook\" style=\"color:#bebdbd;background-color:#e8e8e8;border-color:#e8e8e8;border-radius:4px;\" aria-hidden=\"true\"><\/i><\/a><\/span><span><a href=\"https:\/\/x.com\/intent\/post?text=Promulgation%20de%20la%20loi%20du%20pays%20sur%20le%20d%C3%A9pistage%20des%20cancers%20gyn%C3%A9cologiques&amp;url=https%3A%2F%2Fwww.service-public.pf%2Fdsp%2F2019%2F10%2F04%2Fforum-sante-au-travail%2F\" target=\"_blank\" rel=\"noopener noreferrer\" title=\"X\" aria-label=\"X\" data-placement=\"top\" data-toggle=\"tooltip\" data-title=\"X\"><i class=\"fusion-social-network-icon fusion-tooltip fusion-twitter awb-icon-twitter\" style=\"color:#bebdbd;background-color:#e8e8e8;border-color:#e8e8e8;border-radius:4px;\" aria-hidden=\"true\"><\/i><\/a><\/span><span><a href=\"https:\/\/reddit.com\/submit?url=https%3A%2F%2Fwww.service-public.pf%2Fdsp%2F2019%2F10%2F04%2Fforum-sante-au-travail%2F&amp;title=Promulgation%20de%20la%20loi%20du%20pays%20sur%20le%20d%C3%A9pistage%20des%20cancers%20gyn%C3%A9cologiques\" target=\"_blank\" rel=\"noopener noreferrer\" title=\"Reddit\" aria-label=\"Reddit\" data-placement=\"top\" data-toggle=\"tooltip\" data-title=\"Reddit\"><i class=\"fusion-social-network-icon fusion-tooltip fusion-reddit awb-icon-reddit\" style=\"color:#bebdbd;background-color:#e8e8e8;border-color:#e8e8e8;border-radius:4px;\" aria-hidden=\"true\"><\/i><\/a><\/span><span><a href=\"https:\/\/www.linkedin.com\/shareArticle?mini=true&amp;url=https%3A%2F%2Fwww.service-public.pf%2Fdsp%2F2019%2F10%2F04%2Fforum-sante-au-travail%2F&amp;title=Promulgation%20de%20la%20loi%20du%20pays%20sur%20le%20d%C3%A9pistage%20des%20cancers%20gyn%C3%A9cologiques&amp;summary=La%20Direction%20de%20la%20sant%C3%A9%20ouvre%20le%20Forum%20%C2%AB%20Sant%C3%A9%20au%20travail%20%C2%BB%20sur%20la%20voie%20du%20bonheur%20%20%20%20%0D%0A%0D%0ALe%2003%20octobre%202019%2C%20la%20Direction%20de%20la%20sant%C3%A9%20a%20lanc%C3%A9%20la%203%C3%A8me%20%C3%A9dition%20du%20Forum%20%C2%AB%20Sant%C3%A9%20au%20travail%20%C2%BB%20%C3%A0%20la%20Pr%C3%A9sidence%20de%20la%20Polyn%C3%A9sie%20fran%C3%A7aise.%20Pr%C3%A8s%20de%20150%20professionnels%20du%20secteur\" target=\"_blank\" rel=\"noopener noreferrer\" title=\"LinkedIn\" aria-label=\"LinkedIn\" data-placement=\"top\" data-toggle=\"tooltip\" data-title=\"LinkedIn\"><i class=\"fusion-social-network-icon fusion-tooltip fusion-linkedin awb-icon-linkedin\" style=\"color:#bebdbd;background-color:#e8e8e8;border-color:#e8e8e8;border-radius:4px;\" aria-hidden=\"true\"><\/i><\/a><\/span><span><a href=\"https:\/\/api.whatsapp.com\/send?text=https%3A%2F%2Fwww.service-public.pf%2Fdsp%2F2019%2F10%2F04%2Fforum-sante-au-travail%2F\" target=\"_blank\" rel=\"noopener noreferrer\" title=\"WhatsApp\" aria-label=\"WhatsApp\" data-placement=\"top\" data-toggle=\"tooltip\" data-title=\"WhatsApp\"><i class=\"fusion-social-network-icon fusion-tooltip fusion-whatsapp awb-icon-whatsapp\" style=\"color:#bebdbd;background-color:#e8e8e8;border-color:#e8e8e8;border-radius:4px;\" aria-hidden=\"true\"><\/i><\/a><\/span><span><a href=\"https:\/\/www.tumblr.com\/share\/link?url=https%3A%2F%2Fwww.service-public.pf%2Fdsp%2F2019%2F10%2F04%2Fforum-sante-au-travail%2F&amp;name=Promulgation%20de%20la%20loi%20du%20pays%20sur%20le%20d%C3%A9pistage%20des%20cancers%20gyn%C3%A9cologiques&amp;description=La%20Direction%20de%20la%20sant%C3%A9%20ouvre%20le%20Forum%20%C2%AB%20Sant%C3%A9%20au%20travail%20%C2%BB%20sur%20la%20voie%20du%20bonheur%20%20%20%20%0D%0A%0D%0ALe%2003%20octobre%202019%2C%20la%20Direction%20de%20la%20sant%C3%A9%20a%20lanc%C3%A9%20la%203%C3%A8me%20%C3%A9dition%20du%20Forum%20%C2%AB%20Sant%C3%A9%20au%20travail%20%C2%BB%20%C3%A0%20la%20Pr%C3%A9sidence%20de%20la%20Polyn%C3%A9sie%20fran%C3%A7aise.%20Pr%C3%A8s%20de%20150%20professionnels%20du%20secteur\" target=\"_blank\" rel=\"noopener noreferrer\" title=\"Tumblr\" aria-label=\"Tumblr\" data-placement=\"top\" data-toggle=\"tooltip\" data-title=\"Tumblr\"><i class=\"fusion-social-network-icon fusion-tooltip fusion-tumblr awb-icon-tumblr\" style=\"color:#bebdbd;background-color:#e8e8e8;border-color:#e8e8e8;border-radius:4px;\" aria-hidden=\"true\"><\/i><\/a><\/span><span><a href=\"https:\/\/pinterest.com\/pin\/create\/button\/?url=https%3A%2F%2Fwww.service-public.pf%2Fdsp%2F2019%2F10%2F04%2Fforum-sante-au-travail%2F&amp;description=La%20Direction%20de%20la%20sant%C3%A9%20ouvre%20le%20Forum%20%C2%AB%20Sant%C3%A9%20au%20travail%20%C2%BB%20sur%20la%20voie%20du%20bonheur%20%20%20%20%0D%0A%0D%0ALe%2003%20octobre%202019%2C%20la%20Direction%20de%20la%20sant%C3%A9%20a%20lanc%C3%A9%20la%203%C3%A8me%20%C3%A9dition%20du%20Forum%20%C2%AB%20Sant%C3%A9%20au%20travail%20%C2%BB%20%C3%A0%20la%20Pr%C3%A9sidence%20de%20la%20Polyn%C3%A9sie%20fran%C3%A7aise.%20Pr%C3%A8s%20de%20150%20professionnels%20du%20secteur&amp;media=\" target=\"_blank\" rel=\"noopener noreferrer\" title=\"Pinterest\" aria-label=\"Pinterest\" data-placement=\"top\" data-toggle=\"tooltip\" data-title=\"Pinterest\"><i class=\"fusion-social-network-icon fusion-tooltip fusion-pinterest awb-icon-pinterest\" style=\"color:#bebdbd;background-color:#e8e8e8;border-color:#e8e8e8;border-radius:4px;\" aria-hidden=\"true\"><\/i><\/a><\/span><span><a href=\"https:\/\/vkontakte.ru\/share.php?url=https%3A%2F%2Fwww.service-public.pf%2Fdsp%2F2019%2F10%2F04%2Fforum-sante-au-travail%2F&amp;title=Promulgation%20de%20la%20loi%20du%20pays%20sur%20le%20d%C3%A9pistage%20des%20cancers%20gyn%C3%A9cologiques&amp;description=La%20Direction%20de%20la%20sant%C3%A9%20ouvre%20le%20Forum%20%C2%AB%20Sant%C3%A9%20au%20travail%20%C2%BB%20sur%20la%20voie%20du%20bonheur%20%20%20%20%0D%0A%0D%0ALe%2003%20octobre%202019%2C%20la%20Direction%20de%20la%20sant%C3%A9%20a%20lanc%C3%A9%20la%203%C3%A8me%20%C3%A9dition%20du%20Forum%20%C2%AB%20Sant%C3%A9%20au%20travail%20%C2%BB%20%C3%A0%20la%20Pr%C3%A9sidence%20de%20la%20Polyn%C3%A9sie%20fran%C3%A7aise.%20Pr%C3%A8s%20de%20150%20professionnels%20du%20secteur\" target=\"_blank\" rel=\"noopener noreferrer\" title=\"Vk\" aria-label=\"Vk\" data-placement=\"top\" data-toggle=\"tooltip\" data-title=\"Vk\"><i class=\"fusion-social-network-icon fusion-tooltip fusion-vk awb-icon-vk\" style=\"color:#bebdbd;background-color:#e8e8e8;border-color:#e8e8e8;border-radius:4px;\" aria-hidden=\"true\"><\/i><\/a><\/span><span><a href=\"mailto:?subject=Promulgation%20de%20la%20loi%20du%20pays%20sur%20le%20d%C3%A9pistage%20des%20cancers%20gyn%C3%A9cologiques&amp;body=https%3A%2F%2Fwww.service-public.pf%2Fdsp%2F2019%2F10%2F04%2Fforum-sante-au-travail%2F\" target=\"_self\" title=\"Email\" aria-label=\"Email\" data-placement=\"top\" data-toggle=\"tooltip\" data-title=\"Email\"><i class=\"fusion-social-network-icon fusion-tooltip fusion-mail awb-icon-mail\" style=\"color:#bebdbd;background-color:#e8e8e8;border-color:#e8e8e8;border-radius:4px;\" aria-hidden=\"true\"><\/i><\/a><\/span><\/div><\/div><div class=\"fusion-clearfix\"><\/div><\/div><\/div><div class=\"fusion-layout-column fusion_builder_column fusion-builder-column-3 fusion_builder_column_1_1 1_1 fusion-one-full fusion-column-first fusion-column-last\" style=\"--awb-padding-right:20px;--awb-padding-left:20px;--awb-bg-color:#ffbb27;--awb-bg-color-hover:#ffbb27;--awb-bg-size:cover;\"><div class=\"fusion-column-wrapper fusion-flex-column-wrapper-legacy\"><div class=\"fusion-sep-clear\"><\/div><div class=\"fusion-separator fusion-full-width-sep\" style=\"margin-left: auto;margin-right: auto;margin-top:2%;width:100%;\"><\/div><div class=\"fusion-sep-clear\"><\/div><div class=\"fusion-text fusion-text-4\"><h2 style=\"text-align: center\"><span style=\"color: #ffffff\">Galerie photos<\/span><\/h2>\n<\/div><div class=\"fusion-image-carousel fusion-image-carousel-auto fusion-image-carousel-1 lightbox-enabled\"><div class=\"awb-carousel awb-swiper awb-swiper-carousel awb-carousel--carousel awb-swiper-dots-position-bottom\" data-layout=\"carousel\" data-autoplay=\"yes\" data-autoplayspeed=\"2500\" data-autoplaypause=\"no\" data-loop=\"yes\" data-columns=\"4\" data-columnsmedium=\"1\" data-columnssmall=\"1\" data-itemmargin=\"13\" data-itemwidth=\"180\" data-touchscroll=\"no\" data-freemode=\"no\" data-imagesize=\"auto\" data-scrollitems=\"0\" data-centeredslides=\"no\" data-rotationangle=\"50\" data-depth=\"100\" data-speed=\"500\" data-shadow=\"no\" data-pagination=\"bullets\" style=\"--awb-columns:4;\"><div class=\"swiper-wrapper awb-image-carousel-wrapper fusion-flex-align-items-center\"><div class=\"swiper-slide\"><div class=\"fusion-carousel-item-wrapper\"><div class=\"fusion-image-wrapper hover-type-none\"><a data-rel=\"iLightbox[image_carousel_1]\" data-title=\"Le Centre de consultations sp\u00e9cialis\u00e9es en alcoologie et toxicomanie au Forum Sant\u00e9 au travail\" aria-label=\"Le Centre de consultations sp\u00e9cialis\u00e9es en alcoologie et toxicomanie au Forum Sant\u00e9 au travail\" href=\"https:\/\/www.service-public.pf\/dsp\/wp-content\/uploads\/sites\/12\/2019\/10\/directionsantepf-forum-sante-travail_21.jpg\" target=\"_self\"><img decoding=\"async\" width=\"2000\" height=\"1333\" src=\"https:\/\/www.service-public.pf\/dsp\/wp-content\/uploads\/sites\/12\/2019\/10\/directionsantepf-forum-sante-travail_21.jpg\" class=\"attachment-full size-full\" alt=\"Le Centre de consultations sp\u00e9cialis\u00e9es en alcoologie et toxicomanie au Forum Sant\u00e9 au travail\" srcset=\"https:\/\/www.service-public.pf\/dsp\/wp-content\/uploads\/sites\/12\/2019\/10\/directionsantepf-forum-sante-travail_21-200x133.jpg 200w, https:\/\/www.service-public.pf\/dsp\/wp-content\/uploads\/sites\/12\/2019\/10\/directionsantepf-forum-sante-travail_21-400x267.jpg 400w, https:\/\/www.service-public.pf\/dsp\/wp-content\/uploads\/sites\/12\/2019\/10\/directionsantepf-forum-sante-travail_21-600x400.jpg 600w, https:\/\/www.service-public.pf\/dsp\/wp-content\/uploads\/sites\/12\/2019\/10\/directionsantepf-forum-sante-travail_21-800x533.jpg 800w, https:\/\/www.service-public.pf\/dsp\/wp-content\/uploads\/sites\/12\/2019\/10\/directionsantepf-forum-sante-travail_21-1200x800.jpg 1200w, https:\/\/www.service-public.pf\/dsp\/wp-content\/uploads\/sites\/12\/2019\/10\/directionsantepf-forum-sante-travail_21.jpg 2000w\" sizes=\"(min-width: 2200px) 100vw, (min-width: 916px) 265px, (min-width: 824px) 354px, (min-width: 732px) 531px, (min-width: 640px) 732px, \" \/><\/a><\/div><\/div><\/div><div class=\"swiper-slide\"><div class=\"fusion-carousel-item-wrapper\"><div class=\"fusion-image-wrapper hover-type-none\"><a data-rel=\"iLightbox[image_carousel_1]\" data-title=\"Coralie LABBE anime son atelier \u00ab Am\u00e9nager son lieu de travail et son bureau \u00bb\" aria-label=\"Coralie LABBE anime son atelier \u00ab Am\u00e9nager son lieu de travail et son bureau \u00bb\" href=\"https:\/\/www.service-public.pf\/dsp\/wp-content\/uploads\/sites\/12\/2019\/10\/directionsantepf-forum-sante-travail_20.jpg\" target=\"_self\"><img decoding=\"async\" width=\"2000\" height=\"1333\" src=\"https:\/\/www.service-public.pf\/dsp\/wp-content\/uploads\/sites\/12\/2019\/10\/directionsantepf-forum-sante-travail_20.jpg\" class=\"attachment-full size-full\" alt=\"Coralie LABBE anime son atelier \u00ab Am\u00e9nager son lieu de travail et son bureau \u00bb\" srcset=\"https:\/\/www.service-public.pf\/dsp\/wp-content\/uploads\/sites\/12\/2019\/10\/directionsantepf-forum-sante-travail_20-200x133.jpg 200w, https:\/\/www.service-public.pf\/dsp\/wp-content\/uploads\/sites\/12\/2019\/10\/directionsantepf-forum-sante-travail_20-400x267.jpg 400w, https:\/\/www.service-public.pf\/dsp\/wp-content\/uploads\/sites\/12\/2019\/10\/directionsantepf-forum-sante-travail_20-600x400.jpg 600w, https:\/\/www.service-public.pf\/dsp\/wp-content\/uploads\/sites\/12\/2019\/10\/directionsantepf-forum-sante-travail_20-800x533.jpg 800w, https:\/\/www.service-public.pf\/dsp\/wp-content\/uploads\/sites\/12\/2019\/10\/directionsantepf-forum-sante-travail_20-1200x800.jpg 1200w, https:\/\/www.service-public.pf\/dsp\/wp-content\/uploads\/sites\/12\/2019\/10\/directionsantepf-forum-sante-travail_20.jpg 2000w\" sizes=\"(min-width: 2200px) 100vw, (min-width: 916px) 265px, (min-width: 824px) 354px, (min-width: 732px) 531px, (min-width: 640px) 732px, \" \/><\/a><\/div><\/div><\/div><div class=\"swiper-slide\"><div class=\"fusion-carousel-item-wrapper\"><div class=\"fusion-image-wrapper hover-type-none\"><a data-rel=\"iLightbox[image_carousel_1]\" data-title=\"Atelier \u00ab Pr\u00e9paration des plans d\u2019actions des entreprises et administrations \u00bb anim\u00e9 par le D\u00e9partement des programmes de pr\u00e9vention\" aria-label=\"Atelier \u00ab Pr\u00e9paration des plans d\u2019actions des entreprises et administrations \u00bb anim\u00e9 par le D\u00e9partement des programmes de pr\u00e9vention\" href=\"https:\/\/www.service-public.pf\/dsp\/wp-content\/uploads\/sites\/12\/2019\/10\/directionsantepf-forum-sante-travail_19.jpg\" target=\"_self\"><img decoding=\"async\" width=\"2000\" height=\"1333\" src=\"https:\/\/www.service-public.pf\/dsp\/wp-content\/uploads\/sites\/12\/2019\/10\/directionsantepf-forum-sante-travail_19.jpg\" class=\"attachment-full size-full\" alt=\"Atelier \u00ab Pr\u00e9paration des plans d\u2019actions des entreprises et administrations \u00bb anim\u00e9 par le D\u00e9partement des programmes de pr\u00e9vention\" srcset=\"https:\/\/www.service-public.pf\/dsp\/wp-content\/uploads\/sites\/12\/2019\/10\/directionsantepf-forum-sante-travail_19-200x133.jpg 200w, https:\/\/www.service-public.pf\/dsp\/wp-content\/uploads\/sites\/12\/2019\/10\/directionsantepf-forum-sante-travail_19-400x267.jpg 400w, https:\/\/www.service-public.pf\/dsp\/wp-content\/uploads\/sites\/12\/2019\/10\/directionsantepf-forum-sante-travail_19-600x400.jpg 600w, https:\/\/www.service-public.pf\/dsp\/wp-content\/uploads\/sites\/12\/2019\/10\/directionsantepf-forum-sante-travail_19-800x533.jpg 800w, https:\/\/www.service-public.pf\/dsp\/wp-content\/uploads\/sites\/12\/2019\/10\/directionsantepf-forum-sante-travail_19-1200x800.jpg 1200w, https:\/\/www.service-public.pf\/dsp\/wp-content\/uploads\/sites\/12\/2019\/10\/directionsantepf-forum-sante-travail_19.jpg 2000w\" sizes=\"(min-width: 2200px) 100vw, (min-width: 916px) 265px, (min-width: 824px) 354px, (min-width: 732px) 531px, (min-width: 640px) 732px, \" \/><\/a><\/div><\/div><\/div><div class=\"swiper-slide\"><div class=\"fusion-carousel-item-wrapper\"><div class=\"fusion-image-wrapper hover-type-none\"><a data-rel=\"iLightbox[image_carousel_1]\" data-title=\"T\u00e9moignage de la Banque de Tahiti, signataire de la charte \u00ab Entreprise Active \u00bb\" aria-label=\"T\u00e9moignage de la Banque de Tahiti, signataire de la charte \u00ab Entreprise Active \u00bb\" href=\"https:\/\/www.service-public.pf\/dsp\/wp-content\/uploads\/sites\/12\/2019\/10\/directionsantepf-forum-sante-travail_18.jpg\" target=\"_self\"><img decoding=\"async\" width=\"2000\" height=\"1333\" src=\"https:\/\/www.service-public.pf\/dsp\/wp-content\/uploads\/sites\/12\/2019\/10\/directionsantepf-forum-sante-travail_18.jpg\" class=\"attachment-full size-full\" alt=\"T\u00e9moignage de la Banque de Tahiti, signataire de la charte \u00ab Entreprise Active \u00bb\" srcset=\"https:\/\/www.service-public.pf\/dsp\/wp-content\/uploads\/sites\/12\/2019\/10\/directionsantepf-forum-sante-travail_18-200x133.jpg 200w, https:\/\/www.service-public.pf\/dsp\/wp-content\/uploads\/sites\/12\/2019\/10\/directionsantepf-forum-sante-travail_18-400x267.jpg 400w, https:\/\/www.service-public.pf\/dsp\/wp-content\/uploads\/sites\/12\/2019\/10\/directionsantepf-forum-sante-travail_18-600x400.jpg 600w, https:\/\/www.service-public.pf\/dsp\/wp-content\/uploads\/sites\/12\/2019\/10\/directionsantepf-forum-sante-travail_18-800x533.jpg 800w, https:\/\/www.service-public.pf\/dsp\/wp-content\/uploads\/sites\/12\/2019\/10\/directionsantepf-forum-sante-travail_18-1200x800.jpg 1200w, https:\/\/www.service-public.pf\/dsp\/wp-content\/uploads\/sites\/12\/2019\/10\/directionsantepf-forum-sante-travail_18.jpg 2000w\" sizes=\"(min-width: 2200px) 100vw, (min-width: 916px) 265px, (min-width: 824px) 354px, (min-width: 732px) 531px, (min-width: 640px) 732px, \" \/><\/a><\/div><\/div><\/div><div class=\"swiper-slide\"><div class=\"fusion-carousel-item-wrapper\"><div class=\"fusion-image-wrapper hover-type-none\"><a data-rel=\"iLightbox[image_carousel_1]\" data-title=\"T\u00e9moignage de NewRest, signataire de la charte \u00ab Entreprise Active \u00bb\" aria-label=\"T\u00e9moignage de NewRest, signataire de la charte \u00ab Entreprise Active \u00bb\" href=\"https:\/\/www.service-public.pf\/dsp\/wp-content\/uploads\/sites\/12\/2019\/10\/directionsantepf-forum-sante-travail_17.jpg\" target=\"_self\"><img decoding=\"async\" width=\"2000\" height=\"1333\" src=\"https:\/\/www.service-public.pf\/dsp\/wp-content\/uploads\/sites\/12\/2019\/10\/directionsantepf-forum-sante-travail_17.jpg\" class=\"attachment-full size-full\" alt=\"T\u00e9moignage de NewRest, signataire de la charte \u00ab Entreprise Active \u00bb\" srcset=\"https:\/\/www.service-public.pf\/dsp\/wp-content\/uploads\/sites\/12\/2019\/10\/directionsantepf-forum-sante-travail_17-200x133.jpg 200w, https:\/\/www.service-public.pf\/dsp\/wp-content\/uploads\/sites\/12\/2019\/10\/directionsantepf-forum-sante-travail_17-400x267.jpg 400w, https:\/\/www.service-public.pf\/dsp\/wp-content\/uploads\/sites\/12\/2019\/10\/directionsantepf-forum-sante-travail_17-600x400.jpg 600w, https:\/\/www.service-public.pf\/dsp\/wp-content\/uploads\/sites\/12\/2019\/10\/directionsantepf-forum-sante-travail_17-800x533.jpg 800w, https:\/\/www.service-public.pf\/dsp\/wp-content\/uploads\/sites\/12\/2019\/10\/directionsantepf-forum-sante-travail_17-1200x800.jpg 1200w, https:\/\/www.service-public.pf\/dsp\/wp-content\/uploads\/sites\/12\/2019\/10\/directionsantepf-forum-sante-travail_17.jpg 2000w\" sizes=\"(min-width: 2200px) 100vw, (min-width: 916px) 265px, (min-width: 824px) 354px, (min-width: 732px) 531px, (min-width: 640px) 732px, \" \/><\/a><\/div><\/div><\/div><div class=\"swiper-slide\"><div class=\"fusion-carousel-item-wrapper\"><div class=\"fusion-image-wrapper hover-type-none\"><a data-rel=\"iLightbox[image_carousel_1]\" data-title=\"Thierry TONNELIER pr\u00e9sente la conf\u00e9rence : Sport et travail : quelle strat\u00e9gie pour mon entreprise\/service ?\" aria-label=\"Thierry TONNELIER pr\u00e9sente la conf\u00e9rence : Sport et travail : quelle strat\u00e9gie pour mon entreprise\/service ?\" href=\"https:\/\/www.service-public.pf\/dsp\/wp-content\/uploads\/sites\/12\/2019\/10\/directionsantepf-forum-sante-travail_16.jpg\" target=\"_self\"><img decoding=\"async\" width=\"2000\" height=\"1333\" src=\"https:\/\/www.service-public.pf\/dsp\/wp-content\/uploads\/sites\/12\/2019\/10\/directionsantepf-forum-sante-travail_16.jpg\" class=\"attachment-full size-full\" alt=\"Thierry TONNELIER pr\u00e9sente la conf\u00e9rence : Sport et travail : quelle strat\u00e9gie pour mon entreprise\/service ?\" srcset=\"https:\/\/www.service-public.pf\/dsp\/wp-content\/uploads\/sites\/12\/2019\/10\/directionsantepf-forum-sante-travail_16-200x133.jpg 200w, https:\/\/www.service-public.pf\/dsp\/wp-content\/uploads\/sites\/12\/2019\/10\/directionsantepf-forum-sante-travail_16-400x267.jpg 400w, https:\/\/www.service-public.pf\/dsp\/wp-content\/uploads\/sites\/12\/2019\/10\/directionsantepf-forum-sante-travail_16-600x400.jpg 600w, https:\/\/www.service-public.pf\/dsp\/wp-content\/uploads\/sites\/12\/2019\/10\/directionsantepf-forum-sante-travail_16-800x533.jpg 800w, https:\/\/www.service-public.pf\/dsp\/wp-content\/uploads\/sites\/12\/2019\/10\/directionsantepf-forum-sante-travail_16-1200x800.jpg 1200w, https:\/\/www.service-public.pf\/dsp\/wp-content\/uploads\/sites\/12\/2019\/10\/directionsantepf-forum-sante-travail_16.jpg 2000w\" sizes=\"(min-width: 2200px) 100vw, (min-width: 916px) 265px, (min-width: 824px) 354px, (min-width: 732px) 531px, (min-width: 640px) 732px, \" \/><\/a><\/div><\/div><\/div><div class=\"swiper-slide\"><div class=\"fusion-carousel-item-wrapper\"><div class=\"fusion-image-wrapper hover-type-none\"><a data-rel=\"iLightbox[image_carousel_1]\" data-title=\"Des participantes au Forum Sant\u00e9 au travail\" aria-label=\"Des participantes au Forum Sant\u00e9 au travail\" href=\"https:\/\/www.service-public.pf\/dsp\/wp-content\/uploads\/sites\/12\/2019\/10\/directionsantepf-forum-sante-travail_15.jpg\" target=\"_self\"><img decoding=\"async\" width=\"2000\" height=\"1333\" src=\"https:\/\/www.service-public.pf\/dsp\/wp-content\/uploads\/sites\/12\/2019\/10\/directionsantepf-forum-sante-travail_15.jpg\" class=\"attachment-full size-full\" alt=\"Des participantes au Forum Sant\u00e9 au travail\" srcset=\"https:\/\/www.service-public.pf\/dsp\/wp-content\/uploads\/sites\/12\/2019\/10\/directionsantepf-forum-sante-travail_15-200x133.jpg 200w, https:\/\/www.service-public.pf\/dsp\/wp-content\/uploads\/sites\/12\/2019\/10\/directionsantepf-forum-sante-travail_15-400x267.jpg 400w, https:\/\/www.service-public.pf\/dsp\/wp-content\/uploads\/sites\/12\/2019\/10\/directionsantepf-forum-sante-travail_15-600x400.jpg 600w, https:\/\/www.service-public.pf\/dsp\/wp-content\/uploads\/sites\/12\/2019\/10\/directionsantepf-forum-sante-travail_15-800x533.jpg 800w, https:\/\/www.service-public.pf\/dsp\/wp-content\/uploads\/sites\/12\/2019\/10\/directionsantepf-forum-sante-travail_15-1200x800.jpg 1200w, https:\/\/www.service-public.pf\/dsp\/wp-content\/uploads\/sites\/12\/2019\/10\/directionsantepf-forum-sante-travail_15.jpg 2000w\" sizes=\"(min-width: 2200px) 100vw, (min-width: 916px) 265px, (min-width: 824px) 354px, (min-width: 732px) 531px, (min-width: 640px) 732px, \" \/><\/a><\/div><\/div><\/div><div class=\"swiper-slide\"><div class=\"fusion-carousel-item-wrapper\"><div class=\"fusion-image-wrapper hover-type-none\"><a data-rel=\"iLightbox[image_carousel_1]\" data-title=\"L&rsquo;entreprise NewRest, signataire de la charte \u00ab Entreprise Active \u00bb\" aria-label=\"L&rsquo;entreprise NewRest, signataire de la charte \u00ab Entreprise Active \u00bb\" href=\"https:\/\/www.service-public.pf\/dsp\/wp-content\/uploads\/sites\/12\/2019\/10\/directionsantepf-forum-sante-travail_14.jpg\" target=\"_self\"><img decoding=\"async\" width=\"2000\" height=\"1333\" src=\"https:\/\/www.service-public.pf\/dsp\/wp-content\/uploads\/sites\/12\/2019\/10\/directionsantepf-forum-sante-travail_14.jpg\" class=\"attachment-full size-full\" alt=\"L&#039;entreprise NewRest, signataire de la charte \u00ab Entreprise Active \u00bb\" srcset=\"https:\/\/www.service-public.pf\/dsp\/wp-content\/uploads\/sites\/12\/2019\/10\/directionsantepf-forum-sante-travail_14-200x133.jpg 200w, https:\/\/www.service-public.pf\/dsp\/wp-content\/uploads\/sites\/12\/2019\/10\/directionsantepf-forum-sante-travail_14-400x267.jpg 400w, https:\/\/www.service-public.pf\/dsp\/wp-content\/uploads\/sites\/12\/2019\/10\/directionsantepf-forum-sante-travail_14-600x400.jpg 600w, https:\/\/www.service-public.pf\/dsp\/wp-content\/uploads\/sites\/12\/2019\/10\/directionsantepf-forum-sante-travail_14-800x533.jpg 800w, https:\/\/www.service-public.pf\/dsp\/wp-content\/uploads\/sites\/12\/2019\/10\/directionsantepf-forum-sante-travail_14-1200x800.jpg 1200w, https:\/\/www.service-public.pf\/dsp\/wp-content\/uploads\/sites\/12\/2019\/10\/directionsantepf-forum-sante-travail_14.jpg 2000w\" sizes=\"(min-width: 2200px) 100vw, (min-width: 916px) 265px, (min-width: 824px) 354px, (min-width: 732px) 531px, (min-width: 640px) 732px, \" \/><\/a><\/div><\/div><\/div><div class=\"swiper-slide\"><div class=\"fusion-carousel-item-wrapper\"><div class=\"fusion-image-wrapper hover-type-none\"><a data-rel=\"iLightbox[image_carousel_1]\" data-title=\"Les posters expos\u00e9s qui montrent des exemples de bonnes pratiques\" aria-label=\"Les posters expos\u00e9s qui montrent des exemples de bonnes pratiques\" href=\"https:\/\/www.service-public.pf\/dsp\/wp-content\/uploads\/sites\/12\/2019\/10\/directionsantepf-forum-sante-travail_13.jpg\" target=\"_self\"><img decoding=\"async\" width=\"2000\" height=\"1333\" src=\"https:\/\/www.service-public.pf\/dsp\/wp-content\/uploads\/sites\/12\/2019\/10\/directionsantepf-forum-sante-travail_13.jpg\" class=\"attachment-full size-full\" alt=\"Les posters expos\u00e9s qui montrent des exemples de bonnes pratiques\" srcset=\"https:\/\/www.service-public.pf\/dsp\/wp-content\/uploads\/sites\/12\/2019\/10\/directionsantepf-forum-sante-travail_13-200x133.jpg 200w, https:\/\/www.service-public.pf\/dsp\/wp-content\/uploads\/sites\/12\/2019\/10\/directionsantepf-forum-sante-travail_13-400x267.jpg 400w, https:\/\/www.service-public.pf\/dsp\/wp-content\/uploads\/sites\/12\/2019\/10\/directionsantepf-forum-sante-travail_13-600x400.jpg 600w, https:\/\/www.service-public.pf\/dsp\/wp-content\/uploads\/sites\/12\/2019\/10\/directionsantepf-forum-sante-travail_13-800x533.jpg 800w, https:\/\/www.service-public.pf\/dsp\/wp-content\/uploads\/sites\/12\/2019\/10\/directionsantepf-forum-sante-travail_13-1200x800.jpg 1200w, https:\/\/www.service-public.pf\/dsp\/wp-content\/uploads\/sites\/12\/2019\/10\/directionsantepf-forum-sante-travail_13.jpg 2000w\" sizes=\"(min-width: 2200px) 100vw, (min-width: 916px) 265px, (min-width: 824px) 354px, (min-width: 732px) 531px, (min-width: 640px) 732px, \" \/><\/a><\/div><\/div><\/div><div class=\"swiper-slide\"><div class=\"fusion-carousel-item-wrapper\"><div class=\"fusion-image-wrapper hover-type-none\"><a data-rel=\"iLightbox[image_carousel_1]\" data-title=\"Les agents de la Direction de la sant\u00e9\" aria-label=\"Les agents de la Direction de la sant\u00e9\" href=\"https:\/\/www.service-public.pf\/dsp\/wp-content\/uploads\/sites\/12\/2019\/10\/directionsantepf-forum-sante-travail_12.jpg\" target=\"_self\"><img decoding=\"async\" width=\"2000\" height=\"1333\" src=\"https:\/\/www.service-public.pf\/dsp\/wp-content\/uploads\/sites\/12\/2019\/10\/directionsantepf-forum-sante-travail_12.jpg\" class=\"attachment-full size-full\" alt=\"Les agents de la Direction de la sant\u00e9\" srcset=\"https:\/\/www.service-public.pf\/dsp\/wp-content\/uploads\/sites\/12\/2019\/10\/directionsantepf-forum-sante-travail_12-200x133.jpg 200w, https:\/\/www.service-public.pf\/dsp\/wp-content\/uploads\/sites\/12\/2019\/10\/directionsantepf-forum-sante-travail_12-400x267.jpg 400w, https:\/\/www.service-public.pf\/dsp\/wp-content\/uploads\/sites\/12\/2019\/10\/directionsantepf-forum-sante-travail_12-600x400.jpg 600w, https:\/\/www.service-public.pf\/dsp\/wp-content\/uploads\/sites\/12\/2019\/10\/directionsantepf-forum-sante-travail_12-800x533.jpg 800w, https:\/\/www.service-public.pf\/dsp\/wp-content\/uploads\/sites\/12\/2019\/10\/directionsantepf-forum-sante-travail_12-1200x800.jpg 1200w, https:\/\/www.service-public.pf\/dsp\/wp-content\/uploads\/sites\/12\/2019\/10\/directionsantepf-forum-sante-travail_12.jpg 2000w\" sizes=\"(min-width: 2200px) 100vw, (min-width: 916px) 265px, (min-width: 824px) 354px, (min-width: 732px) 531px, (min-width: 640px) 732px, \" \/><\/a><\/div><\/div><\/div><div class=\"swiper-slide\"><div class=\"fusion-carousel-item-wrapper\"><div class=\"fusion-image-wrapper hover-type-none\"><a data-rel=\"iLightbox[image_carousel_1]\" data-title=\"Nouveau concept le \u00ab Catch Box \u00bb, un micro qui se lance dans le public\" aria-label=\"Nouveau concept le \u00ab Catch Box \u00bb, un micro qui se lance dans le public\" href=\"https:\/\/www.service-public.pf\/dsp\/wp-content\/uploads\/sites\/12\/2019\/10\/directionsantepf-forum-sante-travail_11.jpg\" target=\"_self\"><img decoding=\"async\" width=\"2000\" height=\"1333\" src=\"https:\/\/www.service-public.pf\/dsp\/wp-content\/uploads\/sites\/12\/2019\/10\/directionsantepf-forum-sante-travail_11.jpg\" class=\"attachment-full size-full\" alt=\"Nouveau concept le \u00ab Catch Box \u00bb, un micro qui se lance dans le public\" srcset=\"https:\/\/www.service-public.pf\/dsp\/wp-content\/uploads\/sites\/12\/2019\/10\/directionsantepf-forum-sante-travail_11-200x133.jpg 200w, https:\/\/www.service-public.pf\/dsp\/wp-content\/uploads\/sites\/12\/2019\/10\/directionsantepf-forum-sante-travail_11-400x267.jpg 400w, https:\/\/www.service-public.pf\/dsp\/wp-content\/uploads\/sites\/12\/2019\/10\/directionsantepf-forum-sante-travail_11-600x400.jpg 600w, https:\/\/www.service-public.pf\/dsp\/wp-content\/uploads\/sites\/12\/2019\/10\/directionsantepf-forum-sante-travail_11-800x533.jpg 800w, https:\/\/www.service-public.pf\/dsp\/wp-content\/uploads\/sites\/12\/2019\/10\/directionsantepf-forum-sante-travail_11-1200x800.jpg 1200w, https:\/\/www.service-public.pf\/dsp\/wp-content\/uploads\/sites\/12\/2019\/10\/directionsantepf-forum-sante-travail_11.jpg 2000w\" sizes=\"(min-width: 2200px) 100vw, (min-width: 916px) 265px, (min-width: 824px) 354px, (min-width: 732px) 531px, (min-width: 640px) 732px, \" \/><\/a><\/div><\/div><\/div><div class=\"swiper-slide\"><div class=\"fusion-carousel-item-wrapper\"><div class=\"fusion-image-wrapper hover-type-none\"><a data-rel=\"iLightbox[image_carousel_1]\" data-title=\"Tekura YP SEUNG de la CPS et Andre VOHI pour le CPS Challenge\" aria-label=\"Tekura YP SEUNG de la CPS et Andre VOHI pour le CPS Challenge\" href=\"https:\/\/www.service-public.pf\/dsp\/wp-content\/uploads\/sites\/12\/2019\/10\/directionsantepf-forum-sante-travail_10.jpg\" target=\"_self\"><img decoding=\"async\" width=\"2000\" height=\"1333\" src=\"https:\/\/www.service-public.pf\/dsp\/wp-content\/uploads\/sites\/12\/2019\/10\/directionsantepf-forum-sante-travail_10.jpg\" class=\"attachment-full size-full\" alt=\"Tekura YP SEUNG de la CPS et Andre VOHI pour le CPS Challenge\" srcset=\"https:\/\/www.service-public.pf\/dsp\/wp-content\/uploads\/sites\/12\/2019\/10\/directionsantepf-forum-sante-travail_10-200x133.jpg 200w, https:\/\/www.service-public.pf\/dsp\/wp-content\/uploads\/sites\/12\/2019\/10\/directionsantepf-forum-sante-travail_10-400x267.jpg 400w, https:\/\/www.service-public.pf\/dsp\/wp-content\/uploads\/sites\/12\/2019\/10\/directionsantepf-forum-sante-travail_10-600x400.jpg 600w, https:\/\/www.service-public.pf\/dsp\/wp-content\/uploads\/sites\/12\/2019\/10\/directionsantepf-forum-sante-travail_10-800x533.jpg 800w, https:\/\/www.service-public.pf\/dsp\/wp-content\/uploads\/sites\/12\/2019\/10\/directionsantepf-forum-sante-travail_10-1200x800.jpg 1200w, https:\/\/www.service-public.pf\/dsp\/wp-content\/uploads\/sites\/12\/2019\/10\/directionsantepf-forum-sante-travail_10.jpg 2000w\" sizes=\"(min-width: 2200px) 100vw, (min-width: 916px) 265px, (min-width: 824px) 354px, (min-width: 732px) 531px, (min-width: 640px) 732px, \" \/><\/a><\/div><\/div><\/div><div class=\"swiper-slide\"><div class=\"fusion-carousel-item-wrapper\"><div class=\"fusion-image-wrapper hover-type-none\"><a data-rel=\"iLightbox[image_carousel_1]\" data-title=\"Le D\u00e9partement des programmes de pr\u00e9vention sur les perspectives et enjeux des d\u00e9marches \u00ab Entreprise Active \u00bb et \u00ab Mon Administration Active \u00bb\" aria-label=\"Le D\u00e9partement des programmes de pr\u00e9vention sur les perspectives et enjeux des d\u00e9marches \u00ab Entreprise Active \u00bb et \u00ab Mon Administration Active \u00bb\" href=\"https:\/\/www.service-public.pf\/dsp\/wp-content\/uploads\/sites\/12\/2019\/10\/directionsantepf-forum-sante-travail_08-300x200.jpg\" target=\"_self\"><img decoding=\"async\" width=\"2000\" height=\"1333\" src=\"https:\/\/www.service-public.pf\/dsp\/wp-content\/uploads\/sites\/12\/2019\/10\/directionsantepf-forum-sante-travail_08.jpg\" class=\"attachment-full size-full\" alt=\"Le D\u00e9partement des programmes de pr\u00e9vention sur les perspectives et enjeux des d\u00e9marches \u00ab Entreprise Active \u00bb et \u00ab Mon Administration Active \u00bb\" srcset=\"https:\/\/www.service-public.pf\/dsp\/wp-content\/uploads\/sites\/12\/2019\/10\/directionsantepf-forum-sante-travail_08-200x133.jpg 200w, https:\/\/www.service-public.pf\/dsp\/wp-content\/uploads\/sites\/12\/2019\/10\/directionsantepf-forum-sante-travail_08-400x267.jpg 400w, https:\/\/www.service-public.pf\/dsp\/wp-content\/uploads\/sites\/12\/2019\/10\/directionsantepf-forum-sante-travail_08-600x400.jpg 600w, https:\/\/www.service-public.pf\/dsp\/wp-content\/uploads\/sites\/12\/2019\/10\/directionsantepf-forum-sante-travail_08-800x533.jpg 800w, https:\/\/www.service-public.pf\/dsp\/wp-content\/uploads\/sites\/12\/2019\/10\/directionsantepf-forum-sante-travail_08-1200x800.jpg 1200w, https:\/\/www.service-public.pf\/dsp\/wp-content\/uploads\/sites\/12\/2019\/10\/directionsantepf-forum-sante-travail_08.jpg 2000w\" sizes=\"(min-width: 2200px) 100vw, (min-width: 916px) 265px, (min-width: 824px) 354px, (min-width: 732px) 531px, (min-width: 640px) 732px, \" \/><\/a><\/div><\/div><\/div><div class=\"swiper-slide\"><div class=\"fusion-carousel-item-wrapper\"><div class=\"fusion-image-wrapper hover-type-none\"><a data-rel=\"iLightbox[image_carousel_1]\" data-title=\"Le D\u00e9partement des programmes de pr\u00e9vention sur les perspectives et enjeux des d\u00e9marches \u00ab Entreprise Active \u00bb et \u00ab Mon Administration Active \u00bb\" aria-label=\"Le D\u00e9partement des programmes de pr\u00e9vention sur les perspectives et enjeux des d\u00e9marches \u00ab Entreprise Active \u00bb et \u00ab Mon Administration Active \u00bb\" href=\"https:\/\/www.service-public.pf\/dsp\/wp-content\/uploads\/sites\/12\/2019\/10\/directionsantepf-forum-sante-travail_07.jpg\" target=\"_self\"><img decoding=\"async\" width=\"2000\" height=\"1333\" src=\"https:\/\/www.service-public.pf\/dsp\/wp-content\/uploads\/sites\/12\/2019\/10\/directionsantepf-forum-sante-travail_07.jpg\" class=\"attachment-full size-full\" alt=\"Le D\u00e9partement des programmes de pr\u00e9vention sur les perspectives et enjeux des d\u00e9marches \u00ab Entreprise Active \u00bb et \u00ab Mon Administration Active \u00bb\" srcset=\"https:\/\/www.service-public.pf\/dsp\/wp-content\/uploads\/sites\/12\/2019\/10\/directionsantepf-forum-sante-travail_07-200x133.jpg 200w, https:\/\/www.service-public.pf\/dsp\/wp-content\/uploads\/sites\/12\/2019\/10\/directionsantepf-forum-sante-travail_07-400x267.jpg 400w, https:\/\/www.service-public.pf\/dsp\/wp-content\/uploads\/sites\/12\/2019\/10\/directionsantepf-forum-sante-travail_07-600x400.jpg 600w, https:\/\/www.service-public.pf\/dsp\/wp-content\/uploads\/sites\/12\/2019\/10\/directionsantepf-forum-sante-travail_07-800x533.jpg 800w, https:\/\/www.service-public.pf\/dsp\/wp-content\/uploads\/sites\/12\/2019\/10\/directionsantepf-forum-sante-travail_07-1200x800.jpg 1200w, https:\/\/www.service-public.pf\/dsp\/wp-content\/uploads\/sites\/12\/2019\/10\/directionsantepf-forum-sante-travail_07.jpg 2000w\" sizes=\"(min-width: 2200px) 100vw, (min-width: 916px) 265px, (min-width: 824px) 354px, (min-width: 732px) 531px, (min-width: 640px) 732px, \" \/><\/a><\/div><\/div><\/div><div class=\"swiper-slide\"><div class=\"fusion-carousel-item-wrapper\"><div class=\"fusion-image-wrapper hover-type-none\"><a data-rel=\"iLightbox[image_carousel_1]\" data-title=\"Le D\u00e9partement des programmes de pr\u00e9vention sur les perspectives et enjeux des d\u00e9marches \u00ab Entreprise Active \u00bb et \u00ab Mon Administration Active \u00bb\" aria-label=\"Le D\u00e9partement des programmes de pr\u00e9vention sur les perspectives et enjeux des d\u00e9marches \u00ab Entreprise Active \u00bb et \u00ab Mon Administration Active \u00bb\" href=\"https:\/\/www.service-public.pf\/dsp\/wp-content\/uploads\/sites\/12\/2019\/10\/directionsantepf-forum-sante-travail_06.jpg\" target=\"_self\"><img decoding=\"async\" width=\"2000\" height=\"1333\" src=\"https:\/\/www.service-public.pf\/dsp\/wp-content\/uploads\/sites\/12\/2019\/10\/directionsantepf-forum-sante-travail_06.jpg\" class=\"attachment-full size-full\" alt=\"Le D\u00e9partement des programmes de pr\u00e9vention sur les perspectives et enjeux des d\u00e9marches \u00ab Entreprise Active \u00bb et \u00ab Mon Administration Active \u00bb\" srcset=\"https:\/\/www.service-public.pf\/dsp\/wp-content\/uploads\/sites\/12\/2019\/10\/directionsantepf-forum-sante-travail_06-200x133.jpg 200w, https:\/\/www.service-public.pf\/dsp\/wp-content\/uploads\/sites\/12\/2019\/10\/directionsantepf-forum-sante-travail_06-400x267.jpg 400w, https:\/\/www.service-public.pf\/dsp\/wp-content\/uploads\/sites\/12\/2019\/10\/directionsantepf-forum-sante-travail_06-600x400.jpg 600w, https:\/\/www.service-public.pf\/dsp\/wp-content\/uploads\/sites\/12\/2019\/10\/directionsantepf-forum-sante-travail_06-800x533.jpg 800w, https:\/\/www.service-public.pf\/dsp\/wp-content\/uploads\/sites\/12\/2019\/10\/directionsantepf-forum-sante-travail_06-1200x800.jpg 1200w, https:\/\/www.service-public.pf\/dsp\/wp-content\/uploads\/sites\/12\/2019\/10\/directionsantepf-forum-sante-travail_06.jpg 2000w\" sizes=\"(min-width: 2200px) 100vw, (min-width: 916px) 265px, (min-width: 824px) 354px, (min-width: 732px) 531px, (min-width: 640px) 732px, \" \/><\/a><\/div><\/div><\/div><div class=\"swiper-slide\"><div class=\"fusion-carousel-item-wrapper\"><div class=\"fusion-image-wrapper hover-type-none\"><a data-rel=\"iLightbox[image_carousel_1]\" data-title=\"Les professionnels du secteur public et priv\u00e9 au Forum\" aria-label=\"Les professionnels du secteur public et priv\u00e9 au Forum\" href=\"https:\/\/www.service-public.pf\/dsp\/wp-content\/uploads\/sites\/12\/2019\/10\/directionsantepf-forum-sante-travail_05.jpg\" target=\"_self\"><img decoding=\"async\" width=\"2000\" height=\"1333\" src=\"https:\/\/www.service-public.pf\/dsp\/wp-content\/uploads\/sites\/12\/2019\/10\/directionsantepf-forum-sante-travail_05.jpg\" class=\"attachment-full size-full\" alt=\"Les professionnels du secteur public et priv\u00e9 au Forum\" srcset=\"https:\/\/www.service-public.pf\/dsp\/wp-content\/uploads\/sites\/12\/2019\/10\/directionsantepf-forum-sante-travail_05-200x133.jpg 200w, https:\/\/www.service-public.pf\/dsp\/wp-content\/uploads\/sites\/12\/2019\/10\/directionsantepf-forum-sante-travail_05-400x267.jpg 400w, https:\/\/www.service-public.pf\/dsp\/wp-content\/uploads\/sites\/12\/2019\/10\/directionsantepf-forum-sante-travail_05-600x400.jpg 600w, https:\/\/www.service-public.pf\/dsp\/wp-content\/uploads\/sites\/12\/2019\/10\/directionsantepf-forum-sante-travail_05-800x533.jpg 800w, https:\/\/www.service-public.pf\/dsp\/wp-content\/uploads\/sites\/12\/2019\/10\/directionsantepf-forum-sante-travail_05-1200x800.jpg 1200w, https:\/\/www.service-public.pf\/dsp\/wp-content\/uploads\/sites\/12\/2019\/10\/directionsantepf-forum-sante-travail_05.jpg 2000w\" sizes=\"(min-width: 2200px) 100vw, (min-width: 916px) 265px, (min-width: 824px) 354px, (min-width: 732px) 531px, (min-width: 640px) 732px, \" \/><\/a><\/div><\/div><\/div><div class=\"swiper-slide\"><div class=\"fusion-carousel-item-wrapper\"><div class=\"fusion-image-wrapper hover-type-none\"><a data-rel=\"iLightbox[image_carousel_1]\" data-title=\"Les professionnels du secteur public et priv\u00e9 au Forum\" aria-label=\"Les professionnels du secteur public et priv\u00e9 au Forum\" href=\"https:\/\/www.service-public.pf\/dsp\/wp-content\/uploads\/sites\/12\/2019\/10\/directionsantepf-forum-sante-travail_03.jpg\" target=\"_self\"><img decoding=\"async\" width=\"2000\" height=\"1333\" src=\"https:\/\/www.service-public.pf\/dsp\/wp-content\/uploads\/sites\/12\/2019\/10\/directionsantepf-forum-sante-travail_03.jpg\" class=\"attachment-full size-full\" alt=\"Les professionnels du secteur public et priv\u00e9 au Forum\" srcset=\"https:\/\/www.service-public.pf\/dsp\/wp-content\/uploads\/sites\/12\/2019\/10\/directionsantepf-forum-sante-travail_03-200x133.jpg 200w, https:\/\/www.service-public.pf\/dsp\/wp-content\/uploads\/sites\/12\/2019\/10\/directionsantepf-forum-sante-travail_03-400x267.jpg 400w, https:\/\/www.service-public.pf\/dsp\/wp-content\/uploads\/sites\/12\/2019\/10\/directionsantepf-forum-sante-travail_03-600x400.jpg 600w, https:\/\/www.service-public.pf\/dsp\/wp-content\/uploads\/sites\/12\/2019\/10\/directionsantepf-forum-sante-travail_03-800x533.jpg 800w, https:\/\/www.service-public.pf\/dsp\/wp-content\/uploads\/sites\/12\/2019\/10\/directionsantepf-forum-sante-travail_03-1200x800.jpg 1200w, https:\/\/www.service-public.pf\/dsp\/wp-content\/uploads\/sites\/12\/2019\/10\/directionsantepf-forum-sante-travail_03.jpg 2000w\" sizes=\"(min-width: 2200px) 100vw, (min-width: 916px) 265px, (min-width: 824px) 354px, (min-width: 732px) 531px, (min-width: 640px) 732px, \" \/><\/a><\/div><\/div><\/div><div class=\"swiper-slide\"><div class=\"fusion-carousel-item-wrapper\"><div class=\"fusion-image-wrapper hover-type-none\"><a data-rel=\"iLightbox[image_carousel_1]\" data-title=\"Pierre C\u00f4t\u00e9 lors de sa conf\u00e9rence sur l&rsquo;Indice du Bonheur au Travail\" aria-label=\"Pierre C\u00f4t\u00e9 lors de sa conf\u00e9rence sur l&rsquo;Indice du Bonheur au Travail\" href=\"https:\/\/www.service-public.pf\/dsp\/wp-content\/uploads\/sites\/12\/2019\/10\/directionsantepf-forum-sante-travail.jpg\" target=\"_self\"><img decoding=\"async\" width=\"2000\" height=\"1333\" src=\"https:\/\/www.service-public.pf\/dsp\/wp-content\/uploads\/sites\/12\/2019\/10\/directionsantepf-forum-sante-travail.jpg\" class=\"attachment-full size-full\" alt=\"Pierre C\u00f4t\u00e9 lors de sa conf\u00e9rence sur l&#039;Indice du Bonheur au Travail\" srcset=\"https:\/\/www.service-public.pf\/dsp\/wp-content\/uploads\/sites\/12\/2019\/10\/directionsantepf-forum-sante-travail-200x133.jpg 200w, https:\/\/www.service-public.pf\/dsp\/wp-content\/uploads\/sites\/12\/2019\/10\/directionsantepf-forum-sante-travail-400x267.jpg 400w, https:\/\/www.service-public.pf\/dsp\/wp-content\/uploads\/sites\/12\/2019\/10\/directionsantepf-forum-sante-travail-600x400.jpg 600w, https:\/\/www.service-public.pf\/dsp\/wp-content\/uploads\/sites\/12\/2019\/10\/directionsantepf-forum-sante-travail-800x533.jpg 800w, https:\/\/www.service-public.pf\/dsp\/wp-content\/uploads\/sites\/12\/2019\/10\/directionsantepf-forum-sante-travail-1200x800.jpg 1200w, https:\/\/www.service-public.pf\/dsp\/wp-content\/uploads\/sites\/12\/2019\/10\/directionsantepf-forum-sante-travail.jpg 2000w\" sizes=\"(min-width: 2200px) 100vw, (min-width: 916px) 265px, (min-width: 824px) 354px, (min-width: 732px) 531px, (min-width: 640px) 732px, \" \/><\/a><\/div><\/div><\/div><div class=\"swiper-slide\"><div class=\"fusion-carousel-item-wrapper\"><div class=\"fusion-image-wrapper hover-type-none\"><a data-rel=\"iLightbox[image_carousel_1]\" data-title=\"Cl\u00f4ture du Forum Sant\u00e9 au Travail par la Directrice de la sant\u00e9, Laurence BONNAC-TH\u00c9RON\" aria-label=\"Cl\u00f4ture du Forum Sant\u00e9 au Travail par la Directrice de la sant\u00e9, Laurence BONNAC-TH\u00c9RON\" href=\"https:\/\/www.service-public.pf\/dsp\/wp-content\/uploads\/sites\/12\/2019\/10\/directionsantepf-forum-sante-travail_22.jpg\" target=\"_self\"><img decoding=\"async\" width=\"2000\" height=\"1333\" src=\"https:\/\/www.service-public.pf\/dsp\/wp-content\/uploads\/sites\/12\/2019\/10\/directionsantepf-forum-sante-travail_22.jpg\" class=\"attachment-full size-full\" alt=\"Cl\u00f4ture du Forum Sant\u00e9 au Travail par la Directrice de la sant\u00e9, Laurence BONNAC-TH\u00c9RON\" srcset=\"https:\/\/www.service-public.pf\/dsp\/wp-content\/uploads\/sites\/12\/2019\/10\/directionsantepf-forum-sante-travail_22-200x133.jpg 200w, https:\/\/www.service-public.pf\/dsp\/wp-content\/uploads\/sites\/12\/2019\/10\/directionsantepf-forum-sante-travail_22-400x267.jpg 400w, https:\/\/www.service-public.pf\/dsp\/wp-content\/uploads\/sites\/12\/2019\/10\/directionsantepf-forum-sante-travail_22-600x400.jpg 600w, https:\/\/www.service-public.pf\/dsp\/wp-content\/uploads\/sites\/12\/2019\/10\/directionsantepf-forum-sante-travail_22-800x533.jpg 800w, https:\/\/www.service-public.pf\/dsp\/wp-content\/uploads\/sites\/12\/2019\/10\/directionsantepf-forum-sante-travail_22-1200x800.jpg 1200w, https:\/\/www.service-public.pf\/dsp\/wp-content\/uploads\/sites\/12\/2019\/10\/directionsantepf-forum-sante-travail_22.jpg 2000w\" sizes=\"(min-width: 2200px) 100vw, (min-width: 916px) 265px, (min-width: 824px) 354px, (min-width: 732px) 531px, (min-width: 640px) 732px, \" \/><\/a><\/div><\/div><\/div><div class=\"swiper-slide\"><div class=\"fusion-carousel-item-wrapper\"><div class=\"fusion-image-wrapper hover-type-none\"><a data-rel=\"iLightbox[image_carousel_1]\" data-title=\"Ouverture du Forum Sant\u00e9 au Travail par le Ministre de la sant\u00e9, Jacques RAYNAL\" aria-label=\"Ouverture du Forum Sant\u00e9 au Travail par le Ministre de la sant\u00e9, Jacques RAYNAL\" href=\"https:\/\/www.service-public.pf\/dsp\/wp-content\/uploads\/sites\/12\/2019\/10\/directionsantepf-forum-sante-travail_04.jpg\" target=\"_self\"><img decoding=\"async\" width=\"2000\" height=\"1333\" src=\"https:\/\/www.service-public.pf\/dsp\/wp-content\/uploads\/sites\/12\/2019\/10\/directionsantepf-forum-sante-travail_04.jpg\" class=\"attachment-full size-full\" alt=\"Ouverture du Forum Sant\u00e9 au Travail par le Ministre de la sant\u00e9, Jacques RAYNAL\" srcset=\"https:\/\/www.service-public.pf\/dsp\/wp-content\/uploads\/sites\/12\/2019\/10\/directionsantepf-forum-sante-travail_04-200x133.jpg 200w, https:\/\/www.service-public.pf\/dsp\/wp-content\/uploads\/sites\/12\/2019\/10\/directionsantepf-forum-sante-travail_04-400x267.jpg 400w, https:\/\/www.service-public.pf\/dsp\/wp-content\/uploads\/sites\/12\/2019\/10\/directionsantepf-forum-sante-travail_04-600x400.jpg 600w, https:\/\/www.service-public.pf\/dsp\/wp-content\/uploads\/sites\/12\/2019\/10\/directionsantepf-forum-sante-travail_04-800x533.jpg 800w, https:\/\/www.service-public.pf\/dsp\/wp-content\/uploads\/sites\/12\/2019\/10\/directionsantepf-forum-sante-travail_04-1200x800.jpg 1200w, https:\/\/www.service-public.pf\/dsp\/wp-content\/uploads\/sites\/12\/2019\/10\/directionsantepf-forum-sante-travail_04.jpg 2000w\" sizes=\"(min-width: 2200px) 100vw, (min-width: 916px) 265px, (min-width: 824px) 354px, (min-width: 732px) 531px, (min-width: 640px) 732px, \" \/><\/a><\/div><\/div><\/div><\/div><div class=\"awb-swiper-button awb-swiper-button-prev\"><i class=\"awb-icon-angle-left\" aria-hidden=\"true\"><\/i><\/div><div class=\"awb-swiper-button awb-swiper-button-next\"><i class=\"awb-icon-angle-right\" aria-hidden=\"true\"><\/i><\/div><\/div><\/div><div class=\"fusion-clearfix\"><\/div><\/div><\/div><\/div><\/div><\/p>\n","protected":false},"excerpt":{"rendered":"","protected":false},"author":182,"featured_media":10715,"comment_status":"closed","ping_status":"closed","sticky":false,"template":"","format":"standard","meta":{"_seopress_robots_primary_cat":"36","_seopress_titles_title":"","_seopress_titles_desc":"","_seopress_robots_index":"","footnotes":""},"categories":[36],"tags":[408,398,322,407,409],"class_list":["post-10707","post","type-post","status-publish","format-standard","has-post-thumbnail","hentry","category-actualite","tag-activite-physique","tag-actualites","tag-alimentation","tag-sante-au-travail","tag-sevrage-tabagique"],"_links":{"self":[{"href":"https:\/\/www.service-public.pf\/dsp\/wp-json\/wp\/v2\/posts\/10707","targetHints":{"allow":["GET"]}}],"collection":[{"href":"https:\/\/www.service-public.pf\/dsp\/wp-json\/wp\/v2\/posts"}],"about":[{"href":"https:\/\/www.service-public.pf\/dsp\/wp-json\/wp\/v2\/types\/post"}],"author":[{"embeddable":true,"href":"https:\/\/www.service-public.pf\/dsp\/wp-json\/wp\/v2\/users\/182"}],"replies":[{"embeddable":true,"href":"https:\/\/www.service-public.pf\/dsp\/wp-json\/wp\/v2\/comments?post=10707"}],"version-history":[{"count":0,"href":"https:\/\/www.service-public.pf\/dsp\/wp-json\/wp\/v2\/posts\/10707\/revisions"}],"wp:featuredmedia":[{"embeddable":true,"href":"https:\/\/www.service-public.pf\/dsp\/wp-json\/wp\/v2\/media\/10715"}],"wp:attachment":[{"href":"https:\/\/www.service-public.pf\/dsp\/wp-json\/wp\/v2\/media?parent=10707"}],"wp:term":[{"taxonomy":"category","embeddable":true,"href":"https:\/\/www.service-public.pf\/dsp\/wp-json\/wp\/v2\/categories?post=10707"},{"taxonomy":"post_tag","embeddable":true,"href":"https:\/\/www.service-public.pf\/dsp\/wp-json\/wp\/v2\/tags?post=10707"}],"curies":[{"name":"wp","href":"https:\/\/api.w.org\/{rel}","templated":true}]}}