{"id":12144,"date":"2020-01-21T16:57:36","date_gmt":"2020-01-22T02:57:36","guid":{"rendered":"https:\/\/www.service-public.pf\/dsp\/?p=12144"},"modified":"2020-01-21T16:57:36","modified_gmt":"2020-01-22T02:57:36","slug":"label-fare-ea-rimatara","status":"publish","type":"post","link":"https:\/\/www.service-public.pf\/dsp\/2020\/01\/21\/label-fare-ea-rimatara\/","title":{"rendered":"Le Ministre de la sant\u00e9 et de la pr\u00e9vention d\u00e9cerne le premier label Fare Ea \u00e0 l\u2019infirmerie de Rimatara"},"content":{"rendered":"<div class=\"fusion-fullwidth fullwidth-box fusion-builder-row-1 hundred-percent-fullwidth non-hundred-percent-height-scrolling\" style=\"--awb-border-radius-top-left:0px;--awb-border-radius-top-right:0px;--awb-border-radius-bottom-right:0px;--awb-border-radius-bottom-left:0px;--awb-padding-right:55px;--awb-padding-left:55px;--awb-flex-wrap:wrap;--awb-filter:saturate(140%);--awb-filter-transition:filter 0.3s ease;--awb-filter-hover:saturate(140%);\" ><div class=\"fusion-builder-row fusion-row\"><div class=\"fusion-layout-column fusion_builder_column fusion-builder-column-0 fusion_builder_column_4_5 4_5 fusion-four-fifth fusion-column-first fusion-no-small-visibility fusion-no-medium-visibility\" style=\"--awb-bg-size:cover;--awb-margin-bottom:0px;width:80%;width:calc(80% - ( ( 4% ) * 0.8 ) );margin-right: 4%;\"><div class=\"fusion-column-wrapper fusion-column-has-shadow fusion-flex-column-wrapper-legacy\"><div class=\"fusion-column-content-centered\"><div class=\"fusion-column-content\"><div class=\"fusion-text fusion-text-1\"><div class=\"fusion-image-element fusion-image-align-right in-legacy-container\" style=\"text-align:right;--awb-caption-title-font-family:var(--h2_typography-font-family);--awb-caption-title-font-weight:var(--h2_typography-font-weight);--awb-caption-title-font-style:var(--h2_typography-font-style);--awb-caption-title-size:var(--h2_typography-font-size);--awb-caption-title-transform:var(--h2_typography-text-transform);--awb-caption-title-line-height:var(--h2_typography-line-height);--awb-caption-title-letter-spacing:var(--h2_typography-letter-spacing);\"><span class=\" fusion-imageframe imageframe-dropshadow imageframe-1 hover-type-zoomin\" style=\"-webkit-box-shadow: 3px 3px 7px rgba(0,0,0,0.3);box-shadow: 3px 3px 7px rgba(0,0,0,0.3);margin-left:25px;float:right;\"><a href=\"https:\/\/www.service-public.pf\/dsp\/wp-content\/uploads\/sites\/12\/2020\/01\/IMG_5798.jpg\" class=\"fusion-lightbox\" data-rel=\"iLightbox[e4e79b9c46329942919]\" data-title=\"Remise du label Fare EA \u00e0 l&rsquo;infirmerie de Rimatara\" title=\"Remise du label Fare EA \u00e0 l&rsquo;infirmerie de Rimatara\"><img decoding=\"async\" width=\"400\" height=\"300\" alt=\"Remise du label Fare EA \u00e0 l&#039;infirmerie de Rimatara\" src=\"https:\/\/www.service-public.pf\/dsp\/wp-content\/uploads\/sites\/12\/2020\/01\/IMG_5798-400x300.jpg\" class=\"img-responsive wp-image-12134\" srcset=\"https:\/\/www.service-public.pf\/dsp\/wp-content\/uploads\/sites\/12\/2020\/01\/IMG_5798-200x150.jpg 200w, https:\/\/www.service-public.pf\/dsp\/wp-content\/uploads\/sites\/12\/2020\/01\/IMG_5798-400x300.jpg 400w, https:\/\/www.service-public.pf\/dsp\/wp-content\/uploads\/sites\/12\/2020\/01\/IMG_5798-600x450.jpg 600w, https:\/\/www.service-public.pf\/dsp\/wp-content\/uploads\/sites\/12\/2020\/01\/IMG_5798-800x600.jpg 800w, https:\/\/www.service-public.pf\/dsp\/wp-content\/uploads\/sites\/12\/2020\/01\/IMG_5798.jpg 1024w\" sizes=\"(max-width: 1100px) 100vw, 400px\" \/><\/a><\/span><\/div>\n<h1 data-fontsize=\"34\" data-lineheight=\"47\">Le Ministre de la sant\u00e9 et de la pr\u00e9vention d\u00e9cerne le premier label Fare Ea \u00e0 l\u2019infirmerie de Rimatara<\/h1>\n<p><strong><span class=\"fontstyle0\">Le ministre de la sant\u00e9 et de la pr\u00e9vention a remis le premier label Fare EA \u00e0 l&rsquo;infirmerie de Rimatara, le 21 janvier 2020, en inaugurant un panneau symbolique, en pr\u00e9sence de Rachel Tau, Tavana hau des \u00eeles Australes et de Georges Hatitio, maire de Rimatara.<\/span><\/strong><\/p>\n<p class=\"-LettreTexteGEDA\"><span lang=\"FR\">Une belle reconnaissance pour les \u00e9quipes mais \u00e9galement une fiert\u00e9 pour les habitants de l\u2019\u00eele. <\/span>L\u2019\u00e9quipe de l\u2019infirmerie de Rimatara s\u2019est lanc\u00e9e dans cette d\u00e9marche depuis octobre 2018, qui aboutit aujourd\u2019hui, apr\u00e8s une \u00e9valuation r\u00e9alis\u00e9e par la cellule d\u2019expertise SSP de la Direction de la sant\u00e9, \u00e0 l\u2019obtention du label <em>Fare Ea<\/em>.<\/p>\n<p>Le label <em>Fare Ea<\/em>, cr\u00e9\u00e9 en 2019 dans le cadre du programme de modernisation des soins de sant\u00e9 primaires (SSP) 2019-2023 en Polyn\u00e9sie, est un gage de qualit\u00e9 des services rendus \u00e0 la population de proximit\u00e9 au sein d\u2019une structure de sant\u00e9 de la Direction de la sant\u00e9.<\/p>\n<p>Pour l\u2019obtenir, la structure de sant\u00e9 s\u2019engage volontairement dans un processus d\u2019am\u00e9lioration de la qualit\u00e9 et l\u2019efficacit\u00e9 des soins, reconnaissant la mise en \u0153uvre d\u2019actions \u00e0 la fois pr\u00e9ventives, curatives, promotionnelles de sant\u00e9 au sein d\u2019un r\u00e9seau de partenaires locaux, respectant les concepts SSP d\u00e9finis par l\u2019organisation mondiale de la sant\u00e9 et prenant en compte les d\u00e9terminants de sant\u00e9 de la population.<\/p>\n<p>Chaque site volontaire b\u00e9n\u00e9ficie d\u2019un accompagnement technique, d\u2019un programme de formation important aux nouvelles techniques de promotion de sant\u00e9 et de mise \u00e0 jour des pratiques de soins, dans le but de construire un nouveau projet de structure.<\/p>\n<\/div><div class=\"fusion-sep-clear\"><\/div><div class=\"fusion-separator fusion-full-width-sep\" style=\"margin-left: auto;margin-right: auto;margin-top:2%;width:100%;\"><\/div><div class=\"fusion-sep-clear\"><\/div><div class=\"fusion-builder-row fusion-builder-row-inner fusion-row\"><div class=\"fusion-layout-column fusion_builder_column_inner fusion-builder-nested-column-0 fusion_builder_column_inner_1_3 1_3 fusion-one-third fusion-column-first\" style=\"--awb-bg-size:cover;width:33.333333333333%;width:calc(33.333333333333% - ( ( 4% + 4% ) * 0.33333333333333 ) );margin-right: 4%;\"><div class=\"fusion-column-wrapper fusion-column-has-shadow fusion-flex-column-wrapper-legacy\"><div class=\"fusion-image-element fusion-image-align-center fusion-no-small-visibility fusion-no-medium-visibility in-legacy-container\" style=\"text-align:center;--awb-caption-title-font-family:var(--h2_typography-font-family);--awb-caption-title-font-weight:var(--h2_typography-font-weight);--awb-caption-title-font-style:var(--h2_typography-font-style);--awb-caption-title-size:var(--h2_typography-font-size);--awb-caption-title-transform:var(--h2_typography-text-transform);--awb-caption-title-line-height:var(--h2_typography-line-height);--awb-caption-title-letter-spacing:var(--h2_typography-letter-spacing);\"><div class=\"imageframe-align-center\"><span class=\" fusion-imageframe imageframe-dropshadow imageframe-2 hover-type-none\" style=\"-webkit-box-shadow: 3px 3px 7px rgba(0,0,0,0.3);box-shadow: 3px 3px 7px rgba(0,0,0,0.3);\"><a href=\"https:\/\/www.service-public.pf\/dsp\/wp-content\/uploads\/sites\/12\/2020\/01\/IMG_5796.jpg\" class=\"fusion-lightbox\" data-rel=\"iLightbox[e5e670ba1a1d8077e9a]\" data-title=\"Remise du label Fare EA \u00e0 l&rsquo;infirmerie de Rimatara\" title=\"Remise du label Fare EA \u00e0 l&rsquo;infirmerie de Rimatara\"><img decoding=\"async\" width=\"400\" height=\"300\" alt=\"Remise du label Fare EA \u00e0 l&#039;infirmerie de Rimatara\" src=\"https:\/\/www.service-public.pf\/dsp\/wp-content\/uploads\/sites\/12\/2020\/01\/IMG_5796-400x300.jpg\" class=\"img-responsive wp-image-12132\" srcset=\"https:\/\/www.service-public.pf\/dsp\/wp-content\/uploads\/sites\/12\/2020\/01\/IMG_5796-200x150.jpg 200w, https:\/\/www.service-public.pf\/dsp\/wp-content\/uploads\/sites\/12\/2020\/01\/IMG_5796-400x300.jpg 400w, https:\/\/www.service-public.pf\/dsp\/wp-content\/uploads\/sites\/12\/2020\/01\/IMG_5796-600x450.jpg 600w, https:\/\/www.service-public.pf\/dsp\/wp-content\/uploads\/sites\/12\/2020\/01\/IMG_5796-800x600.jpg 800w, https:\/\/www.service-public.pf\/dsp\/wp-content\/uploads\/sites\/12\/2020\/01\/IMG_5796.jpg 1024w\" sizes=\"(max-width: 1100px) 100vw, 400px\" \/><\/a><\/span><\/div><\/div><div class=\"fusion-clearfix\"><\/div><\/div><\/div><div class=\"fusion-layout-column fusion_builder_column_inner fusion-builder-nested-column-1 fusion_builder_column_inner_1_3 1_3 fusion-one-third fusion-no-small-visibility fusion-no-medium-visibility\" style=\"--awb-bg-size:cover;width:33.333333333333%;width:calc(33.333333333333% - ( ( 4% + 4% ) * 0.33333333333333 ) );margin-right: 4%;\"><div class=\"fusion-column-wrapper fusion-column-has-shadow fusion-flex-column-wrapper-legacy\"><div class=\"fusion-image-element fusion-image-align-center in-legacy-container\" style=\"text-align:center;--awb-caption-title-font-family:var(--h2_typography-font-family);--awb-caption-title-font-weight:var(--h2_typography-font-weight);--awb-caption-title-font-style:var(--h2_typography-font-style);--awb-caption-title-size:var(--h2_typography-font-size);--awb-caption-title-transform:var(--h2_typography-text-transform);--awb-caption-title-line-height:var(--h2_typography-line-height);--awb-caption-title-letter-spacing:var(--h2_typography-letter-spacing);\"><div class=\"imageframe-align-center\"><span class=\" fusion-imageframe imageframe-dropshadow imageframe-3 hover-type-zoomin\" style=\"-webkit-box-shadow: 3px 3px 7px rgba(0,0,0,0.3);box-shadow: 3px 3px 7px rgba(0,0,0,0.3);\"><a href=\"https:\/\/www.service-public.pf\/dsp\/wp-content\/uploads\/sites\/12\/2020\/01\/IMG_5795.jpg\" class=\"fusion-lightbox\" data-rel=\"iLightbox[22617051e6d280d67e0]\" data-title=\"Remise du label Fare EA \u00e0 l&rsquo;infirmerie de Rimatara\" title=\"Remise du label Fare EA \u00e0 l&rsquo;infirmerie de Rimatara\"><img decoding=\"async\" width=\"400\" height=\"300\" alt=\"Remise du label Fare EA \u00e0 l&#039;infirmerie de Rimatara\" src=\"https:\/\/www.service-public.pf\/dsp\/wp-content\/uploads\/sites\/12\/2020\/01\/IMG_5795-400x300.jpg\" class=\"img-responsive wp-image-12131\" srcset=\"https:\/\/www.service-public.pf\/dsp\/wp-content\/uploads\/sites\/12\/2020\/01\/IMG_5795-200x150.jpg 200w, https:\/\/www.service-public.pf\/dsp\/wp-content\/uploads\/sites\/12\/2020\/01\/IMG_5795-400x300.jpg 400w, https:\/\/www.service-public.pf\/dsp\/wp-content\/uploads\/sites\/12\/2020\/01\/IMG_5795-600x450.jpg 600w, https:\/\/www.service-public.pf\/dsp\/wp-content\/uploads\/sites\/12\/2020\/01\/IMG_5795-800x600.jpg 800w, https:\/\/www.service-public.pf\/dsp\/wp-content\/uploads\/sites\/12\/2020\/01\/IMG_5795.jpg 1024w\" sizes=\"(max-width: 1100px) 100vw, 400px\" \/><\/a><\/span><\/div><\/div><div class=\"fusion-clearfix\"><\/div><\/div><\/div><div class=\"fusion-layout-column fusion_builder_column_inner fusion-builder-nested-column-2 fusion_builder_column_inner_1_3 1_3 fusion-one-third fusion-column-last fusion-no-small-visibility fusion-no-medium-visibility\" style=\"--awb-bg-size:cover;width:33.333333333333%;width:calc(33.333333333333% - ( ( 4% + 4% ) * 0.33333333333333 ) );\"><div class=\"fusion-column-wrapper fusion-column-has-shadow fusion-flex-column-wrapper-legacy\"><div class=\"fusion-image-element fusion-image-align-center in-legacy-container\" style=\"text-align:center;--awb-caption-title-font-family:var(--h2_typography-font-family);--awb-caption-title-font-weight:var(--h2_typography-font-weight);--awb-caption-title-font-style:var(--h2_typography-font-style);--awb-caption-title-size:var(--h2_typography-font-size);--awb-caption-title-transform:var(--h2_typography-text-transform);--awb-caption-title-line-height:var(--h2_typography-line-height);--awb-caption-title-letter-spacing:var(--h2_typography-letter-spacing);\"><div class=\"imageframe-align-center\"><span class=\" fusion-imageframe imageframe-dropshadow imageframe-4 hover-type-zoomin\" style=\"-webkit-box-shadow: 3px 3px 7px rgba(0,0,0,0.3);box-shadow: 3px 3px 7px rgba(0,0,0,0.3);\"><a href=\"https:\/\/www.service-public.pf\/dsp\/wp-content\/uploads\/sites\/12\/2020\/01\/IMG_5797.jpg\" class=\"fusion-lightbox\" data-rel=\"iLightbox[837466da5ed73003889]\" data-title=\"Remise du label Fare EA \u00e0 l&rsquo;infirmerie de Rimatara\" title=\"Remise du label Fare EA \u00e0 l&rsquo;infirmerie de Rimatara\"><img decoding=\"async\" width=\"225\" height=\"300\" alt=\"Remise du label Fare EA \u00e0 l&#039;infirmerie de Rimatara\" src=\"https:\/\/www.service-public.pf\/dsp\/wp-content\/uploads\/sites\/12\/2020\/01\/IMG_5797-225x300.jpg\" class=\"img-responsive wp-image-12133\" srcset=\"https:\/\/www.service-public.pf\/dsp\/wp-content\/uploads\/sites\/12\/2020\/01\/IMG_5797-200x267.jpg 200w, https:\/\/www.service-public.pf\/dsp\/wp-content\/uploads\/sites\/12\/2020\/01\/IMG_5797-400x533.jpg 400w, https:\/\/www.service-public.pf\/dsp\/wp-content\/uploads\/sites\/12\/2020\/01\/IMG_5797-600x800.jpg 600w, https:\/\/www.service-public.pf\/dsp\/wp-content\/uploads\/sites\/12\/2020\/01\/IMG_5797.jpg 768w\" sizes=\"(max-width: 1100px) 100vw, 400px\" \/><\/a><\/span><\/div><\/div><div class=\"fusion-clearfix\"><\/div><\/div><\/div><\/div><\/div><\/div><div class=\"fusion-clearfix\"><\/div><\/div><\/div><div class=\"fusion-layout-column fusion_builder_column fusion-builder-column-1 fusion_builder_column_1_5 1_5 fusion-one-fifth fusion-column-last fusion-no-small-visibility fusion-no-medium-visibility\" style=\"--awb-padding-left:10px;--awb-bg-size:cover;--awb-margin-bottom:0px;width:20%;width:calc(20% - ( ( 4% ) * 0.2 ) );\"><div class=\"fusion-column-wrapper fusion-column-has-shadow fusion-flex-column-wrapper-legacy\"><div class=\"fusion-title title fusion-title-1 fusion-sep-none fusion-title-text fusion-title-size-two\" style=\"--awb-margin-top-small:0px;--awb-margin-right-small:0px;--awb-margin-bottom-small:20px;--awb-margin-left-small:0px;\"><h2 class=\"fusion-title-heading title-heading-left fusion-responsive-typography-calculated\" style=\"margin:0;--fontSize:28;line-height:1.5;\">Nous suivre<\/h2><\/div><div class=\"fusion-widget-area awb-widget-area-element fusion-widget-area-1 fusion-content-widget-area\" style=\"--awb-title-color:#333333;--awb-padding:0px 0px 0px 0px;\"><div class=\"fusion-additional-widget-content\"><\/div><\/div><div class=\"fusion-sharing-box fusion-sharing-box-1 boxed-icons has-taglines layout-floated layout-medium-floated layout-small-floated\" style=\"background-color:#f6f6f6;--awb-layout:row;--awb-alignment-small:space-between;\" data-title=\"Campagnes de pr\u00e9vention et de promotion de la sant\u00e9 : ton avis nous int\u00e9resse\" data-description=\"Le Ministre de la sant\u00e9 et de la pr\u00e9vention d\u00e9cerne le premier label Fare Ea \u00e0 l\u2019infirmerie de Rimatara\r\nLe ministre de la sant\u00e9 et de la pr\u00e9vention a remis le premier label Fare EA \u00e0 l&#039;infirmerie de Rimatara, le 21 janvier 2020, en inaugurant un panneau symbolique, en pr\u00e9sence de Rachel Tau,\" data-link=\"https:\/\/www.service-public.pf\/dsp\/2020\/01\/21\/label-fare-ea-rimatara\/\"><h4 class=\"tagline\" style=\"color:#333333;\">Partager cet article<\/h4><div class=\"fusion-social-networks sharingbox-shortcode-icon-wrapper sharingbox-shortcode-icon-wrapper-1 boxed-icons\"><span><a href=\"https:\/\/www.facebook.com\/sharer.php?u=https%3A%2F%2Fwww.service-public.pf%2Fdsp%2F2020%2F01%2F21%2Flabel-fare-ea-rimatara%2F&amp;t=Campagnes%20de%20pr%C3%A9vention%20et%20de%20promotion%20de%20la%20sant%C3%A9%20%3A%20ton%20avis%20nous%20int%C3%A9resse\" target=\"_blank\" rel=\"noreferrer\" title=\"Facebook\" aria-label=\"Facebook\" data-placement=\"top\" data-toggle=\"tooltip\" data-title=\"Facebook\"><i class=\"fusion-social-network-icon fusion-tooltip fusion-facebook awb-icon-facebook\" style=\"color:#bebdbd;background-color:#e8e8e8;border-color:#e8e8e8;border-radius:4px;\" aria-hidden=\"true\"><\/i><\/a><\/span><span><a href=\"https:\/\/x.com\/intent\/post?text=Campagnes%20de%20pr%C3%A9vention%20et%20de%20promotion%20de%20la%20sant%C3%A9%20%3A%20ton%20avis%20nous%20int%C3%A9resse&amp;url=https%3A%2F%2Fwww.service-public.pf%2Fdsp%2F2020%2F01%2F21%2Flabel-fare-ea-rimatara%2F\" target=\"_blank\" rel=\"noopener noreferrer\" title=\"X\" aria-label=\"X\" data-placement=\"top\" data-toggle=\"tooltip\" data-title=\"X\"><i class=\"fusion-social-network-icon fusion-tooltip fusion-twitter awb-icon-twitter\" style=\"color:#bebdbd;background-color:#e8e8e8;border-color:#e8e8e8;border-radius:4px;\" aria-hidden=\"true\"><\/i><\/a><\/span><span><a href=\"https:\/\/reddit.com\/submit?url=https%3A%2F%2Fwww.service-public.pf%2Fdsp%2F2020%2F01%2F21%2Flabel-fare-ea-rimatara%2F&amp;title=Campagnes%20de%20pr%C3%A9vention%20et%20de%20promotion%20de%20la%20sant%C3%A9%20%3A%20ton%20avis%20nous%20int%C3%A9resse\" target=\"_blank\" rel=\"noopener noreferrer\" title=\"Reddit\" aria-label=\"Reddit\" data-placement=\"top\" data-toggle=\"tooltip\" data-title=\"Reddit\"><i class=\"fusion-social-network-icon fusion-tooltip fusion-reddit awb-icon-reddit\" style=\"color:#bebdbd;background-color:#e8e8e8;border-color:#e8e8e8;border-radius:4px;\" aria-hidden=\"true\"><\/i><\/a><\/span><span><a href=\"https:\/\/www.linkedin.com\/shareArticle?mini=true&amp;url=https%3A%2F%2Fwww.service-public.pf%2Fdsp%2F2020%2F01%2F21%2Flabel-fare-ea-rimatara%2F&amp;title=Campagnes%20de%20pr%C3%A9vention%20et%20de%20promotion%20de%20la%20sant%C3%A9%20%3A%20ton%20avis%20nous%20int%C3%A9resse&amp;summary=Le%20Ministre%20de%20la%20sant%C3%A9%20et%20de%20la%20pr%C3%A9vention%20d%C3%A9cerne%20le%20premier%20label%20Fare%20Ea%20%C3%A0%20l%E2%80%99infirmerie%20de%20Rimatara%0D%0ALe%20ministre%20de%20la%20sant%C3%A9%20et%20de%20la%20pr%C3%A9vention%20a%20remis%20le%20premier%20label%20Fare%20EA%20%C3%A0%20l%26%2339%3Binfirmerie%20de%20Rimatara%2C%20le%2021%20janvier%202020%2C%20en%20inaugurant%20un%20panneau%20symbolique%2C%20en%20pr%C3%A9sence%20de%20Rachel%20Tau%2C\" target=\"_blank\" rel=\"noopener noreferrer\" title=\"LinkedIn\" aria-label=\"LinkedIn\" data-placement=\"top\" data-toggle=\"tooltip\" data-title=\"LinkedIn\"><i class=\"fusion-social-network-icon fusion-tooltip fusion-linkedin awb-icon-linkedin\" style=\"color:#bebdbd;background-color:#e8e8e8;border-color:#e8e8e8;border-radius:4px;\" aria-hidden=\"true\"><\/i><\/a><\/span><span><a href=\"https:\/\/api.whatsapp.com\/send?text=https%3A%2F%2Fwww.service-public.pf%2Fdsp%2F2020%2F01%2F21%2Flabel-fare-ea-rimatara%2F\" target=\"_blank\" rel=\"noopener noreferrer\" title=\"WhatsApp\" aria-label=\"WhatsApp\" data-placement=\"top\" data-toggle=\"tooltip\" data-title=\"WhatsApp\"><i class=\"fusion-social-network-icon fusion-tooltip fusion-whatsapp awb-icon-whatsapp\" style=\"color:#bebdbd;background-color:#e8e8e8;border-color:#e8e8e8;border-radius:4px;\" aria-hidden=\"true\"><\/i><\/a><\/span><span><a href=\"https:\/\/www.tumblr.com\/share\/link?url=https%3A%2F%2Fwww.service-public.pf%2Fdsp%2F2020%2F01%2F21%2Flabel-fare-ea-rimatara%2F&amp;name=Campagnes%20de%20pr%C3%A9vention%20et%20de%20promotion%20de%20la%20sant%C3%A9%20%3A%20ton%20avis%20nous%20int%C3%A9resse&amp;description=Le%20Ministre%20de%20la%20sant%C3%A9%20et%20de%20la%20pr%C3%A9vention%20d%C3%A9cerne%20le%20premier%20label%20Fare%20Ea%20%C3%A0%20l%E2%80%99infirmerie%20de%20Rimatara%0D%0ALe%20ministre%20de%20la%20sant%C3%A9%20et%20de%20la%20pr%C3%A9vention%20a%20remis%20le%20premier%20label%20Fare%20EA%20%C3%A0%20l%26%2339%3Binfirmerie%20de%20Rimatara%2C%20le%2021%20janvier%202020%2C%20en%20inaugurant%20un%20panneau%20symbolique%2C%20en%20pr%C3%A9sence%20de%20Rachel%20Tau%2C\" target=\"_blank\" rel=\"noopener noreferrer\" title=\"Tumblr\" aria-label=\"Tumblr\" data-placement=\"top\" data-toggle=\"tooltip\" data-title=\"Tumblr\"><i class=\"fusion-social-network-icon fusion-tooltip fusion-tumblr awb-icon-tumblr\" style=\"color:#bebdbd;background-color:#e8e8e8;border-color:#e8e8e8;border-radius:4px;\" aria-hidden=\"true\"><\/i><\/a><\/span><span><a href=\"https:\/\/pinterest.com\/pin\/create\/button\/?url=https%3A%2F%2Fwww.service-public.pf%2Fdsp%2F2020%2F01%2F21%2Flabel-fare-ea-rimatara%2F&amp;description=Le%20Ministre%20de%20la%20sant%C3%A9%20et%20de%20la%20pr%C3%A9vention%20d%C3%A9cerne%20le%20premier%20label%20Fare%20Ea%20%C3%A0%20l%E2%80%99infirmerie%20de%20Rimatara%0D%0ALe%20ministre%20de%20la%20sant%C3%A9%20et%20de%20la%20pr%C3%A9vention%20a%20remis%20le%20premier%20label%20Fare%20EA%20%C3%A0%20l%26%2339%3Binfirmerie%20de%20Rimatara%2C%20le%2021%20janvier%202020%2C%20en%20inaugurant%20un%20panneau%20symbolique%2C%20en%20pr%C3%A9sence%20de%20Rachel%20Tau%2C&amp;media=\" target=\"_blank\" rel=\"noopener noreferrer\" title=\"Pinterest\" aria-label=\"Pinterest\" data-placement=\"top\" data-toggle=\"tooltip\" data-title=\"Pinterest\"><i class=\"fusion-social-network-icon fusion-tooltip fusion-pinterest awb-icon-pinterest\" style=\"color:#bebdbd;background-color:#e8e8e8;border-color:#e8e8e8;border-radius:4px;\" aria-hidden=\"true\"><\/i><\/a><\/span><span><a href=\"https:\/\/vkontakte.ru\/share.php?url=https%3A%2F%2Fwww.service-public.pf%2Fdsp%2F2020%2F01%2F21%2Flabel-fare-ea-rimatara%2F&amp;title=Campagnes%20de%20pr%C3%A9vention%20et%20de%20promotion%20de%20la%20sant%C3%A9%20%3A%20ton%20avis%20nous%20int%C3%A9resse&amp;description=Le%20Ministre%20de%20la%20sant%C3%A9%20et%20de%20la%20pr%C3%A9vention%20d%C3%A9cerne%20le%20premier%20label%20Fare%20Ea%20%C3%A0%20l%E2%80%99infirmerie%20de%20Rimatara%0D%0ALe%20ministre%20de%20la%20sant%C3%A9%20et%20de%20la%20pr%C3%A9vention%20a%20remis%20le%20premier%20label%20Fare%20EA%20%C3%A0%20l%26%2339%3Binfirmerie%20de%20Rimatara%2C%20le%2021%20janvier%202020%2C%20en%20inaugurant%20un%20panneau%20symbolique%2C%20en%20pr%C3%A9sence%20de%20Rachel%20Tau%2C\" target=\"_blank\" rel=\"noopener noreferrer\" title=\"Vk\" aria-label=\"Vk\" data-placement=\"top\" data-toggle=\"tooltip\" data-title=\"Vk\"><i class=\"fusion-social-network-icon fusion-tooltip fusion-vk awb-icon-vk\" style=\"color:#bebdbd;background-color:#e8e8e8;border-color:#e8e8e8;border-radius:4px;\" aria-hidden=\"true\"><\/i><\/a><\/span><span><a href=\"mailto:?subject=Campagnes%20de%20pr%C3%A9vention%20et%20de%20promotion%20de%20la%20sant%C3%A9%20%3A%20ton%20avis%20nous%20int%C3%A9resse&amp;body=https%3A%2F%2Fwww.service-public.pf%2Fdsp%2F2020%2F01%2F21%2Flabel-fare-ea-rimatara%2F\" target=\"_self\" title=\"Email\" aria-label=\"Email\" data-placement=\"top\" data-toggle=\"tooltip\" data-title=\"Email\"><i class=\"fusion-social-network-icon fusion-tooltip fusion-mail awb-icon-mail\" style=\"color:#bebdbd;background-color:#e8e8e8;border-color:#e8e8e8;border-radius:4px;\" aria-hidden=\"true\"><\/i><\/a><\/span><\/div><\/div><div class=\"fusion-clearfix\"><\/div><\/div><\/div><div class=\"fusion-layout-column fusion_builder_column fusion-builder-column-2 fusion_builder_column_1_1 1_1 fusion-one-full fusion-column-first fusion-column-last fusion-no-large-visibility\" style=\"--awb-bg-size:cover;--awb-margin-bottom:0px;\"><div class=\"fusion-column-wrapper fusion-column-has-shadow fusion-flex-column-wrapper-legacy\"><div class=\"fusion-column-content-centered\"><div class=\"fusion-column-content\"><div class=\"fusion-text fusion-text-2\"><div class=\"fusion-image-element fusion-image-align-center in-legacy-container\" style=\"text-align:center;--awb-caption-title-font-family:var(--h2_typography-font-family);--awb-caption-title-font-weight:var(--h2_typography-font-weight);--awb-caption-title-font-style:var(--h2_typography-font-style);--awb-caption-title-size:var(--h2_typography-font-size);--awb-caption-title-transform:var(--h2_typography-text-transform);--awb-caption-title-line-height:var(--h2_typography-line-height);--awb-caption-title-letter-spacing:var(--h2_typography-letter-spacing);\"><div class=\"imageframe-align-center\"><span class=\" fusion-imageframe imageframe-dropshadow imageframe-5 hover-type-zoomin\" style=\"-webkit-box-shadow: 3px 3px 7px rgba(0,0,0,0.3);box-shadow: 3px 3px 7px rgba(0,0,0,0.3);\"><a href=\"https:\/\/www.service-public.pf\/dsp\/wp-content\/uploads\/sites\/12\/2020\/01\/IMG_5798.jpg\" class=\"fusion-lightbox\" data-rel=\"iLightbox[e4e79b9c46329942919]\" data-title=\"Remise du label Fare EA \u00e0 l&rsquo;infirmerie de Rimatara\" title=\"Remise du label Fare EA \u00e0 l&rsquo;infirmerie de Rimatara\"><img decoding=\"async\" width=\"400\" height=\"300\" alt=\"Remise du label Fare EA \u00e0 l&#039;infirmerie de Rimatara\" src=\"https:\/\/www.service-public.pf\/dsp\/wp-content\/uploads\/sites\/12\/2020\/01\/IMG_5798-400x300.jpg\" class=\"img-responsive wp-image-12134\" srcset=\"https:\/\/www.service-public.pf\/dsp\/wp-content\/uploads\/sites\/12\/2020\/01\/IMG_5798-200x150.jpg 200w, https:\/\/www.service-public.pf\/dsp\/wp-content\/uploads\/sites\/12\/2020\/01\/IMG_5798-400x300.jpg 400w, https:\/\/www.service-public.pf\/dsp\/wp-content\/uploads\/sites\/12\/2020\/01\/IMG_5798-600x450.jpg 600w, https:\/\/www.service-public.pf\/dsp\/wp-content\/uploads\/sites\/12\/2020\/01\/IMG_5798-800x600.jpg 800w, https:\/\/www.service-public.pf\/dsp\/wp-content\/uploads\/sites\/12\/2020\/01\/IMG_5798.jpg 1024w\" sizes=\"(max-width: 1100px) 100vw, 400px\" \/><\/a><\/span><\/div><\/div>\n<h1 data-fontsize=\"34\" data-lineheight=\"47\">Le Ministre de la sant\u00e9 et de la pr\u00e9vention d\u00e9cerne le premier label Fare Ea \u00e0 l\u2019infirmerie de Rimatara<\/h1>\n<p><strong><span class=\"fontstyle0\">Le ministre de la sant\u00e9 et de la pr\u00e9vention a remis le premier label Fare EA \u00e0 l&rsquo;infirmerie de Rimatara, le 21 janvier 2020, en inaugurant un panneau symbolique, en pr\u00e9sence de Rachel Tau, Tavana hau des \u00eeles Australes et de Georges Hatitio, maire de Rimatara.<\/span><\/strong><\/p>\n<p class=\"-LettreTexteGEDA\"><span lang=\"FR\">Une belle reconnaissance pour les \u00e9quipes mais \u00e9galement une fiert\u00e9 pour les habitants de l\u2019\u00eele. L\u2019\u00e9quipe de l\u2019infirmerie de Rimatara s\u2019est lanc\u00e9e dans cette d\u00e9marche depuis octobre 2018, qui aboutit aujourd\u2019hui, apr\u00e8s une \u00e9valuation r\u00e9alis\u00e9e par la cellule d\u2019expertise SSP de la Direction de la sant\u00e9, \u00e0 l\u2019obtention du label <em>Fare Ea<\/em>.<\/span><\/p>\n<p>Le label <em>Fare Ea<\/em>, cr\u00e9\u00e9 en 2019 dans le cadre du programme de modernisation des soins de sant\u00e9 primaires (SSP) 2019-2023 en Polyn\u00e9sie, est un gage de qualit\u00e9 des services rendus \u00e0 la population de proximit\u00e9 au sein d\u2019une structure de sant\u00e9 de la Direction de la sant\u00e9.<\/p>\n<p>Pour l\u2019obtenir, la structure de sant\u00e9 s\u2019engage volontairement dans un processus d\u2019am\u00e9lioration de la qualit\u00e9 et l\u2019efficacit\u00e9 des soins, reconnaissant la mise en \u0153uvre d\u2019actions \u00e0 la fois pr\u00e9ventives, curatives, promotionnelles de sant\u00e9 au sein d\u2019un r\u00e9seau de partenaires locaux, respectant les concepts SSP d\u00e9finis par l\u2019organisation mondiale de la sant\u00e9 et prenant en compte les d\u00e9terminants de sant\u00e9 de la population.<\/p>\n<p>Chaque site volontaire b\u00e9n\u00e9ficie d\u2019un accompagnement technique, d\u2019un programme de formation important aux nouvelles techniques de promotion de sant\u00e9 et de mise \u00e0 jour des pratiques de soins, dans le but de construire un nouveau projet de structure.<\/p>\n<\/div><div class=\"fusion-sep-clear\"><\/div><div class=\"fusion-separator fusion-full-width-sep\" style=\"margin-left: auto;margin-right: auto;margin-top:2%;width:100%;\"><\/div><div class=\"fusion-sep-clear\"><\/div><div class=\"fusion-builder-row fusion-builder-row-inner fusion-row\"><div class=\"fusion-layout-column fusion_builder_column_inner fusion-builder-nested-column-3 fusion_builder_column_inner_1_3 1_3 fusion-one-third fusion-column-first\" style=\"--awb-bg-size:cover;width:33.333333333333%;width:calc(33.333333333333% - ( ( 4% + 4% ) * 0.33333333333333 ) );margin-right: 4%;\"><div class=\"fusion-column-wrapper fusion-column-has-shadow fusion-flex-column-wrapper-legacy\"><div class=\"fusion-image-element fusion-image-align-center in-legacy-container\" style=\"text-align:center;--awb-caption-title-font-family:var(--h2_typography-font-family);--awb-caption-title-font-weight:var(--h2_typography-font-weight);--awb-caption-title-font-style:var(--h2_typography-font-style);--awb-caption-title-size:var(--h2_typography-font-size);--awb-caption-title-transform:var(--h2_typography-text-transform);--awb-caption-title-line-height:var(--h2_typography-line-height);--awb-caption-title-letter-spacing:var(--h2_typography-letter-spacing);\"><div class=\"imageframe-align-center\"><span class=\" fusion-imageframe imageframe-dropshadow imageframe-6 hover-type-none\" style=\"-webkit-box-shadow: 3px 3px 7px rgba(0,0,0,0.3);box-shadow: 3px 3px 7px rgba(0,0,0,0.3);\"><a href=\"https:\/\/www.service-public.pf\/dsp\/wp-content\/uploads\/sites\/12\/2020\/01\/IMG_5796.jpg\" class=\"fusion-lightbox\" data-rel=\"iLightbox[e5e670ba1a1d8077e9a]\" data-title=\"Remise du label Fare EA \u00e0 l&rsquo;infirmerie de Rimatara\" title=\"Remise du label Fare EA \u00e0 l&rsquo;infirmerie de Rimatara\"><img decoding=\"async\" width=\"400\" height=\"300\" alt=\"Remise du label Fare EA \u00e0 l&#039;infirmerie de Rimatara\" src=\"https:\/\/www.service-public.pf\/dsp\/wp-content\/uploads\/sites\/12\/2020\/01\/IMG_5796-400x300.jpg\" class=\"img-responsive wp-image-12132\" srcset=\"https:\/\/www.service-public.pf\/dsp\/wp-content\/uploads\/sites\/12\/2020\/01\/IMG_5796-200x150.jpg 200w, https:\/\/www.service-public.pf\/dsp\/wp-content\/uploads\/sites\/12\/2020\/01\/IMG_5796-400x300.jpg 400w, https:\/\/www.service-public.pf\/dsp\/wp-content\/uploads\/sites\/12\/2020\/01\/IMG_5796-600x450.jpg 600w, https:\/\/www.service-public.pf\/dsp\/wp-content\/uploads\/sites\/12\/2020\/01\/IMG_5796-800x600.jpg 800w, https:\/\/www.service-public.pf\/dsp\/wp-content\/uploads\/sites\/12\/2020\/01\/IMG_5796.jpg 1024w\" sizes=\"(max-width: 1100px) 100vw, 400px\" \/><\/a><\/span><\/div><\/div><div class=\"fusion-clearfix\"><\/div><\/div><\/div><div class=\"fusion-layout-column fusion_builder_column_inner fusion-builder-nested-column-4 fusion_builder_column_inner_1_3 1_3 fusion-one-third\" style=\"--awb-bg-size:cover;width:33.333333333333%;width:calc(33.333333333333% - ( ( 4% + 4% ) * 0.33333333333333 ) );margin-right: 4%;\"><div class=\"fusion-column-wrapper fusion-column-has-shadow fusion-flex-column-wrapper-legacy\"><div class=\"fusion-image-element fusion-image-align-center in-legacy-container\" style=\"text-align:center;--awb-caption-title-font-family:var(--h2_typography-font-family);--awb-caption-title-font-weight:var(--h2_typography-font-weight);--awb-caption-title-font-style:var(--h2_typography-font-style);--awb-caption-title-size:var(--h2_typography-font-size);--awb-caption-title-transform:var(--h2_typography-text-transform);--awb-caption-title-line-height:var(--h2_typography-line-height);--awb-caption-title-letter-spacing:var(--h2_typography-letter-spacing);\"><div class=\"imageframe-align-center\"><span class=\" fusion-imageframe imageframe-dropshadow imageframe-7 hover-type-zoomin\" style=\"-webkit-box-shadow: 3px 3px 7px rgba(0,0,0,0.3);box-shadow: 3px 3px 7px rgba(0,0,0,0.3);\"><a href=\"https:\/\/www.service-public.pf\/dsp\/wp-content\/uploads\/sites\/12\/2020\/01\/IMG_5795.jpg\" class=\"fusion-lightbox\" data-rel=\"iLightbox[22617051e6d280d67e0]\" data-title=\"Remise du label Fare EA \u00e0 l&rsquo;infirmerie de Rimatara\" title=\"Remise du label Fare EA \u00e0 l&rsquo;infirmerie de Rimatara\"><img decoding=\"async\" width=\"400\" height=\"300\" alt=\"Remise du label Fare EA \u00e0 l&#039;infirmerie de Rimatara\" src=\"https:\/\/www.service-public.pf\/dsp\/wp-content\/uploads\/sites\/12\/2020\/01\/IMG_5795-400x300.jpg\" class=\"img-responsive wp-image-12131\" srcset=\"https:\/\/www.service-public.pf\/dsp\/wp-content\/uploads\/sites\/12\/2020\/01\/IMG_5795-200x150.jpg 200w, https:\/\/www.service-public.pf\/dsp\/wp-content\/uploads\/sites\/12\/2020\/01\/IMG_5795-400x300.jpg 400w, https:\/\/www.service-public.pf\/dsp\/wp-content\/uploads\/sites\/12\/2020\/01\/IMG_5795-600x450.jpg 600w, https:\/\/www.service-public.pf\/dsp\/wp-content\/uploads\/sites\/12\/2020\/01\/IMG_5795-800x600.jpg 800w, https:\/\/www.service-public.pf\/dsp\/wp-content\/uploads\/sites\/12\/2020\/01\/IMG_5795.jpg 1024w\" sizes=\"(max-width: 1100px) 100vw, 400px\" \/><\/a><\/span><\/div><\/div><div class=\"fusion-clearfix\"><\/div><\/div><\/div><div class=\"fusion-layout-column fusion_builder_column_inner fusion-builder-nested-column-5 fusion_builder_column_inner_1_3 1_3 fusion-one-third fusion-column-last\" style=\"--awb-bg-size:cover;width:33.333333333333%;width:calc(33.333333333333% - ( ( 4% + 4% ) * 0.33333333333333 ) );\"><div class=\"fusion-column-wrapper fusion-column-has-shadow fusion-flex-column-wrapper-legacy\"><div class=\"fusion-image-element fusion-image-align-center in-legacy-container\" style=\"text-align:center;--awb-caption-title-font-family:var(--h2_typography-font-family);--awb-caption-title-font-weight:var(--h2_typography-font-weight);--awb-caption-title-font-style:var(--h2_typography-font-style);--awb-caption-title-size:var(--h2_typography-font-size);--awb-caption-title-transform:var(--h2_typography-text-transform);--awb-caption-title-line-height:var(--h2_typography-line-height);--awb-caption-title-letter-spacing:var(--h2_typography-letter-spacing);\"><div class=\"imageframe-align-center\"><span class=\" fusion-imageframe imageframe-dropshadow imageframe-8 hover-type-zoomin\" style=\"-webkit-box-shadow: 3px 3px 7px rgba(0,0,0,0.3);box-shadow: 3px 3px 7px rgba(0,0,0,0.3);\"><a href=\"https:\/\/www.service-public.pf\/dsp\/wp-content\/uploads\/sites\/12\/2020\/01\/IMG_5797.jpg\" class=\"fusion-lightbox\" data-rel=\"iLightbox[837466da5ed73003889]\" data-title=\"Remise du label Fare EA \u00e0 l&rsquo;infirmerie de Rimatara\" title=\"Remise du label Fare EA \u00e0 l&rsquo;infirmerie de Rimatara\"><img decoding=\"async\" width=\"225\" height=\"300\" alt=\"Remise du label Fare EA \u00e0 l&#039;infirmerie de Rimatara\" src=\"https:\/\/www.service-public.pf\/dsp\/wp-content\/uploads\/sites\/12\/2020\/01\/IMG_5797-225x300.jpg\" class=\"img-responsive wp-image-12133\" srcset=\"https:\/\/www.service-public.pf\/dsp\/wp-content\/uploads\/sites\/12\/2020\/01\/IMG_5797-200x267.jpg 200w, https:\/\/www.service-public.pf\/dsp\/wp-content\/uploads\/sites\/12\/2020\/01\/IMG_5797-400x533.jpg 400w, https:\/\/www.service-public.pf\/dsp\/wp-content\/uploads\/sites\/12\/2020\/01\/IMG_5797-600x800.jpg 600w, https:\/\/www.service-public.pf\/dsp\/wp-content\/uploads\/sites\/12\/2020\/01\/IMG_5797.jpg 768w\" sizes=\"(max-width: 1100px) 100vw, 400px\" \/><\/a><\/span><\/div><\/div><div class=\"fusion-clearfix\"><\/div><\/div><\/div><\/div><\/div><\/div><div class=\"fusion-clearfix\"><\/div><\/div><\/div><div class=\"fusion-layout-column fusion_builder_column fusion-builder-column-3 fusion_builder_column_1_1 1_1 fusion-one-full fusion-column-first fusion-column-last fusion-no-large-visibility\" style=\"--awb-padding-left:10px;--awb-bg-size:cover;--awb-margin-bottom:0px;\"><div class=\"fusion-column-wrapper fusion-column-has-shadow fusion-flex-column-wrapper-legacy\"><div class=\"fusion-title title fusion-title-2 fusion-sep-none fusion-title-text fusion-title-size-two\" style=\"--awb-margin-top-small:0px;--awb-margin-right-small:0px;--awb-margin-bottom-small:20px;--awb-margin-left-small:0px;\"><h2 class=\"fusion-title-heading title-heading-left fusion-responsive-typography-calculated\" style=\"margin:0;--fontSize:28;line-height:1.5;\">Nous suivre<\/h2><\/div><div class=\"fusion-widget-area awb-widget-area-element fusion-widget-area-2 fusion-content-widget-area\" style=\"--awb-title-color:#333333;--awb-padding:0px 0px 0px 0px;\"><div class=\"fusion-additional-widget-content\"><\/div><\/div><div class=\"fusion-sharing-box fusion-sharing-box-2 boxed-icons has-taglines layout-floated layout-medium-floated layout-small-floated\" style=\"background-color:#f6f6f6;--awb-layout:row;--awb-alignment-small:space-between;\" data-title=\"Campagnes de pr\u00e9vention et de promotion de la sant\u00e9 : ton avis nous int\u00e9resse\" data-description=\"Le Ministre de la sant\u00e9 et de la pr\u00e9vention d\u00e9cerne le premier label Fare Ea \u00e0 l\u2019infirmerie de Rimatara\r\nLe ministre de la sant\u00e9 et de la pr\u00e9vention a remis le premier label Fare EA \u00e0 l&#039;infirmerie de Rimatara, le 21 janvier 2020, en inaugurant un panneau symbolique, en pr\u00e9sence de Rachel Tau,\" data-link=\"https:\/\/www.service-public.pf\/dsp\/2020\/01\/21\/label-fare-ea-rimatara\/\"><h4 class=\"tagline\" style=\"color:#333333;\">Partager cet article<\/h4><div class=\"fusion-social-networks sharingbox-shortcode-icon-wrapper sharingbox-shortcode-icon-wrapper-2 boxed-icons\"><span><a href=\"https:\/\/www.facebook.com\/sharer.php?u=https%3A%2F%2Fwww.service-public.pf%2Fdsp%2F2020%2F01%2F21%2Flabel-fare-ea-rimatara%2F&amp;t=Campagnes%20de%20pr%C3%A9vention%20et%20de%20promotion%20de%20la%20sant%C3%A9%20%3A%20ton%20avis%20nous%20int%C3%A9resse\" target=\"_blank\" rel=\"noreferrer\" title=\"Facebook\" aria-label=\"Facebook\" data-placement=\"top\" data-toggle=\"tooltip\" data-title=\"Facebook\"><i class=\"fusion-social-network-icon fusion-tooltip fusion-facebook awb-icon-facebook\" style=\"color:#bebdbd;background-color:#e8e8e8;border-color:#e8e8e8;border-radius:4px;\" aria-hidden=\"true\"><\/i><\/a><\/span><span><a href=\"https:\/\/x.com\/intent\/post?text=Campagnes%20de%20pr%C3%A9vention%20et%20de%20promotion%20de%20la%20sant%C3%A9%20%3A%20ton%20avis%20nous%20int%C3%A9resse&amp;url=https%3A%2F%2Fwww.service-public.pf%2Fdsp%2F2020%2F01%2F21%2Flabel-fare-ea-rimatara%2F\" target=\"_blank\" rel=\"noopener noreferrer\" title=\"X\" aria-label=\"X\" data-placement=\"top\" data-toggle=\"tooltip\" data-title=\"X\"><i class=\"fusion-social-network-icon fusion-tooltip fusion-twitter awb-icon-twitter\" style=\"color:#bebdbd;background-color:#e8e8e8;border-color:#e8e8e8;border-radius:4px;\" aria-hidden=\"true\"><\/i><\/a><\/span><span><a href=\"https:\/\/reddit.com\/submit?url=https%3A%2F%2Fwww.service-public.pf%2Fdsp%2F2020%2F01%2F21%2Flabel-fare-ea-rimatara%2F&amp;title=Campagnes%20de%20pr%C3%A9vention%20et%20de%20promotion%20de%20la%20sant%C3%A9%20%3A%20ton%20avis%20nous%20int%C3%A9resse\" target=\"_blank\" rel=\"noopener noreferrer\" title=\"Reddit\" aria-label=\"Reddit\" data-placement=\"top\" data-toggle=\"tooltip\" data-title=\"Reddit\"><i class=\"fusion-social-network-icon fusion-tooltip fusion-reddit awb-icon-reddit\" style=\"color:#bebdbd;background-color:#e8e8e8;border-color:#e8e8e8;border-radius:4px;\" aria-hidden=\"true\"><\/i><\/a><\/span><span><a href=\"https:\/\/www.linkedin.com\/shareArticle?mini=true&amp;url=https%3A%2F%2Fwww.service-public.pf%2Fdsp%2F2020%2F01%2F21%2Flabel-fare-ea-rimatara%2F&amp;title=Campagnes%20de%20pr%C3%A9vention%20et%20de%20promotion%20de%20la%20sant%C3%A9%20%3A%20ton%20avis%20nous%20int%C3%A9resse&amp;summary=Le%20Ministre%20de%20la%20sant%C3%A9%20et%20de%20la%20pr%C3%A9vention%20d%C3%A9cerne%20le%20premier%20label%20Fare%20Ea%20%C3%A0%20l%E2%80%99infirmerie%20de%20Rimatara%0D%0ALe%20ministre%20de%20la%20sant%C3%A9%20et%20de%20la%20pr%C3%A9vention%20a%20remis%20le%20premier%20label%20Fare%20EA%20%C3%A0%20l%26%2339%3Binfirmerie%20de%20Rimatara%2C%20le%2021%20janvier%202020%2C%20en%20inaugurant%20un%20panneau%20symbolique%2C%20en%20pr%C3%A9sence%20de%20Rachel%20Tau%2C\" target=\"_blank\" rel=\"noopener noreferrer\" title=\"LinkedIn\" aria-label=\"LinkedIn\" data-placement=\"top\" data-toggle=\"tooltip\" data-title=\"LinkedIn\"><i class=\"fusion-social-network-icon fusion-tooltip fusion-linkedin awb-icon-linkedin\" style=\"color:#bebdbd;background-color:#e8e8e8;border-color:#e8e8e8;border-radius:4px;\" aria-hidden=\"true\"><\/i><\/a><\/span><span><a href=\"https:\/\/api.whatsapp.com\/send?text=https%3A%2F%2Fwww.service-public.pf%2Fdsp%2F2020%2F01%2F21%2Flabel-fare-ea-rimatara%2F\" target=\"_blank\" rel=\"noopener noreferrer\" title=\"WhatsApp\" aria-label=\"WhatsApp\" data-placement=\"top\" data-toggle=\"tooltip\" data-title=\"WhatsApp\"><i class=\"fusion-social-network-icon fusion-tooltip fusion-whatsapp awb-icon-whatsapp\" style=\"color:#bebdbd;background-color:#e8e8e8;border-color:#e8e8e8;border-radius:4px;\" aria-hidden=\"true\"><\/i><\/a><\/span><span><a href=\"https:\/\/www.tumblr.com\/share\/link?url=https%3A%2F%2Fwww.service-public.pf%2Fdsp%2F2020%2F01%2F21%2Flabel-fare-ea-rimatara%2F&amp;name=Campagnes%20de%20pr%C3%A9vention%20et%20de%20promotion%20de%20la%20sant%C3%A9%20%3A%20ton%20avis%20nous%20int%C3%A9resse&amp;description=Le%20Ministre%20de%20la%20sant%C3%A9%20et%20de%20la%20pr%C3%A9vention%20d%C3%A9cerne%20le%20premier%20label%20Fare%20Ea%20%C3%A0%20l%E2%80%99infirmerie%20de%20Rimatara%0D%0ALe%20ministre%20de%20la%20sant%C3%A9%20et%20de%20la%20pr%C3%A9vention%20a%20remis%20le%20premier%20label%20Fare%20EA%20%C3%A0%20l%26%2339%3Binfirmerie%20de%20Rimatara%2C%20le%2021%20janvier%202020%2C%20en%20inaugurant%20un%20panneau%20symbolique%2C%20en%20pr%C3%A9sence%20de%20Rachel%20Tau%2C\" target=\"_blank\" rel=\"noopener noreferrer\" title=\"Tumblr\" aria-label=\"Tumblr\" data-placement=\"top\" data-toggle=\"tooltip\" data-title=\"Tumblr\"><i class=\"fusion-social-network-icon fusion-tooltip fusion-tumblr awb-icon-tumblr\" style=\"color:#bebdbd;background-color:#e8e8e8;border-color:#e8e8e8;border-radius:4px;\" aria-hidden=\"true\"><\/i><\/a><\/span><span><a href=\"https:\/\/pinterest.com\/pin\/create\/button\/?url=https%3A%2F%2Fwww.service-public.pf%2Fdsp%2F2020%2F01%2F21%2Flabel-fare-ea-rimatara%2F&amp;description=Le%20Ministre%20de%20la%20sant%C3%A9%20et%20de%20la%20pr%C3%A9vention%20d%C3%A9cerne%20le%20premier%20label%20Fare%20Ea%20%C3%A0%20l%E2%80%99infirmerie%20de%20Rimatara%0D%0ALe%20ministre%20de%20la%20sant%C3%A9%20et%20de%20la%20pr%C3%A9vention%20a%20remis%20le%20premier%20label%20Fare%20EA%20%C3%A0%20l%26%2339%3Binfirmerie%20de%20Rimatara%2C%20le%2021%20janvier%202020%2C%20en%20inaugurant%20un%20panneau%20symbolique%2C%20en%20pr%C3%A9sence%20de%20Rachel%20Tau%2C&amp;media=\" target=\"_blank\" rel=\"noopener noreferrer\" title=\"Pinterest\" aria-label=\"Pinterest\" data-placement=\"top\" data-toggle=\"tooltip\" data-title=\"Pinterest\"><i class=\"fusion-social-network-icon fusion-tooltip fusion-pinterest awb-icon-pinterest\" style=\"color:#bebdbd;background-color:#e8e8e8;border-color:#e8e8e8;border-radius:4px;\" aria-hidden=\"true\"><\/i><\/a><\/span><span><a href=\"https:\/\/vkontakte.ru\/share.php?url=https%3A%2F%2Fwww.service-public.pf%2Fdsp%2F2020%2F01%2F21%2Flabel-fare-ea-rimatara%2F&amp;title=Campagnes%20de%20pr%C3%A9vention%20et%20de%20promotion%20de%20la%20sant%C3%A9%20%3A%20ton%20avis%20nous%20int%C3%A9resse&amp;description=Le%20Ministre%20de%20la%20sant%C3%A9%20et%20de%20la%20pr%C3%A9vention%20d%C3%A9cerne%20le%20premier%20label%20Fare%20Ea%20%C3%A0%20l%E2%80%99infirmerie%20de%20Rimatara%0D%0ALe%20ministre%20de%20la%20sant%C3%A9%20et%20de%20la%20pr%C3%A9vention%20a%20remis%20le%20premier%20label%20Fare%20EA%20%C3%A0%20l%26%2339%3Binfirmerie%20de%20Rimatara%2C%20le%2021%20janvier%202020%2C%20en%20inaugurant%20un%20panneau%20symbolique%2C%20en%20pr%C3%A9sence%20de%20Rachel%20Tau%2C\" target=\"_blank\" rel=\"noopener noreferrer\" title=\"Vk\" aria-label=\"Vk\" data-placement=\"top\" data-toggle=\"tooltip\" data-title=\"Vk\"><i class=\"fusion-social-network-icon fusion-tooltip fusion-vk awb-icon-vk\" style=\"color:#bebdbd;background-color:#e8e8e8;border-color:#e8e8e8;border-radius:4px;\" aria-hidden=\"true\"><\/i><\/a><\/span><span><a href=\"mailto:?subject=Campagnes%20de%20pr%C3%A9vention%20et%20de%20promotion%20de%20la%20sant%C3%A9%20%3A%20ton%20avis%20nous%20int%C3%A9resse&amp;body=https%3A%2F%2Fwww.service-public.pf%2Fdsp%2F2020%2F01%2F21%2Flabel-fare-ea-rimatara%2F\" target=\"_self\" title=\"Email\" aria-label=\"Email\" data-placement=\"top\" data-toggle=\"tooltip\" data-title=\"Email\"><i class=\"fusion-social-network-icon fusion-tooltip fusion-mail awb-icon-mail\" style=\"color:#bebdbd;background-color:#e8e8e8;border-color:#e8e8e8;border-radius:4px;\" aria-hidden=\"true\"><\/i><\/a><\/span><\/div><\/div><div class=\"fusion-clearfix\"><\/div><\/div><\/div><\/div><\/div>\n","protected":false},"excerpt":{"rendered":"","protected":false},"author":182,"featured_media":12134,"comment_status":"closed","ping_status":"closed","sticky":false,"template":"","format":"standard","meta":{"_seopress_robots_primary_cat":"36","_seopress_titles_title":"","_seopress_titles_desc":"Rendez-vous sur le site pour en savoir plus.","_seopress_robots_index":"","footnotes":""},"categories":[36],"tags":[423,77,396],"class_list":["post-12144","post","type-post","status-publish","format-standard","has-post-thumbnail","hentry","category-actualite","tag-fare-ea","tag-polynesie-francaise","tag-structures-de-sante"],"_links":{"self":[{"href":"https:\/\/www.service-public.pf\/dsp\/wp-json\/wp\/v2\/posts\/12144","targetHints":{"allow":["GET"]}}],"collection":[{"href":"https:\/\/www.service-public.pf\/dsp\/wp-json\/wp\/v2\/posts"}],"about":[{"href":"https:\/\/www.service-public.pf\/dsp\/wp-json\/wp\/v2\/types\/post"}],"author":[{"embeddable":true,"href":"https:\/\/www.service-public.pf\/dsp\/wp-json\/wp\/v2\/users\/182"}],"replies":[{"embeddable":true,"href":"https:\/\/www.service-public.pf\/dsp\/wp-json\/wp\/v2\/comments?post=12144"}],"version-history":[{"count":0,"href":"https:\/\/www.service-public.pf\/dsp\/wp-json\/wp\/v2\/posts\/12144\/revisions"}],"wp:featuredmedia":[{"embeddable":true,"href":"https:\/\/www.service-public.pf\/dsp\/wp-json\/wp\/v2\/media\/12134"}],"wp:attachment":[{"href":"https:\/\/www.service-public.pf\/dsp\/wp-json\/wp\/v2\/media?parent=12144"}],"wp:term":[{"taxonomy":"category","embeddable":true,"href":"https:\/\/www.service-public.pf\/dsp\/wp-json\/wp\/v2\/categories?post=12144"},{"taxonomy":"post_tag","embeddable":true,"href":"https:\/\/www.service-public.pf\/dsp\/wp-json\/wp\/v2\/tags?post=12144"}],"curies":[{"name":"wp","href":"https:\/\/api.w.org\/{rel}","templated":true}]}}