{"id":14057,"date":"2020-04-06T16:50:14","date_gmt":"2020-04-07T02:50:14","guid":{"rendered":"https:\/\/www.service-public.pf\/dsp\/?p=14057"},"modified":"2020-04-06T16:57:06","modified_gmt":"2020-04-07T02:57:06","slug":"article-note-presse-cellule-crise-060420","status":"publish","type":"post","link":"https:\/\/www.service-public.pf\/dsp\/2020\/04\/06\/article-note-presse-cellule-crise-060420\/","title":{"rendered":"Bulletin d&rsquo;information #15 &#8211; Cellule de crise de la Polyn\u00e9sie fran\u00e7aise VF et VT"},"content":{"rendered":"<p><div class=\"fusion-fullwidth fullwidth-box fusion-builder-row-1 hundred-percent-fullwidth non-hundred-percent-height-scrolling fusion-no-small-visibility fusion-no-medium-visibility\" style=\"--awb-border-radius-top-left:0px;--awb-border-radius-top-right:0px;--awb-border-radius-bottom-right:0px;--awb-border-radius-bottom-left:0px;--awb-padding-right:55px;--awb-padding-left:55px;--awb-flex-wrap:wrap;--awb-filter:saturate(140%);--awb-filter-transition:filter 0.3s ease;--awb-filter-hover:saturate(140%);\" ><div class=\"fusion-builder-row fusion-row\"><div class=\"fusion-layout-column fusion_builder_column fusion-builder-column-0 fusion_builder_column_4_5 4_5 fusion-four-fifth fusion-column-first fusion-no-small-visibility fusion-no-medium-visibility\" style=\"--awb-bg-size:cover;--awb-margin-bottom:0px;width:80%;width:calc(80% - ( ( 4% ) * 0.8 ) );margin-right: 4%;\"><div class=\"fusion-column-wrapper fusion-column-has-shadow fusion-flex-column-wrapper-legacy\"><div class=\"fusion-column-content-centered\"><div class=\"fusion-column-content\"><div class=\"fusion-text fusion-text-1\"><h1 data-fontsize=\"34\" data-lineheight=\"47\">BULLETIN D&rsquo;INFORMATION #15 &#8211; Cellule de crise de la Polyn\u00e9sie fran\u00e7aise<\/h1>\n<div class=\"fusion-image-element fusion-image-align-right in-legacy-container\" style=\"text-align:right;--awb-caption-title-font-family:var(--h2_typography-font-family);--awb-caption-title-font-weight:var(--h2_typography-font-weight);--awb-caption-title-font-style:var(--h2_typography-font-style);--awb-caption-title-size:var(--h2_typography-font-size);--awb-caption-title-transform:var(--h2_typography-text-transform);--awb-caption-title-line-height:var(--h2_typography-line-height);--awb-caption-title-letter-spacing:var(--h2_typography-letter-spacing);\"><span class=\" fusion-imageframe imageframe-none imageframe-1 hover-type-none\" style=\"margin-left:25px;float:right;\"><img decoding=\"async\" width=\"200\" height=\"133\" title=\"Note Presse Site\" src=\"https:\/\/www.service-public.pf\/dsp\/wp-content\/uploads\/sites\/12\/2020\/03\/note-presse-site-200x133.jpg\" alt class=\"img-responsive wp-image-13744\" srcset=\"https:\/\/www.service-public.pf\/dsp\/wp-content\/uploads\/sites\/12\/2020\/03\/note-presse-site-200x133.jpg 200w, https:\/\/www.service-public.pf\/dsp\/wp-content\/uploads\/sites\/12\/2020\/03\/note-presse-site-400x267.jpg 400w, https:\/\/www.service-public.pf\/dsp\/wp-content\/uploads\/sites\/12\/2020\/03\/note-presse-site-600x400.jpg 600w, https:\/\/www.service-public.pf\/dsp\/wp-content\/uploads\/sites\/12\/2020\/03\/note-presse-site-800x533.jpg 800w, https:\/\/www.service-public.pf\/dsp\/wp-content\/uploads\/sites\/12\/2020\/03\/note-presse-site-1200x800.jpg 1200w\" sizes=\"(max-width: 1100px) 100vw, 1200px\" \/><\/span><\/div>\n<p>Un nouveau cas a \u00e9t\u00e9 d\u00e9pist\u00e9 aujourd\u2019hui \u00e0 Tahiti, <strong>hors zone urbaine<\/strong> &#8211; commune de Papara &#8211; portant \u00e0 42 le nombre de cas de personnes touch\u00e9es par le COVID-19 en Polyn\u00e9sie fran\u00e7aise pour 618 d\u00e9pistages depuis le d\u00e9but de l\u2019\u00e9pid\u00e9mie. Deux personnes sont d\u00e9sormais hospitalis\u00e9e (+1), aucun d\u00e9c\u00e8s n\u2019est constat\u00e9. <strong>Le patient hospitalis\u00e9 a \u00e9t\u00e9 plac\u00e9 en service de r\u00e9animation.<\/strong><\/p>\n<p>Le ministre de la Sant\u00e9 rappelle l\u2019importance de respecter les gestes barri\u00e8res, dans les familles mais \u00e9galement, dans les quartiers o\u00f9 des confinements plus cibl\u00e9s pourraient \u00eatre d\u00e9cid\u00e9s.<\/p>\n<\/div><div class=\"fusion-builder-row fusion-builder-row-inner fusion-row\"><div class=\"fusion-layout-column fusion_builder_column_inner fusion-builder-nested-column-0 fusion_builder_column_inner_1_2 1_2 fusion-one-half fusion-column-first\" style=\"--awb-bg-size:cover;width:50%;width:calc(50% - ( ( 4% ) * 0.5 ) );margin-right: 4%;\"><div class=\"fusion-column-wrapper fusion-column-has-shadow fusion-flex-column-wrapper-legacy\"><div class=\"fusion-image-element fusion-image-align-center in-legacy-container\" style=\"text-align:center;--awb-caption-title-font-family:var(--h2_typography-font-family);--awb-caption-title-font-weight:var(--h2_typography-font-weight);--awb-caption-title-font-style:var(--h2_typography-font-style);--awb-caption-title-size:var(--h2_typography-font-size);--awb-caption-title-transform:var(--h2_typography-text-transform);--awb-caption-title-line-height:var(--h2_typography-line-height);--awb-caption-title-letter-spacing:var(--h2_typography-letter-spacing);\"><div class=\"imageframe-align-center\"><span class=\" fusion-imageframe imageframe-none imageframe-2 hover-type-none\"><img decoding=\"async\" width=\"597\" height=\"332\" title=\"Chiffres Cles 060420\" src=\"https:\/\/www.service-public.pf\/dsp\/wp-content\/uploads\/sites\/12\/2020\/04\/chiffres-cles-060420.jpg\" alt class=\"img-responsive wp-image-14063\" srcset=\"https:\/\/www.service-public.pf\/dsp\/wp-content\/uploads\/sites\/12\/2020\/04\/chiffres-cles-060420-200x111.jpg 200w, https:\/\/www.service-public.pf\/dsp\/wp-content\/uploads\/sites\/12\/2020\/04\/chiffres-cles-060420-400x222.jpg 400w, https:\/\/www.service-public.pf\/dsp\/wp-content\/uploads\/sites\/12\/2020\/04\/chiffres-cles-060420.jpg 597w\" sizes=\"(max-width: 1100px) 100vw, 597px\" \/><\/span><\/div><\/div><div class=\"fusion-clearfix\"><\/div><\/div><\/div><div class=\"fusion-layout-column fusion_builder_column_inner fusion-builder-nested-column-1 fusion_builder_column_inner_1_2 1_2 fusion-one-half fusion-column-last\" style=\"--awb-bg-size:cover;width:50%;width:calc(50% - ( ( 4% ) * 0.5 ) );\"><div class=\"fusion-column-wrapper fusion-column-has-shadow fusion-flex-column-wrapper-legacy\"><div class=\"fusion-image-element fusion-image-align-center in-legacy-container\" style=\"text-align:center;--awb-caption-title-font-family:var(--h2_typography-font-family);--awb-caption-title-font-weight:var(--h2_typography-font-weight);--awb-caption-title-font-style:var(--h2_typography-font-style);--awb-caption-title-size:var(--h2_typography-font-size);--awb-caption-title-transform:var(--h2_typography-text-transform);--awb-caption-title-line-height:var(--h2_typography-line-height);--awb-caption-title-letter-spacing:var(--h2_typography-letter-spacing);\"><div class=\"imageframe-align-center\"><span class=\" fusion-imageframe imageframe-none imageframe-3 hover-type-none\"><img decoding=\"async\" width=\"594\" height=\"387\" title=\"Nbre Cas Cumule 070420\" src=\"https:\/\/www.service-public.pf\/dsp\/wp-content\/uploads\/sites\/12\/2020\/04\/nbre-cas-cumule-070420.jpg\" alt class=\"img-responsive wp-image-14062\" srcset=\"https:\/\/www.service-public.pf\/dsp\/wp-content\/uploads\/sites\/12\/2020\/04\/nbre-cas-cumule-070420-200x130.jpg 200w, https:\/\/www.service-public.pf\/dsp\/wp-content\/uploads\/sites\/12\/2020\/04\/nbre-cas-cumule-070420-400x261.jpg 400w, https:\/\/www.service-public.pf\/dsp\/wp-content\/uploads\/sites\/12\/2020\/04\/nbre-cas-cumule-070420.jpg 594w\" sizes=\"(max-width: 1100px) 100vw, 594px\" \/><\/span><\/div><\/div><div class=\"fusion-clearfix\"><\/div><\/div><\/div><\/div><div class=\"fusion-text fusion-text-2\"><h3><div class=\"fusion-image-element fusion-image-align-left in-legacy-container\" style=\"text-align:left;--awb-caption-title-font-family:var(--h2_typography-font-family);--awb-caption-title-font-weight:var(--h2_typography-font-weight);--awb-caption-title-font-style:var(--h2_typography-font-style);--awb-caption-title-size:var(--h2_typography-font-size);--awb-caption-title-transform:var(--h2_typography-text-transform);--awb-caption-title-line-height:var(--h2_typography-line-height);--awb-caption-title-letter-spacing:var(--h2_typography-letter-spacing);\"><span class=\" fusion-imageframe imageframe-none imageframe-4 hover-type-none\" style=\"margin-right:25px;float:left;\"><a href=\"https:\/\/www.service-public.pf\/dsp\/wp-content\/uploads\/sites\/12\/2020\/04\/cartographie-060420.jpg\" class=\"fusion-lightbox\" data-rel=\"iLightbox[06cbbe2e678511a3cbe]\" data-title=\"Cartographie 060420\" title=\"Cartographie 060420\"><img decoding=\"async\" width=\"400\" height=\"278\" src=\"https:\/\/www.service-public.pf\/dsp\/wp-content\/uploads\/sites\/12\/2020\/04\/cartographie-060420-400x278.jpg\" alt class=\"img-responsive wp-image-14061\" srcset=\"https:\/\/www.service-public.pf\/dsp\/wp-content\/uploads\/sites\/12\/2020\/04\/cartographie-060420-200x139.jpg 200w, https:\/\/www.service-public.pf\/dsp\/wp-content\/uploads\/sites\/12\/2020\/04\/cartographie-060420-400x278.jpg 400w, https:\/\/www.service-public.pf\/dsp\/wp-content\/uploads\/sites\/12\/2020\/04\/cartographie-060420.jpg 599w\" sizes=\"(max-width: 1100px) 100vw, 400px\" \/><\/a><\/span><\/div><\/h3>\n<h3>Liaisons a\u00e9riennes : internationales, nationales et inter-\u00eeles<\/h3>\n<p><strong>INTERNATIONAL<\/strong> \u2013 Le premier vol affr\u00e9t\u00e9 par le Pays \u00e0 destination de Shanghai a r\u00e9ussi sa mission d\u2019acheminement de commandes de mat\u00e9riels sanitaires. Le vol est arriv\u00e9 avec 130 m\u00e8tres cubes de fret compos\u00e9 d\u2019\u00e9quipements de protection individuelle (EPI). Il sera appliqu\u00e9 \u00e0 l\u2019\u00e9quipage et aux accompagnants les mesures de confinement qu\u2019il convient.<\/p>\n<p><strong>NATIONAL<\/strong> \u2013 Le premier vol affr\u00e9t\u00e9 par l\u2019Etat dans le cadre de la politique de continuit\u00e9 territoriale entre la m\u00e9tropole et les outremers d\u00e9collera de Tahiti, ce mardi. Le vol retour pr\u00e9voit un d\u00e9collage de Paris vendredi, en fin de soir\u00e9e.<\/p>\n<p>Ces vols sp\u00e9ciaux, qui seront effectu\u00e9s par la compagnie Air Tahiti Nui, ne sont pas commerciaux. Leur priorit\u00e9, dans les deux sens, seront les \u00e9vacuations sanitaires ainsi que le transport de mat\u00e9riels sanitaires et d\u2019analyses urgentes command\u00e9es par l\u2019ensemble des structures de soins, de sant\u00e9 et d\u2019analyses m\u00e9dicales (publiques et priv\u00e9es) du Pays.<\/p>\n<p><strong>INTER-ILES \u2013 La programmation de vols de soutien aux archipels se poursuit.<\/strong> La cellule de crise COVID-19 du Pays affr\u00e8te mardi un vol \u00e0 destination des Marquises, avec, \u00e0 bord, du mat\u00e9riel sanitaire destin\u00e9 \u00e0 renforcer les moyens de la sant\u00e9 publique dans les \u00eeles, et permettant le suivi m\u00e9dical des populations.<br \/>\nTous les archipels seront ainsi r\u00e9guli\u00e8rement b\u00e9n\u00e9ficiaires de ces vols sanitaires, avec la possibilit\u00e9 de vols suppl\u00e9mentaires dans les cas d\u2019urgence.<\/p>\n<h3>GESTES BARRI\u00c8RES : DANS LES PHARMACIES ET LES MAGASINS, m\u00eame le dimanche !<\/h3>\n<p>Il est important de respecter, chaque jour de la semaine, les gestes barri\u00e8res qui permettent de soutenir la lutte contre l\u2019\u00e9pid\u00e9mie. Il convient de bien respecter les gestes barri\u00e8res, dans les magasins \u2013 se laver les mains avant et apr\u00e8s y \u00eatre all\u00e9, respecter les distances de s\u00e9curit\u00e9, porter un masque en tissu et une seule personne qui se d\u00e9place pour les courses de toute la famille. Il en va de m\u00eame dans les pharmacies.<\/p>\n<p>Ces gestes importants, font appel \u00e0 la vigilance de chacun. Ils doivent s\u2019appliquer autour des f\u00eates de P\u00e2ques, quand toutes les familles pr\u00e9parent ces c\u00e9l\u00e9brations.<\/p>\n<p>Nous rappelons que les repas en famille doivent \u00eatre limit\u00e9s aux personnes vivant sous le m\u00eame toit.<\/p>\n<p><div class=\"fusion-image-element fusion-image-align-center in-legacy-container\" style=\"text-align:center;--awb-caption-title-font-family:var(--h2_typography-font-family);--awb-caption-title-font-weight:var(--h2_typography-font-weight);--awb-caption-title-font-style:var(--h2_typography-font-style);--awb-caption-title-size:var(--h2_typography-font-size);--awb-caption-title-transform:var(--h2_typography-text-transform);--awb-caption-title-line-height:var(--h2_typography-line-height);--awb-caption-title-letter-spacing:var(--h2_typography-letter-spacing);\"><div class=\"imageframe-align-center\"><span class=\" fusion-imageframe imageframe-none imageframe-5 hover-type-none\"><img decoding=\"async\" width=\"400\" height=\"567\" title=\"Visuel Flyer Mesures Barrieres A5\" src=\"https:\/\/www.service-public.pf\/dsp\/wp-content\/uploads\/sites\/12\/2020\/03\/visuel-flyer-mesures-barrieres-A5-400x567.jpg\" alt class=\"img-responsive wp-image-13082\" srcset=\"https:\/\/www.service-public.pf\/dsp\/wp-content\/uploads\/sites\/12\/2020\/03\/visuel-flyer-mesures-barrieres-A5-200x283.jpg 200w, https:\/\/www.service-public.pf\/dsp\/wp-content\/uploads\/sites\/12\/2020\/03\/visuel-flyer-mesures-barrieres-A5-400x567.jpg 400w, https:\/\/www.service-public.pf\/dsp\/wp-content\/uploads\/sites\/12\/2020\/03\/visuel-flyer-mesures-barrieres-A5-600x850.jpg 600w, https:\/\/www.service-public.pf\/dsp\/wp-content\/uploads\/sites\/12\/2020\/03\/visuel-flyer-mesures-barrieres-A5-800x1133.jpg 800w, https:\/\/www.service-public.pf\/dsp\/wp-content\/uploads\/sites\/12\/2020\/03\/visuel-flyer-mesures-barrieres-A5.jpg 1059w\" sizes=\"(max-width: 1100px) 100vw, 400px\" \/><\/span><\/div><\/div>\n<div class=\"fusion-sep-clear\"><\/div><div class=\"fusion-separator fusion-full-width-sep\" style=\"margin-left: auto;margin-right: auto;margin-top:3%;width:100%;\"><\/div><div class=\"fusion-sep-clear\"><\/div><\/p>\n<p><strong>PREVENTION &#8211; IL EST IMPORTANT DE RAPPELER, dans le cadre de la lutte contre l\u2019\u00e9pid\u00e9mie, que LE VIRUS NE CIRCULE PAS SEUL. Nous le faisons circuler. D\u2019o\u00f9 la politique du confinement strict.<\/strong><\/p>\n<p>BON COURAGE A TOUTES ET A TOUS. FAAITOITO<\/p>\n<\/div><div class=\"fusion-sep-clear\"><\/div><div class=\"fusion-separator fusion-full-width-sep\" style=\"margin-left: auto;margin-right: auto;margin-top:3%;margin-bottom:3%;width:100%;\"><div class=\"fusion-separator-border sep-single sep-solid\" style=\"--awb-height:20px;--awb-amount:20px;border-color:#e0dede;border-top-width:1px;\"><\/div><\/div><div class=\"fusion-sep-clear\"><\/div><div class=\"fusion-text fusion-text-3\"><h1 data-fontsize=\"34\" data-lineheight=\"47\">PARAU FA\u2019AARARA\u2019A N\u0100 TE MAU VE\u2019A #15<\/h1>\n<p>Mai te \u2018omuara\u2019a \u2018o teie ma\u2019i \u2018i te fenua nei e tae roa mai \u2018i teie mahana, teie te mau n\u00fbmera : 618 ta\u2019ata tei hi\u2019opo\u2019ahia, 42 ta\u2019ata tei ro\u2019ohia \u2018i te ma\u2019i COVID-19 (h\u00f4\u2019\u00ea ta\u2019ata ma\u2019i \u2018\u00e2p\u00ee tei \u2018itehia\u2019 e tirotiro to roto ia na, n\u00f4 te oire \u00f4 Papara). E piti atu ra ia ta\u2019ata \u2018e vai nei \u2018i te fare ma\u2019i. \u2018E te parau \u2018oa\u2019oa, \u2018aore \u00e2 ta\u2019ata i fa\u2019aru\u2019e mai.<\/p>\n<p>Teie ta\u2019ata \u2018\u00e2p\u00ee tei hi\u2019opo\u2019a hia, e ua \u2018itehia tei roto ia na te tirotiro COVID-19, n\u00f4 te \u2018oire n\u00f4 Papara. \u2018Ua tape\u2019ahia \u2018oia i te fare ma\u2019i n\u00f4 Taaone i roto i te piha ra\u2019apa\u2019aura\u2019a ma\u2019i fifi, e h\u00f4\u2019\u00ea i roto i te tahi atu piha.<\/p>\n<p>Te fa\u2019aha\u2019amana\u2019o fa\u2019ahouhia atu nei te Fa\u2019atere Hau o te Ea te faufa\u2019a rahi n\u00f4 te mau rave\u2019a p\u00e2ruru i roto i te mau \u2018utuafare feti\u2019i e i roto atoa i te mau tuha\u2019a \u2018oire e mea rahi roa te ta\u2019ata e noho ra i reira, e nehenehe ato\u2019a te tahi fa\u2019anahora\u2019a ta\u2019a\u2019\u00ea i te ravehia na roto i te \u2018opani roa ra\u2019a i taua tuha\u2019a tei reira te \u2018ite ra\u2019ahia te h\u00f4\u2019\u00ea ta\u2019ata ma\u2019ihia i te COVID-19.<\/p>\n<p>Ia \u2018ore noa atu te ta\u2019ata e ha\u2019apa\u2019o i teie mau fauera\u2019a e riro ratou i te fa\u2019autu\u2019ahia.<\/p>\n<\/div><div class=\"fusion-builder-row fusion-builder-row-inner fusion-row\"><div class=\"fusion-layout-column fusion_builder_column_inner fusion-builder-nested-column-2 fusion_builder_column_inner_1_2 1_2 fusion-one-half fusion-column-first\" style=\"--awb-bg-size:cover;width:50%;width:calc(50% - ( ( 4% ) * 0.5 ) );margin-right: 4%;\"><div class=\"fusion-column-wrapper fusion-column-has-shadow fusion-flex-column-wrapper-legacy\"><div class=\"fusion-image-element fusion-image-align-center in-legacy-container\" style=\"text-align:center;--awb-caption-title-font-family:var(--h2_typography-font-family);--awb-caption-title-font-weight:var(--h2_typography-font-weight);--awb-caption-title-font-style:var(--h2_typography-font-style);--awb-caption-title-size:var(--h2_typography-font-size);--awb-caption-title-transform:var(--h2_typography-text-transform);--awb-caption-title-line-height:var(--h2_typography-line-height);--awb-caption-title-letter-spacing:var(--h2_typography-letter-spacing);\"><div class=\"imageframe-align-center\"><span class=\" fusion-imageframe imageframe-none imageframe-6 hover-type-none\"><img decoding=\"async\" width=\"600\" height=\"435\" title=\"Chiffres Cles 070420 Vt\" src=\"https:\/\/www.service-public.pf\/dsp\/wp-content\/uploads\/sites\/12\/2020\/04\/chiffres-cles-070420-vt-600x435.jpg\" alt class=\"img-responsive wp-image-14060\" srcset=\"https:\/\/www.service-public.pf\/dsp\/wp-content\/uploads\/sites\/12\/2020\/04\/chiffres-cles-070420-vt-200x145.jpg 200w, https:\/\/www.service-public.pf\/dsp\/wp-content\/uploads\/sites\/12\/2020\/04\/chiffres-cles-070420-vt-400x290.jpg 400w, https:\/\/www.service-public.pf\/dsp\/wp-content\/uploads\/sites\/12\/2020\/04\/chiffres-cles-070420-vt-600x435.jpg 600w, https:\/\/www.service-public.pf\/dsp\/wp-content\/uploads\/sites\/12\/2020\/04\/chiffres-cles-070420-vt.jpg 675w\" sizes=\"(max-width: 1100px) 100vw, 600px\" \/><\/span><\/div><\/div><div class=\"fusion-clearfix\"><\/div><\/div><\/div><div class=\"fusion-layout-column fusion_builder_column_inner fusion-builder-nested-column-3 fusion_builder_column_inner_1_2 1_2 fusion-one-half fusion-column-last\" style=\"--awb-bg-size:cover;width:50%;width:calc(50% - ( ( 4% ) * 0.5 ) );\"><div class=\"fusion-column-wrapper fusion-column-has-shadow fusion-flex-column-wrapper-legacy\"><div class=\"fusion-image-element fusion-image-align-center in-legacy-container\" style=\"text-align:center;--awb-caption-title-font-family:var(--h2_typography-font-family);--awb-caption-title-font-weight:var(--h2_typography-font-weight);--awb-caption-title-font-style:var(--h2_typography-font-style);--awb-caption-title-size:var(--h2_typography-font-size);--awb-caption-title-transform:var(--h2_typography-text-transform);--awb-caption-title-line-height:var(--h2_typography-line-height);--awb-caption-title-letter-spacing:var(--h2_typography-letter-spacing);\"><div class=\"imageframe-align-center\"><span class=\" fusion-imageframe imageframe-none imageframe-7 hover-type-none\"><img decoding=\"async\" width=\"600\" height=\"499\" title=\"Nbre Cas Cumules 060420 Vt\" src=\"https:\/\/www.service-public.pf\/dsp\/wp-content\/uploads\/sites\/12\/2020\/04\/nbre-cas-cumules-060420-vt-600x499.jpg\" alt class=\"img-responsive wp-image-14059\" srcset=\"https:\/\/www.service-public.pf\/dsp\/wp-content\/uploads\/sites\/12\/2020\/04\/nbre-cas-cumules-060420-vt-200x166.jpg 200w, https:\/\/www.service-public.pf\/dsp\/wp-content\/uploads\/sites\/12\/2020\/04\/nbre-cas-cumules-060420-vt-400x333.jpg 400w, https:\/\/www.service-public.pf\/dsp\/wp-content\/uploads\/sites\/12\/2020\/04\/nbre-cas-cumules-060420-vt-600x499.jpg 600w, https:\/\/www.service-public.pf\/dsp\/wp-content\/uploads\/sites\/12\/2020\/04\/nbre-cas-cumules-060420-vt.jpg 655w\" sizes=\"(max-width: 1100px) 100vw, 600px\" \/><\/span><\/div><\/div><div class=\"fusion-clearfix\"><\/div><\/div><\/div><\/div><div class=\"fusion-text fusion-text-4\"><h3><div class=\"fusion-image-element fusion-image-align-left in-legacy-container\" style=\"text-align:left;--awb-caption-title-font-family:var(--h2_typography-font-family);--awb-caption-title-font-weight:var(--h2_typography-font-weight);--awb-caption-title-font-style:var(--h2_typography-font-style);--awb-caption-title-size:var(--h2_typography-font-size);--awb-caption-title-transform:var(--h2_typography-text-transform);--awb-caption-title-line-height:var(--h2_typography-line-height);--awb-caption-title-letter-spacing:var(--h2_typography-letter-spacing);\"><span class=\" fusion-imageframe imageframe-none imageframe-8 hover-type-none\" style=\"margin-right:25px;float:left;\"><a href=\"https:\/\/www.service-public.pf\/dsp\/wp-content\/uploads\/sites\/12\/2020\/04\/cartographie-060420-vt.png\" class=\"fusion-lightbox\" data-rel=\"iLightbox[0b7d6e55377c7836328]\" data-title=\"Cartographie 060420 Vt\" title=\"Cartographie 060420 Vt\"><img decoding=\"async\" width=\"400\" height=\"316\" src=\"https:\/\/www.service-public.pf\/dsp\/wp-content\/uploads\/sites\/12\/2020\/04\/cartographie-060420-vt-400x316.png\" alt class=\"img-responsive wp-image-14058\" srcset=\"https:\/\/www.service-public.pf\/dsp\/wp-content\/uploads\/sites\/12\/2020\/04\/cartographie-060420-vt-200x158.png 200w, https:\/\/www.service-public.pf\/dsp\/wp-content\/uploads\/sites\/12\/2020\/04\/cartographie-060420-vt-400x316.png 400w, https:\/\/www.service-public.pf\/dsp\/wp-content\/uploads\/sites\/12\/2020\/04\/cartographie-060420-vt-600x474.png 600w, https:\/\/www.service-public.pf\/dsp\/wp-content\/uploads\/sites\/12\/2020\/04\/cartographie-060420-vt.png 612w\" sizes=\"(max-width: 1100px) 100vw, 400px\" \/><\/a><\/span><\/div><\/h3>\n<h3>Te mau terera\u2019a manureva : na te ara, i far\u00e2ni, i roto i te mau motu<\/h3>\n<p><strong>Na te ara &#8211;<\/strong> Ua manuia maita\u2019i te <strong>tere manureva \u2018i Shanghai<\/strong>. E ho\u2019i mai \u2018oia i teie avatea i te fenua nei n\u00f4 te fa\u2019aho\u2019i mai 130 metera \u2018afata, mau tauiha\u2019a n\u00f4 te araira\u2019a i teie ma\u2019i COVID-19 : te mau p\u00e2ruru vaha, te mau \u2018ahu, te mau rimarima, te mau m\u00e2teria n\u00f4 te hi\u2019opo\u2019ara\u2019a i te tirotiro COVID-19.<\/p>\n<p>Ia \u2018ite mai ra \u2018outou e, e \u2018afa\u2019i hia atu te mau pairati e te mau rave \u2018ohipa i roto i te manureva, i roto i te tahi fare i reira ratou e fa\u2019aea ai. Te aura\u2019a \u2018e\u2019ita ratou e ho\u2019i i roto i t\u00f4 r\u00e2tou mau \u2018utuafare.<\/p>\n<p><strong>I far\u00e2ni &#8211;<\/strong> N\u00f4 te mau terera\u2019a manureva, tei mana\u2019ohia e ia tupu i rotopu ia Tahiti e o Paris. E tupu teie tere matamua i teie mahana piti nei no te reva atu i Paris. E ho\u2019i mai \u2018oia i teie mahana pae i muri nei i te tuira\u2019a p\u00f4.<\/p>\n<p>Teie mau tere ta\u2019a\u2019\u00ea na te taiete Air Tahiti Nui n\u00f4 te uta atu ia i te mau m\u00e2teria n\u00f4 te utuutura\u2019a ma\u2019i, te mau hi\u2019opo\u2019ara\u2019a e fa\u2019atae hia atu i Paris e te tahi atoa o tatou e haere atu i roto i te mau fare ma\u2019i i Paris. \u2018E\u2019ita roa te mau horo patete e fari\u2019ihia.<\/p>\n<p><strong>I roto i te mau motu &#8211; <\/strong>E tere atu te ho\u2019e manureva tei tarahuhia i te pae fenua \u2018Enata n\u00f4 te \u2018afa\u2019i atu i te mau tauiha\u2019a utuutura\u2019a ma\u2019i, no te tauturura\u2019a ia i te mau fare utuutura\u2019a ma\u2019i. N\u00e2 te reira e fa\u2019a\u2019ohie i te hi\u2019opo\u2019ara\u2019a i te mau ma\u2019i no te huira\u2019atira.<\/p>\n<p>E tupu teie mau tere manureva i roto i te mau ta\u2019a motu atoa no por\u00eenetia no te tauturura\u2019a ia ratou.<\/p>\n<h3>N\u00f4 te parurura\u2019a ia tatou : te mau fare ho\u2019ora\u2019a ra\u2019au e te mau fare toa<\/h3>\n<p>E mea faufa\u2019a rahi roa te fa\u2019a\u2019ohipara\u2019a i te mau mahana atoa te mau rave\u2019a p\u00e2rurura\u2019a no te pa\u2019epa\u2019era\u2019a i te araira\u2019a i teie ma\u2019i.<\/p>\n<p>Fa\u2019a\u2019ohipa teie mau rave\u2019a p\u00e2ruru i roto i te mau fare toa e haere hia atu e \u2018outou : fa\u2019aateateara\u2019a, \u2018eiaha e \u2018apa fa\u2019ahou, \u2018eiaha e aroha rima, a hota i roto i te fatira\u2019a rima, horoi i t\u00f4 \u2018outou rima, ho\u2019e noa ta\u2019ata i roto i te fare toa no te ho\u2019o mai ta \u2018outou mau ma\u2019a.<\/p>\n<p>Ia fa\u2019a\u2019ohipa \u2018outou i teie mau fauera\u2019a i te po\u2019ipo\u2019i tapati ia haere \u2018outou e ho\u2019o mai te m\u00e2\u2019a i roto i te fare toa.<\/p>\n<p>Ta \u2018outou mau tam\u00e2\u2019ara\u2019a i roto i te \u2018utuafare, n\u00f4 \u2018outou noa e noho ra i roto i taua \u2018utuafare ra.<\/p>\n<p>N\u00e2 reira atoa n\u00f4 teie mau \u2018oro\u2019a p\u00e2ta e piri mai nei.<\/p>\n<p>Ho\u2019e a huru fa\u2019anahora\u2019a ia haere \u2018outou i roto i te mau fare ra\u2019au no te ho\u2019o mai te ra\u2019au n\u00e2 \u2018outou.<\/p>\n<p><div class=\"fusion-image-element fusion-image-align-center in-legacy-container\" style=\"text-align:center;--awb-caption-title-font-family:var(--h2_typography-font-family);--awb-caption-title-font-weight:var(--h2_typography-font-weight);--awb-caption-title-font-style:var(--h2_typography-font-style);--awb-caption-title-size:var(--h2_typography-font-size);--awb-caption-title-transform:var(--h2_typography-text-transform);--awb-caption-title-line-height:var(--h2_typography-line-height);--awb-caption-title-letter-spacing:var(--h2_typography-letter-spacing);\"><div class=\"imageframe-align-center\"><span class=\" fusion-imageframe imageframe-none imageframe-9 hover-type-none\"><img decoding=\"async\" src=\"https:\/\/www.service-public.pf\/dsp\/wp-content\/uploads\/sites\/12\/2020\/03\/visuel-flyer-mesures-barrieres-A5-th-400x567.jpg\" alt class=\"img-responsive\"\/><\/span><\/div><\/div>\n<div class=\"fusion-sep-clear\"><\/div><div class=\"fusion-separator fusion-full-width-sep\" style=\"margin-left: auto;margin-right: auto;margin-top:3%;width:100%;\"><\/div><div class=\"fusion-sep-clear\"><\/div><\/p>\n<p><strong>Te ARAIRA\u2019A \u2018i teie ma\u2019i. \u2018E mea faufa\u2019a \u2018ia f\u00e2aha\u2019amana\u2019ohia, \u2018e\u2019ita teie tirotiro \u2018e parare noa, n\u0101 t\u0101tou ra \u2018e ta\u2019ita\u2019i nei iana no reira tatou \u2019e titauhia ai, ia fa\u2019aea \u2018i te fare.<\/strong><\/p>\n<p>M\u0100URUURU E FA\u2019AITOITO<\/p>\n<\/div><div class=\"fusion-builder-row fusion-builder-row-inner fusion-row\"><div class=\"fusion-layout-column fusion_builder_column_inner fusion-builder-nested-column-4 fusion_builder_column_inner_1_6 1_6 fusion-one-sixth fusion-column-first\" style=\"--awb-bg-size:cover;width:16.666666666667%;width:calc(16.666666666667% - ( ( 4% + 4% + 4% ) * 0.16666666666667 ) );margin-right: 4%;\"><div class=\"fusion-column-wrapper fusion-column-has-shadow fusion-flex-column-wrapper-legacy\"><div class=\"fusion-clearfix\"><\/div><\/div><\/div><div class=\"fusion-layout-column fusion_builder_column_inner fusion-builder-nested-column-5 fusion_builder_column_inner_1_3 1_3 fusion-one-third\" style=\"--awb-bg-size:cover;width:33.333333333333%;width:calc(33.333333333333% - ( ( 4% + 4% + 4% ) * 0.33333333333333 ) );margin-right: 4%;\"><div class=\"fusion-column-wrapper fusion-column-has-shadow fusion-flex-column-wrapper-legacy\"><div class=\"fusion-button-wrapper\"><a class=\"fusion-button button-flat fusion-button-default-size button-default fusion-button-default button-1 fusion-button-default-span fusion-button-default-type\" target=\"_self\" href=\"https:\/\/www.service-public.pf\/dsp\/wp-content\/uploads\/sites\/12\/2020\/04\/15-BI-16H_FR.pdf\"><span class=\"fusion-button-text awb-button__text awb-button__text--default\">T\u00e9l\u00e9charger le bulletin d&rsquo;information FR<\/span><\/a><\/div><div class=\"fusion-clearfix\"><\/div><\/div><\/div><div class=\"fusion-layout-column fusion_builder_column_inner fusion-builder-nested-column-6 fusion_builder_column_inner_1_3 1_3 fusion-one-third\" style=\"--awb-bg-size:cover;width:33.333333333333%;width:calc(33.333333333333% - ( ( 4% + 4% + 4% ) * 0.33333333333333 ) );margin-right: 4%;\"><div class=\"fusion-column-wrapper fusion-column-has-shadow fusion-flex-column-wrapper-legacy\"><div class=\"fusion-button-wrapper\"><a class=\"fusion-button button-flat fusion-button-default-size button-default fusion-button-default button-2 fusion-button-default-span fusion-button-default-type\" target=\"_self\" href=\"https:\/\/www.service-public.pf\/dsp\/wp-content\/uploads\/sites\/12\/2020\/04\/15-BI-16H_TAH.pdf\"><span class=\"fusion-button-text awb-button__text awb-button__text--default\">T\u00e9l\u00e9charger le bulletin d&rsquo;information TH<\/span><\/a><\/div><div class=\"fusion-clearfix\"><\/div><\/div><\/div><div class=\"fusion-layout-column fusion_builder_column_inner fusion-builder-nested-column-7 fusion_builder_column_inner_1_6 1_6 fusion-one-sixth fusion-column-last\" style=\"--awb-bg-size:cover;width:16.666666666667%;width:calc(16.666666666667% - ( ( 4% + 4% + 4% ) * 0.16666666666667 ) );\"><div class=\"fusion-column-wrapper fusion-column-has-shadow fusion-flex-column-wrapper-legacy\"><div class=\"fusion-clearfix\"><\/div><\/div><\/div><\/div><\/div><\/div><div class=\"fusion-clearfix\"><\/div><\/div><\/div><div class=\"fusion-layout-column fusion_builder_column fusion-builder-column-1 fusion_builder_column_1_5 1_5 fusion-one-fifth fusion-column-last fusion-no-small-visibility fusion-no-medium-visibility\" style=\"--awb-bg-color:#f7f7f7;--awb-bg-color-hover:#f7f7f7;--awb-bg-size:cover;--awb-margin-bottom:0px;width:20%;width:calc(20% - ( ( 4% ) * 0.2 ) );\"><div class=\"fusion-column-wrapper fusion-column-has-shadow fusion-flex-column-wrapper-legacy\"><div class=\"fusion-column-content-centered\"><div class=\"fusion-column-content\"><div class=\"fusion-text fusion-text-5\"><h3 style=\"text-align: center\" data-fontsize=\"22\" data-lineheight=\"33\"><span style=\"color: #333333\">EN SAVOIR PLUS<br \/>\n<\/span><\/h3>\n<div class=\"fusion-sep-clear\"><\/div><div class=\"fusion-separator fusion-no-small-visibility fusion-no-medium-visibility\" style=\"margin-left: auto;margin-right: auto;margin-top:-5%;margin-bottom:4%;width:100%;max-width:15%;\"><div class=\"fusion-separator-border sep-single sep-solid\" style=\"--awb-height:20px;--awb-amount:20px;--awb-sep-color:#3abfbf;border-color:#3abfbf;border-top-width:5px;\"><\/div><\/div><div class=\"fusion-sep-clear\"><\/div>\n<\/div><div class=\"fusion-sep-clear\"><\/div><div class=\"fusion-separator fusion-full-width-sep\" style=\"margin-left: auto;margin-right: auto;margin-bottom:2%;width:100%;\"><\/div><div class=\"fusion-sep-clear\"><\/div><div class=\"fusion-button-wrapper fusion-align-block\"><a class=\"fusion-button button-flat button-large button-custom fusion-button-default button-3 fusion-button-span-yes \" style=\"--button_bevel_color:#ffc64b;--button_accent_color:#ffffff;--button_border_color:#ffffff;--button_accent_hover_color:#ffffff;--button_border_hover_color:#105378;--button_border_width-top:0;--button_border_width-right:0;--button_border_width-bottom:0;--button_border_width-left:0;--button-border-radius-top-left:2px;--button-border-radius-top-right:2px;--button-border-radius-bottom-right:2px;--button-border-radius-bottom-left:2px;--button_gradient_top_color:#3bafbf;--button_gradient_bottom_color:#3bafbf;--button_gradient_top_color_hover:#037f90;--button_gradient_bottom_color_hover:#037f90;\" target=\"_self\" href=\"https:\/\/www.service-public.pf\/dsp\/covid-19\/\" id=\"bouton-bleu\"><span class=\"fusion-button-text awb-button__text awb-button__text--default\">Coronavirus Covid-19<\/span><\/a><\/div><div class=\"fusion-sep-clear\"><\/div><div class=\"fusion-separator fusion-full-width-sep\" style=\"margin-left: auto;margin-right: auto;margin-bottom:2%;width:100%;\"><\/div><div class=\"fusion-sep-clear\"><\/div><div class=\"fusion-button-wrapper fusion-align-block\"><a class=\"fusion-button button-flat button-large button-custom fusion-button-default button-4 fusion-button-span-yes \" style=\"--button_bevel_color:#ffc64b;--button_accent_color:#ffffff;--button_border_color:#ffffff;--button_accent_hover_color:#ffffff;--button_border_hover_color:#105378;--button_border_width-top:0;--button_border_width-right:0;--button_border_width-bottom:0;--button_border_width-left:0;--button-border-radius-top-left:2px;--button-border-radius-top-right:2px;--button-border-radius-bottom-right:2px;--button-border-radius-bottom-left:2px;--button_gradient_top_color:#3bafbf;--button_gradient_bottom_color:#3bafbf;--button_gradient_top_color_hover:#037f90;--button_gradient_bottom_color_hover:#037f90;\" target=\"_self\" href=\"https:\/\/www.service-public.pf\/dsp\/covid-19\/informations-population\/\" id=\"bouton-bleu\"><span class=\"fusion-button-text awb-button__text awb-button__text--default\">Je me prot\u00e8ge<\/span><\/a><\/div><div class=\"fusion-sep-clear\"><\/div><div class=\"fusion-separator fusion-full-width-sep\" style=\"margin-left: auto;margin-right: auto;margin-bottom:2%;width:100%;\"><\/div><div class=\"fusion-sep-clear\"><\/div><div class=\"fusion-button-wrapper fusion-align-block\"><a class=\"fusion-button button-flat button-large button-custom fusion-button-default button-5 fusion-button-span-yes \" style=\"--button_bevel_color:#ffc64b;--button_accent_color:#ffffff;--button_border_color:#ffffff;--button_accent_hover_color:#ffffff;--button_border_hover_color:#105378;--button_border_width-top:0;--button_border_width-right:0;--button_border_width-bottom:0;--button_border_width-left:0;--button-border-radius-top-left:2px;--button-border-radius-top-right:2px;--button-border-radius-bottom-right:2px;--button-border-radius-bottom-left:2px;--button_gradient_top_color:#3bafbf;--button_gradient_bottom_color:#3bafbf;--button_gradient_top_color_hover:#037f90;--button_gradient_bottom_color_hover:#037f90;\" target=\"_self\" href=\"https:\/\/www.service-public.pf\/dsp\/covid-19\/professionnels-sante-covid-19\/\" id=\"bouton-bleu\"><span class=\"fusion-button-text awb-button__text awb-button__text--default\">Je suis professionnel de sant\u00e9<\/span><\/a><\/div><div class=\"fusion-sep-clear\"><\/div><div class=\"fusion-separator fusion-full-width-sep\" style=\"margin-left: auto;margin-right: auto;margin-bottom:2%;width:100%;\"><\/div><div class=\"fusion-sep-clear\"><\/div><div class=\"fusion-button-wrapper fusion-align-block\"><a class=\"fusion-button button-flat button-large button-custom fusion-button-default button-6 fusion-button-span-yes \" style=\"--button_bevel_color:#ffc64b;--button_accent_color:#ffffff;--button_border_color:#ffffff;--button_accent_hover_color:#ffffff;--button_border_hover_color:#105378;--button_border_width-top:0;--button_border_width-right:0;--button_border_width-bottom:0;--button_border_width-left:0;--button-border-radius-top-left:2px;--button-border-radius-top-right:2px;--button-border-radius-bottom-right:2px;--button-border-radius-bottom-left:2px;--button_gradient_top_color:#3bafbf;--button_gradient_bottom_color:#3bafbf;--button_gradient_top_color_hover:#037f90;--button_gradient_bottom_color_hover:#037f90;\" target=\"_self\" href=\"https:\/\/www.service-public.pf\/dsp\/covid-19\/questions-frequentes\/\" id=\"bouton-bleu\"><span class=\"fusion-button-text awb-button__text awb-button__text--default\">Questions fr\u00e9quentes<\/span><\/a><\/div><div class=\"fusion-sep-clear\"><\/div><div class=\"fusion-separator fusion-full-width-sep\" style=\"margin-left: auto;margin-right: auto;margin-bottom:2%;width:100%;\"><\/div><div class=\"fusion-sep-clear\"><\/div><div class=\"fusion-button-wrapper fusion-align-block\"><a class=\"fusion-button button-flat button-large button-custom fusion-button-default button-7 fusion-button-span-yes \" style=\"--button_bevel_color:#ffc64b;--button_accent_color:#ffffff;--button_border_color:#ffffff;--button_accent_hover_color:#ffffff;--button_border_hover_color:#105378;--button_border_width-top:0;--button_border_width-right:0;--button_border_width-bottom:0;--button_border_width-left:0;--button-border-radius-top-left:2px;--button-border-radius-top-right:2px;--button-border-radius-bottom-right:2px;--button-border-radius-bottom-left:2px;--button_gradient_top_color:#3bafbf;--button_gradient_bottom_color:#3bafbf;--button_gradient_top_color_hover:#037f90;--button_gradient_bottom_color_hover:#037f90;\" target=\"_self\" href=\"https:\/\/www.service-public.pf\/dsp\/covid-19\/communique-cellule-crise\/\" id=\"bouton-bleu\"><span class=\"fusion-button-text awb-button__text awb-button__text--default\">BULLETINS CELLULE DE CRISE<\/span><\/a><\/div><div class=\"fusion-sep-clear\"><\/div><div class=\"fusion-separator fusion-full-width-sep\" style=\"margin-left: auto;margin-right: auto;margin-bottom:2%;width:100%;\"><\/div><div class=\"fusion-sep-clear\"><\/div><div class=\"fusion-button-wrapper fusion-align-block\"><a class=\"fusion-button button-flat button-large button-custom fusion-button-default button-8 fusion-button-span-yes \" style=\"--button_bevel_color:#ffc64b;--button_accent_color:#ffffff;--button_border_color:#ffffff;--button_accent_hover_color:#ffffff;--button_border_hover_color:#105378;--button_border_width-top:0;--button_border_width-right:0;--button_border_width-bottom:0;--button_border_width-left:0;--button-border-radius-top-left:2px;--button-border-radius-top-right:2px;--button-border-radius-bottom-right:2px;--button-border-radius-bottom-left:2px;--button_gradient_top_color:#3bafbf;--button_gradient_bottom_color:#3bafbf;--button_gradient_top_color_hover:#037f90;--button_gradient_bottom_color_hover:#037f90;\" target=\"_self\" href=\"https:\/\/www.service-public.pf\/dsp\/situation-coronavirus-covid-19\/\" id=\"bouton-bleu\"><span class=\"fusion-button-text awb-button__text awb-button__text--default\">Notes d&rsquo;information<\/span><\/a><\/div><div class=\"fusion-sep-clear\"><\/div><div class=\"fusion-separator fusion-full-width-sep\" style=\"margin-left: auto;margin-right: auto;margin-bottom:2%;width:100%;\"><\/div><div class=\"fusion-sep-clear\"><\/div><div class=\"fusion-button-wrapper fusion-align-block\"><a class=\"fusion-button button-flat button-large button-custom fusion-button-default button-9 fusion-button-span-yes \" style=\"--button_bevel_color:#ffc64b;--button_accent_color:#ffffff;--button_border_color:#ffffff;--button_accent_hover_color:#ffffff;--button_border_hover_color:#105378;--button_border_width-top:0;--button_border_width-right:0;--button_border_width-bottom:0;--button_border_width-left:0;--button-border-radius-top-left:2px;--button-border-radius-top-right:2px;--button-border-radius-bottom-right:2px;--button-border-radius-bottom-left:2px;--button_gradient_top_color:#3bafbf;--button_gradient_bottom_color:#3bafbf;--button_gradient_top_color_hover:#037f90;--button_gradient_bottom_color_hover:#037f90;\" target=\"_self\" href=\"https:\/\/www.service-public.pf\/dsp\/covid-19\/supports-coronavirus\/\" id=\"bouton-bleu\"><span class=\"fusion-button-text awb-button__text awb-button__text--default\">Supports<\/span><\/a><\/div><div class=\"fusion-sep-clear\"><\/div><div class=\"fusion-separator fusion-full-width-sep\" style=\"margin-left: auto;margin-right: auto;margin-bottom:8%;width:100%;\"><\/div><div class=\"fusion-sep-clear\"><\/div><div class=\"fusion-title title fusion-title-1 fusion-sep-none fusion-title-text fusion-title-size-two\" style=\"--awb-margin-top-small:0px;--awb-margin-right-small:0px;--awb-margin-bottom-small:20px;--awb-margin-left-small:0px;\"><h2 class=\"fusion-title-heading title-heading-left fusion-responsive-typography-calculated\" style=\"margin:0;--fontSize:28;line-height:1.5;\">Nous suivre<\/h2><\/div><div class=\"fusion-widget-area awb-widget-area-element fusion-widget-area-1 fusion-content-widget-area\" style=\"--awb-title-color:#333333;--awb-padding:0px 0px 0px 0px;\">\n\t\t<section id=\"recent-posts-7\" class=\"widget widget_recent_entries\">\n\t\t<div class=\"heading\"><h4 class=\"widget-title\">Articles r\u00e9cents<\/h4><\/div>\n\t\t<ul>\n\t\t\t\t\t\t\t\t\t\t\t<li>\n\t\t\t\t\t<a href=\"https:\/\/www.service-public.pf\/dsp\/2026\/04\/27\/bulletin-de-surveillance-sanitaire-de-la-s16-2026\/\">Bulletin de Surveillance Sanitaire de la S16 2026<\/a>\n\t\t\t\t\t\t\t\t\t<\/li>\n\t\t\t\t\t\t\t\t\t\t\t<li>\n\t\t\t\t\t<a href=\"https:\/\/www.service-public.pf\/dsp\/2026\/04\/20\/bulletin-de-surveillance-sanitaire-de-la-s15-2026\/\">Bulletin de Surveillance Sanitaire de la S15 2026<\/a>\n\t\t\t\t\t\t\t\t\t<\/li>\n\t\t\t\t\t\t\t\t\t\t\t<li>\n\t\t\t\t\t<a href=\"https:\/\/www.service-public.pf\/dsp\/2026\/04\/13\/bulletin-de-surveillance-sanitaire-de-la-s14-2026\/\">Bulletin de Surveillance Sanitaire de la S14 2026<\/a>\n\t\t\t\t\t\t\t\t\t<\/li>\n\t\t\t\t\t\t\t\t\t\t\t<li>\n\t\t\t\t\t<a href=\"https:\/\/www.service-public.pf\/dsp\/2026\/04\/08\/bulletin-de-surveillance-sanitaire-de-la-s13-2026\/\">Bulletin de Surveillance Sanitaire de la S13 2026<\/a>\n\t\t\t\t\t\t\t\t\t<\/li>\n\t\t\t\t\t\t\t\t\t\t\t<li>\n\t\t\t\t\t<a href=\"https:\/\/www.service-public.pf\/dsp\/2026\/03\/30\/bulletin-de-surveillance-sanitaire-de-la-s12-2026\/\">Bulletin de Surveillance Sanitaire de la S12 2026<\/a>\n\t\t\t\t\t\t\t\t\t<\/li>\n\t\t\t\t\t<\/ul>\n\n\t\t<\/section><div class=\"fusion-additional-widget-content\"><\/div><\/div><div class=\"fusion-sharing-box fusion-sharing-box-1 boxed-icons has-taglines layout-floated layout-medium-floated layout-small-floated\" style=\"background-color:#f6f6f6;--awb-layout:row;--awb-alignment-small:space-between;\" data-title=\"Campagnes de pr\u00e9vention et de promotion de la sant\u00e9 : ton avis nous int\u00e9resse\" data-description=\"BULLETIN D&#039;INFORMATION #15 - Cellule de crise de la Polyn\u00e9sie fran\u00e7aise\r\n\r\n\r\nUn nouveau cas a \u00e9t\u00e9 d\u00e9pist\u00e9 aujourd\u2019hui \u00e0 Tahiti, hors zone urbaine - commune de Papara - portant \u00e0 42 le nombre de cas de personnes touch\u00e9es par le COVID-19 en Polyn\u00e9sie fran\u00e7aise pour 618 d\u00e9pistages depuis le d\u00e9but de l\u2019\u00e9pid\u00e9mie. Deux personnes\" data-link=\"https:\/\/www.service-public.pf\/dsp\/2020\/04\/06\/article-note-presse-cellule-crise-060420\/\"><h4 class=\"tagline\" style=\"color:#333333;\">Partager cet article<\/h4><div class=\"fusion-social-networks sharingbox-shortcode-icon-wrapper sharingbox-shortcode-icon-wrapper-1 boxed-icons\"><span><a href=\"https:\/\/www.facebook.com\/sharer.php?u=https%3A%2F%2Fwww.service-public.pf%2Fdsp%2F2020%2F04%2F06%2Farticle-note-presse-cellule-crise-060420%2F&amp;t=Campagnes%20de%20pr%C3%A9vention%20et%20de%20promotion%20de%20la%20sant%C3%A9%20%3A%20ton%20avis%20nous%20int%C3%A9resse\" target=\"_blank\" rel=\"noreferrer\" title=\"Facebook\" aria-label=\"Facebook\" data-placement=\"top\" data-toggle=\"tooltip\" data-title=\"Facebook\"><i class=\"fusion-social-network-icon fusion-tooltip fusion-facebook awb-icon-facebook\" style=\"color:#bebdbd;background-color:#e8e8e8;border-color:#e8e8e8;border-radius:4px;\" aria-hidden=\"true\"><\/i><\/a><\/span><span><a href=\"https:\/\/x.com\/intent\/post?text=Campagnes%20de%20pr%C3%A9vention%20et%20de%20promotion%20de%20la%20sant%C3%A9%20%3A%20ton%20avis%20nous%20int%C3%A9resse&amp;url=https%3A%2F%2Fwww.service-public.pf%2Fdsp%2F2020%2F04%2F06%2Farticle-note-presse-cellule-crise-060420%2F\" target=\"_blank\" rel=\"noopener noreferrer\" title=\"X\" aria-label=\"X\" data-placement=\"top\" data-toggle=\"tooltip\" data-title=\"X\"><i class=\"fusion-social-network-icon fusion-tooltip fusion-twitter awb-icon-twitter\" style=\"color:#bebdbd;background-color:#e8e8e8;border-color:#e8e8e8;border-radius:4px;\" aria-hidden=\"true\"><\/i><\/a><\/span><span><a href=\"https:\/\/reddit.com\/submit?url=https%3A%2F%2Fwww.service-public.pf%2Fdsp%2F2020%2F04%2F06%2Farticle-note-presse-cellule-crise-060420%2F&amp;title=Campagnes%20de%20pr%C3%A9vention%20et%20de%20promotion%20de%20la%20sant%C3%A9%20%3A%20ton%20avis%20nous%20int%C3%A9resse\" target=\"_blank\" rel=\"noopener noreferrer\" title=\"Reddit\" aria-label=\"Reddit\" data-placement=\"top\" data-toggle=\"tooltip\" data-title=\"Reddit\"><i class=\"fusion-social-network-icon fusion-tooltip fusion-reddit awb-icon-reddit\" style=\"color:#bebdbd;background-color:#e8e8e8;border-color:#e8e8e8;border-radius:4px;\" aria-hidden=\"true\"><\/i><\/a><\/span><span><a href=\"https:\/\/www.linkedin.com\/shareArticle?mini=true&amp;url=https%3A%2F%2Fwww.service-public.pf%2Fdsp%2F2020%2F04%2F06%2Farticle-note-presse-cellule-crise-060420%2F&amp;title=Campagnes%20de%20pr%C3%A9vention%20et%20de%20promotion%20de%20la%20sant%C3%A9%20%3A%20ton%20avis%20nous%20int%C3%A9resse&amp;summary=BULLETIN%20D%26%2339%3BINFORMATION%20%2315%20-%20Cellule%20de%20crise%20de%20la%20Polyn%C3%A9sie%20fran%C3%A7aise%0D%0A%0D%0A%0D%0AUn%20nouveau%20cas%20a%20%C3%A9t%C3%A9%20d%C3%A9pist%C3%A9%20aujourd%E2%80%99hui%20%C3%A0%20Tahiti%2C%20hors%20zone%20urbaine%20-%20commune%20de%20Papara%20-%20portant%20%C3%A0%2042%20le%20nombre%20de%20cas%20de%20personnes%20touch%C3%A9es%20par%20le%20COVID-19%20en%20Polyn%C3%A9sie%20fran%C3%A7aise%20pour%20618%20d%C3%A9pistages%20depuis%20le%20d%C3%A9but%20de%20l%E2%80%99%C3%A9pid%C3%A9mie.%20Deux%20personnes\" target=\"_blank\" rel=\"noopener noreferrer\" title=\"LinkedIn\" aria-label=\"LinkedIn\" data-placement=\"top\" data-toggle=\"tooltip\" data-title=\"LinkedIn\"><i class=\"fusion-social-network-icon fusion-tooltip fusion-linkedin awb-icon-linkedin\" style=\"color:#bebdbd;background-color:#e8e8e8;border-color:#e8e8e8;border-radius:4px;\" aria-hidden=\"true\"><\/i><\/a><\/span><span><a href=\"https:\/\/api.whatsapp.com\/send?text=https%3A%2F%2Fwww.service-public.pf%2Fdsp%2F2020%2F04%2F06%2Farticle-note-presse-cellule-crise-060420%2F\" target=\"_blank\" rel=\"noopener noreferrer\" title=\"WhatsApp\" aria-label=\"WhatsApp\" data-placement=\"top\" data-toggle=\"tooltip\" data-title=\"WhatsApp\"><i class=\"fusion-social-network-icon fusion-tooltip fusion-whatsapp awb-icon-whatsapp\" style=\"color:#bebdbd;background-color:#e8e8e8;border-color:#e8e8e8;border-radius:4px;\" aria-hidden=\"true\"><\/i><\/a><\/span><span><a href=\"https:\/\/www.tumblr.com\/share\/link?url=https%3A%2F%2Fwww.service-public.pf%2Fdsp%2F2020%2F04%2F06%2Farticle-note-presse-cellule-crise-060420%2F&amp;name=Campagnes%20de%20pr%C3%A9vention%20et%20de%20promotion%20de%20la%20sant%C3%A9%20%3A%20ton%20avis%20nous%20int%C3%A9resse&amp;description=BULLETIN%20D%26%2339%3BINFORMATION%20%2315%20-%20Cellule%20de%20crise%20de%20la%20Polyn%C3%A9sie%20fran%C3%A7aise%0D%0A%0D%0A%0D%0AUn%20nouveau%20cas%20a%20%C3%A9t%C3%A9%20d%C3%A9pist%C3%A9%20aujourd%E2%80%99hui%20%C3%A0%20Tahiti%2C%20hors%20zone%20urbaine%20-%20commune%20de%20Papara%20-%20portant%20%C3%A0%2042%20le%20nombre%20de%20cas%20de%20personnes%20touch%C3%A9es%20par%20le%20COVID-19%20en%20Polyn%C3%A9sie%20fran%C3%A7aise%20pour%20618%20d%C3%A9pistages%20depuis%20le%20d%C3%A9but%20de%20l%E2%80%99%C3%A9pid%C3%A9mie.%20Deux%20personnes\" target=\"_blank\" rel=\"noopener noreferrer\" title=\"Tumblr\" aria-label=\"Tumblr\" data-placement=\"top\" data-toggle=\"tooltip\" data-title=\"Tumblr\"><i class=\"fusion-social-network-icon fusion-tooltip fusion-tumblr awb-icon-tumblr\" style=\"color:#bebdbd;background-color:#e8e8e8;border-color:#e8e8e8;border-radius:4px;\" aria-hidden=\"true\"><\/i><\/a><\/span><span><a href=\"https:\/\/pinterest.com\/pin\/create\/button\/?url=https%3A%2F%2Fwww.service-public.pf%2Fdsp%2F2020%2F04%2F06%2Farticle-note-presse-cellule-crise-060420%2F&amp;description=BULLETIN%20D%26%2339%3BINFORMATION%20%2315%20-%20Cellule%20de%20crise%20de%20la%20Polyn%C3%A9sie%20fran%C3%A7aise%0D%0A%0D%0A%0D%0AUn%20nouveau%20cas%20a%20%C3%A9t%C3%A9%20d%C3%A9pist%C3%A9%20aujourd%E2%80%99hui%20%C3%A0%20Tahiti%2C%20hors%20zone%20urbaine%20-%20commune%20de%20Papara%20-%20portant%20%C3%A0%2042%20le%20nombre%20de%20cas%20de%20personnes%20touch%C3%A9es%20par%20le%20COVID-19%20en%20Polyn%C3%A9sie%20fran%C3%A7aise%20pour%20618%20d%C3%A9pistages%20depuis%20le%20d%C3%A9but%20de%20l%E2%80%99%C3%A9pid%C3%A9mie.%20Deux%20personnes&amp;media=\" target=\"_blank\" rel=\"noopener noreferrer\" title=\"Pinterest\" aria-label=\"Pinterest\" data-placement=\"top\" data-toggle=\"tooltip\" data-title=\"Pinterest\"><i class=\"fusion-social-network-icon fusion-tooltip fusion-pinterest awb-icon-pinterest\" style=\"color:#bebdbd;background-color:#e8e8e8;border-color:#e8e8e8;border-radius:4px;\" aria-hidden=\"true\"><\/i><\/a><\/span><span><a href=\"https:\/\/vkontakte.ru\/share.php?url=https%3A%2F%2Fwww.service-public.pf%2Fdsp%2F2020%2F04%2F06%2Farticle-note-presse-cellule-crise-060420%2F&amp;title=Campagnes%20de%20pr%C3%A9vention%20et%20de%20promotion%20de%20la%20sant%C3%A9%20%3A%20ton%20avis%20nous%20int%C3%A9resse&amp;description=BULLETIN%20D%26%2339%3BINFORMATION%20%2315%20-%20Cellule%20de%20crise%20de%20la%20Polyn%C3%A9sie%20fran%C3%A7aise%0D%0A%0D%0A%0D%0AUn%20nouveau%20cas%20a%20%C3%A9t%C3%A9%20d%C3%A9pist%C3%A9%20aujourd%E2%80%99hui%20%C3%A0%20Tahiti%2C%20hors%20zone%20urbaine%20-%20commune%20de%20Papara%20-%20portant%20%C3%A0%2042%20le%20nombre%20de%20cas%20de%20personnes%20touch%C3%A9es%20par%20le%20COVID-19%20en%20Polyn%C3%A9sie%20fran%C3%A7aise%20pour%20618%20d%C3%A9pistages%20depuis%20le%20d%C3%A9but%20de%20l%E2%80%99%C3%A9pid%C3%A9mie.%20Deux%20personnes\" target=\"_blank\" rel=\"noopener noreferrer\" title=\"Vk\" aria-label=\"Vk\" data-placement=\"top\" data-toggle=\"tooltip\" data-title=\"Vk\"><i class=\"fusion-social-network-icon fusion-tooltip fusion-vk awb-icon-vk\" style=\"color:#bebdbd;background-color:#e8e8e8;border-color:#e8e8e8;border-radius:4px;\" aria-hidden=\"true\"><\/i><\/a><\/span><span><a href=\"mailto:?subject=Campagnes%20de%20pr%C3%A9vention%20et%20de%20promotion%20de%20la%20sant%C3%A9%20%3A%20ton%20avis%20nous%20int%C3%A9resse&amp;body=https%3A%2F%2Fwww.service-public.pf%2Fdsp%2F2020%2F04%2F06%2Farticle-note-presse-cellule-crise-060420%2F\" target=\"_self\" title=\"Email\" aria-label=\"Email\" data-placement=\"top\" data-toggle=\"tooltip\" data-title=\"Email\"><i class=\"fusion-social-network-icon fusion-tooltip fusion-mail awb-icon-mail\" style=\"color:#bebdbd;background-color:#e8e8e8;border-color:#e8e8e8;border-radius:4px;\" aria-hidden=\"true\"><\/i><\/a><\/span><\/div><\/div><\/div><\/div><div class=\"fusion-clearfix\"><\/div><\/div><\/div><\/div><\/div><div class=\"fusion-fullwidth fullwidth-box fusion-builder-row-2 hundred-percent-fullwidth non-hundred-percent-height-scrolling fusion-no-large-visibility\" style=\"--awb-border-radius-top-left:0px;--awb-border-radius-top-right:0px;--awb-border-radius-bottom-right:0px;--awb-border-radius-bottom-left:0px;--awb-padding-right:1%;--awb-padding-left:1%;--awb-flex-wrap:wrap;--awb-filter:saturate(140%);--awb-filter-transition:filter 0.3s ease;--awb-filter-hover:saturate(140%);\" ><div class=\"fusion-builder-row fusion-row\"><div class=\"fusion-layout-column fusion_builder_column fusion-builder-column-2 fusion_builder_column_1_1 1_1 fusion-one-full fusion-column-first fusion-column-last fusion-no-large-visibility\" style=\"--awb-bg-size:cover;--awb-margin-bottom:0px;\"><div class=\"fusion-column-wrapper fusion-column-has-shadow fusion-flex-column-wrapper-legacy\"><div class=\"fusion-column-content-centered\"><div class=\"fusion-column-content\"><div class=\"fusion-text fusion-text-6\"><h1 data-fontsize=\"34\" data-lineheight=\"47\">BULLETIN D&rsquo;INFORMATION #15 &#8211; Cellule de crise de la Polyn\u00e9sie fran\u00e7aise<\/h1>\n<div class=\"fusion-image-element fusion-image-align-right in-legacy-container\" style=\"text-align:right;--awb-caption-title-font-family:var(--h2_typography-font-family);--awb-caption-title-font-weight:var(--h2_typography-font-weight);--awb-caption-title-font-style:var(--h2_typography-font-style);--awb-caption-title-size:var(--h2_typography-font-size);--awb-caption-title-transform:var(--h2_typography-text-transform);--awb-caption-title-line-height:var(--h2_typography-line-height);--awb-caption-title-letter-spacing:var(--h2_typography-letter-spacing);\"><span class=\" fusion-imageframe imageframe-none imageframe-10 hover-type-none\" style=\"margin-left:25px;float:right;\"><img decoding=\"async\" width=\"200\" height=\"133\" title=\"Note Presse Site\" src=\"https:\/\/www.service-public.pf\/dsp\/wp-content\/uploads\/sites\/12\/2020\/03\/note-presse-site-200x133.jpg\" alt class=\"img-responsive wp-image-13744\" srcset=\"https:\/\/www.service-public.pf\/dsp\/wp-content\/uploads\/sites\/12\/2020\/03\/note-presse-site-200x133.jpg 200w, https:\/\/www.service-public.pf\/dsp\/wp-content\/uploads\/sites\/12\/2020\/03\/note-presse-site-400x267.jpg 400w, https:\/\/www.service-public.pf\/dsp\/wp-content\/uploads\/sites\/12\/2020\/03\/note-presse-site-600x400.jpg 600w, https:\/\/www.service-public.pf\/dsp\/wp-content\/uploads\/sites\/12\/2020\/03\/note-presse-site-800x533.jpg 800w, https:\/\/www.service-public.pf\/dsp\/wp-content\/uploads\/sites\/12\/2020\/03\/note-presse-site-1200x800.jpg 1200w\" sizes=\"(max-width: 1100px) 100vw, 1200px\" \/><\/span><\/div>\n<p>Un nouveau cas a \u00e9t\u00e9 d\u00e9pist\u00e9 aujourd\u2019hui \u00e0 Tahiti, <strong>hors zone urbaine<\/strong> &#8211; commune de Papara &#8211; portant \u00e0 42 le nombre de cas de personnes touch\u00e9es par le COVID-19 en Polyn\u00e9sie fran\u00e7aise pour 618 d\u00e9pistages depuis le d\u00e9but de l\u2019\u00e9pid\u00e9mie. Deux personnes sont d\u00e9sormais hospitalis\u00e9e (+1), aucun d\u00e9c\u00e8s n\u2019est constat\u00e9. <strong>Le patient hospitalis\u00e9 a \u00e9t\u00e9 plac\u00e9 en service de r\u00e9animation.<\/strong><\/p>\n<p>Le ministre de la Sant\u00e9 rappelle l\u2019importance de respecter les gestes barri\u00e8res, dans les familles mais \u00e9galement, dans les quartiers o\u00f9 des confinements plus cibl\u00e9s pourraient \u00eatre d\u00e9cid\u00e9s.<\/p>\n<\/div><div class=\"fusion-builder-row fusion-builder-row-inner fusion-row\"><div class=\"fusion-layout-column fusion_builder_column_inner fusion-builder-nested-column-8 fusion_builder_column_inner_1_2 1_2 fusion-one-half fusion-column-first\" style=\"--awb-bg-size:cover;width:50%;width:calc(50% - ( ( 4% ) * 0.5 ) );margin-right: 4%;\"><div class=\"fusion-column-wrapper fusion-column-has-shadow fusion-flex-column-wrapper-legacy\"><div class=\"fusion-image-element fusion-image-align-center in-legacy-container\" style=\"text-align:center;--awb-caption-title-font-family:var(--h2_typography-font-family);--awb-caption-title-font-weight:var(--h2_typography-font-weight);--awb-caption-title-font-style:var(--h2_typography-font-style);--awb-caption-title-size:var(--h2_typography-font-size);--awb-caption-title-transform:var(--h2_typography-text-transform);--awb-caption-title-line-height:var(--h2_typography-line-height);--awb-caption-title-letter-spacing:var(--h2_typography-letter-spacing);\"><div class=\"imageframe-align-center\"><span class=\" fusion-imageframe imageframe-none imageframe-11 hover-type-none\"><img decoding=\"async\" width=\"597\" height=\"332\" title=\"Chiffres Cles 060420\" src=\"https:\/\/www.service-public.pf\/dsp\/wp-content\/uploads\/sites\/12\/2020\/04\/chiffres-cles-060420.jpg\" alt class=\"img-responsive wp-image-14063\" srcset=\"https:\/\/www.service-public.pf\/dsp\/wp-content\/uploads\/sites\/12\/2020\/04\/chiffres-cles-060420-200x111.jpg 200w, https:\/\/www.service-public.pf\/dsp\/wp-content\/uploads\/sites\/12\/2020\/04\/chiffres-cles-060420-400x222.jpg 400w, https:\/\/www.service-public.pf\/dsp\/wp-content\/uploads\/sites\/12\/2020\/04\/chiffres-cles-060420.jpg 597w\" sizes=\"(max-width: 1100px) 100vw, 597px\" \/><\/span><\/div><\/div><div class=\"fusion-clearfix\"><\/div><\/div><\/div><div class=\"fusion-layout-column fusion_builder_column_inner fusion-builder-nested-column-9 fusion_builder_column_inner_1_2 1_2 fusion-one-half fusion-column-last\" style=\"--awb-bg-size:cover;width:50%;width:calc(50% - ( ( 4% ) * 0.5 ) );\"><div class=\"fusion-column-wrapper fusion-column-has-shadow fusion-flex-column-wrapper-legacy\"><div class=\"fusion-image-element fusion-image-align-center in-legacy-container\" style=\"text-align:center;--awb-caption-title-font-family:var(--h2_typography-font-family);--awb-caption-title-font-weight:var(--h2_typography-font-weight);--awb-caption-title-font-style:var(--h2_typography-font-style);--awb-caption-title-size:var(--h2_typography-font-size);--awb-caption-title-transform:var(--h2_typography-text-transform);--awb-caption-title-line-height:var(--h2_typography-line-height);--awb-caption-title-letter-spacing:var(--h2_typography-letter-spacing);\"><div class=\"imageframe-align-center\"><span class=\" fusion-imageframe imageframe-none imageframe-12 hover-type-none\"><img decoding=\"async\" width=\"594\" height=\"387\" title=\"Nbre Cas Cumule 070420\" src=\"https:\/\/www.service-public.pf\/dsp\/wp-content\/uploads\/sites\/12\/2020\/04\/nbre-cas-cumule-070420.jpg\" alt class=\"img-responsive wp-image-14062\" srcset=\"https:\/\/www.service-public.pf\/dsp\/wp-content\/uploads\/sites\/12\/2020\/04\/nbre-cas-cumule-070420-200x130.jpg 200w, https:\/\/www.service-public.pf\/dsp\/wp-content\/uploads\/sites\/12\/2020\/04\/nbre-cas-cumule-070420-400x261.jpg 400w, https:\/\/www.service-public.pf\/dsp\/wp-content\/uploads\/sites\/12\/2020\/04\/nbre-cas-cumule-070420.jpg 594w\" sizes=\"(max-width: 1100px) 100vw, 594px\" \/><\/span><\/div><\/div><div class=\"fusion-clearfix\"><\/div><\/div><\/div><\/div><div class=\"fusion-text fusion-text-7\"><h3><div class=\"fusion-image-element fusion-image-align-center in-legacy-container\" style=\"text-align:center;--awb-caption-title-font-family:var(--h2_typography-font-family);--awb-caption-title-font-weight:var(--h2_typography-font-weight);--awb-caption-title-font-style:var(--h2_typography-font-style);--awb-caption-title-size:var(--h2_typography-font-size);--awb-caption-title-transform:var(--h2_typography-text-transform);--awb-caption-title-line-height:var(--h2_typography-line-height);--awb-caption-title-letter-spacing:var(--h2_typography-letter-spacing);\"><div class=\"imageframe-align-center\"><span class=\" fusion-imageframe imageframe-none imageframe-13 hover-type-none\"><a href=\"https:\/\/www.service-public.pf\/dsp\/wp-content\/uploads\/sites\/12\/2020\/04\/cartographie-060420.jpg\" class=\"fusion-lightbox\" data-rel=\"iLightbox[06cbbe2e678511a3cbe]\" data-title=\"Cartographie 060420\" title=\"Cartographie 060420\"><img decoding=\"async\" width=\"300\" height=\"209\" src=\"https:\/\/www.service-public.pf\/dsp\/wp-content\/uploads\/sites\/12\/2020\/04\/cartographie-060420-300x209.jpg\" alt class=\"img-responsive wp-image-14061\" srcset=\"https:\/\/www.service-public.pf\/dsp\/wp-content\/uploads\/sites\/12\/2020\/04\/cartographie-060420-200x139.jpg 200w, https:\/\/www.service-public.pf\/dsp\/wp-content\/uploads\/sites\/12\/2020\/04\/cartographie-060420-400x278.jpg 400w, https:\/\/www.service-public.pf\/dsp\/wp-content\/uploads\/sites\/12\/2020\/04\/cartographie-060420.jpg 599w\" sizes=\"(max-width: 1100px) 100vw, 300px\" \/><\/a><\/span><\/div><\/div><\/h3>\n<h3>Liaisons a\u00e9riennes : internationales, nationales et inter-\u00eeles<\/h3>\n<p><strong>INTERNATIONAL<\/strong> \u2013 Le premier vol affr\u00e9t\u00e9 par le Pays \u00e0 destination de Shanghai a r\u00e9ussi sa mission d\u2019acheminement de commandes de mat\u00e9riels sanitaires. Le vol est arriv\u00e9 avec 130 m\u00e8tres cubes de fret compos\u00e9 d\u2019\u00e9quipements de protection individuelle (EPI). Il sera appliqu\u00e9 \u00e0 l\u2019\u00e9quipage et aux accompagnants les mesures de confinement qu\u2019il convient.<\/p>\n<p><strong>NATIONAL<\/strong> \u2013 Le premier vol affr\u00e9t\u00e9 par l\u2019Etat dans le cadre de la politique de continuit\u00e9 territoriale entre la m\u00e9tropole et les outremers d\u00e9collera de Tahiti, ce mardi. Le vol retour pr\u00e9voit un d\u00e9collage de Paris vendredi, en fin de soir\u00e9e.<\/p>\n<p>Ces vols sp\u00e9ciaux, qui seront effectu\u00e9s par la compagnie Air Tahiti Nui, ne sont pas commerciaux. Leur priorit\u00e9, dans les deux sens, seront les \u00e9vacuations sanitaires ainsi que le transport de mat\u00e9riels sanitaires et d\u2019analyses urgentes command\u00e9es par l\u2019ensemble des structures de soins, de sant\u00e9 et d\u2019analyses m\u00e9dicales (publiques et priv\u00e9es) du Pays.<\/p>\n<p><strong>INTER-ILES \u2013 La programmation de vols de soutien aux archipels se poursuit.<\/strong> La cellule de crise COVID-19 du Pays affr\u00e8te mardi un vol \u00e0 destination des Marquises, avec, \u00e0 bord, du mat\u00e9riel sanitaire destin\u00e9 \u00e0 renforcer les moyens de la sant\u00e9 publique dans les \u00eeles, et permettant le suivi m\u00e9dical des populations.<br \/>\nTous les archipels seront ainsi r\u00e9guli\u00e8rement b\u00e9n\u00e9ficiaires de ces vols sanitaires, avec la possibilit\u00e9 de vols suppl\u00e9mentaires dans les cas d\u2019urgence.<\/p>\n<h3>GESTES BARRI\u00c8RES : DANS LES PHARMACIES ET LES MAGASINS, m\u00eame le dimanche !<\/h3>\n<p>Il est important de respecter, chaque jour de la semaine, les gestes barri\u00e8res qui permettent de soutenir la lutte contre l\u2019\u00e9pid\u00e9mie. Il convient de bien respecter les gestes barri\u00e8res, dans les magasins \u2013 se laver les mains avant et apr\u00e8s y \u00eatre all\u00e9, respecter les distances de s\u00e9curit\u00e9, porter un masque en tissu et une seule personne qui se d\u00e9place pour les courses de toute la famille. Il en va de m\u00eame dans les pharmacies.<\/p>\n<p>Ces gestes importants, font appel \u00e0 la vigilance de chacun. Ils doivent s\u2019appliquer autour des f\u00eates de P\u00e2ques, quand toutes les familles pr\u00e9parent ces c\u00e9l\u00e9brations.<\/p>\n<p>Nous rappelons que les repas en famille doivent \u00eatre limit\u00e9s aux personnes vivant sous le m\u00eame toit.<\/p>\n<p><div class=\"fusion-image-element fusion-image-align-center in-legacy-container\" style=\"text-align:center;--awb-caption-title-font-family:var(--h2_typography-font-family);--awb-caption-title-font-weight:var(--h2_typography-font-weight);--awb-caption-title-font-style:var(--h2_typography-font-style);--awb-caption-title-size:var(--h2_typography-font-size);--awb-caption-title-transform:var(--h2_typography-text-transform);--awb-caption-title-line-height:var(--h2_typography-line-height);--awb-caption-title-letter-spacing:var(--h2_typography-letter-spacing);\"><div class=\"imageframe-align-center\"><span class=\" fusion-imageframe imageframe-none imageframe-14 hover-type-none\"><img decoding=\"async\" width=\"400\" height=\"567\" title=\"Visuel Flyer Mesures Barrieres A5\" src=\"https:\/\/www.service-public.pf\/dsp\/wp-content\/uploads\/sites\/12\/2020\/03\/visuel-flyer-mesures-barrieres-A5-400x567.jpg\" alt class=\"img-responsive wp-image-13082\" srcset=\"https:\/\/www.service-public.pf\/dsp\/wp-content\/uploads\/sites\/12\/2020\/03\/visuel-flyer-mesures-barrieres-A5-200x283.jpg 200w, https:\/\/www.service-public.pf\/dsp\/wp-content\/uploads\/sites\/12\/2020\/03\/visuel-flyer-mesures-barrieres-A5-400x567.jpg 400w, https:\/\/www.service-public.pf\/dsp\/wp-content\/uploads\/sites\/12\/2020\/03\/visuel-flyer-mesures-barrieres-A5-600x850.jpg 600w, https:\/\/www.service-public.pf\/dsp\/wp-content\/uploads\/sites\/12\/2020\/03\/visuel-flyer-mesures-barrieres-A5-800x1133.jpg 800w, https:\/\/www.service-public.pf\/dsp\/wp-content\/uploads\/sites\/12\/2020\/03\/visuel-flyer-mesures-barrieres-A5.jpg 1059w\" sizes=\"(max-width: 1100px) 100vw, 400px\" \/><\/span><\/div><\/div>\n<div class=\"fusion-sep-clear\"><\/div><div class=\"fusion-separator fusion-full-width-sep\" style=\"margin-left: auto;margin-right: auto;margin-top:3%;width:100%;\"><\/div><div class=\"fusion-sep-clear\"><\/div><\/p>\n<p><strong>PREVENTION &#8211; IL EST IMPORTANT DE RAPPELER, dans le cadre de la lutte contre l\u2019\u00e9pid\u00e9mie, que LE VIRUS NE CIRCULE PAS SEUL. Nous le faisons circuler. D\u2019o\u00f9 la politique du confinement strict.<\/strong><\/p>\n<p>BON COURAGE A TOUTES ET A TOUS. FAAITOITO<\/p>\n<\/div><div class=\"fusion-sep-clear\"><\/div><div class=\"fusion-separator fusion-full-width-sep\" style=\"margin-left: auto;margin-right: auto;margin-top:3%;margin-bottom:3%;width:100%;\"><div class=\"fusion-separator-border sep-single sep-solid\" style=\"--awb-height:20px;--awb-amount:20px;border-color:#e0dede;border-top-width:1px;\"><\/div><\/div><div class=\"fusion-sep-clear\"><\/div><div class=\"fusion-text fusion-text-8\"><h1 data-fontsize=\"34\" data-lineheight=\"47\">PARAU FA\u2019AARARA\u2019A N\u0100 TE MAU VE\u2019A #15<\/h1>\n<p>Mai te \u2018omuara\u2019a \u2018o teie ma\u2019i \u2018i te fenua nei e tae roa mai \u2018i teie mahana, teie te mau n\u00fbmera : 618 ta\u2019ata tei hi\u2019opo\u2019ahia, 42 ta\u2019ata tei ro\u2019ohia \u2018i te ma\u2019i COVID-19 (h\u00f4\u2019\u00ea ta\u2019ata ma\u2019i \u2018\u00e2p\u00ee tei \u2018itehia\u2019 e tirotiro to roto ia na, n\u00f4 te oire \u00f4 Papara). E piti atu ra ia ta\u2019ata \u2018e vai nei \u2018i te fare ma\u2019i. \u2018E te parau \u2018oa\u2019oa, \u2018aore \u00e2 ta\u2019ata i fa\u2019aru\u2019e mai.<\/p>\n<p>Teie ta\u2019ata \u2018\u00e2p\u00ee tei hi\u2019opo\u2019a hia, e ua \u2018itehia tei roto ia na te tirotiro COVID-19, n\u00f4 te \u2018oire n\u00f4 Papara. \u2018Ua tape\u2019ahia \u2018oia i te fare ma\u2019i n\u00f4 Taaone i roto i te piha ra\u2019apa\u2019aura\u2019a ma\u2019i fifi, e h\u00f4\u2019\u00ea i roto i te tahi atu piha.<\/p>\n<p>Te fa\u2019aha\u2019amana\u2019o fa\u2019ahouhia atu nei te Fa\u2019atere Hau o te Ea te faufa\u2019a rahi n\u00f4 te mau rave\u2019a p\u00e2ruru i roto i te mau \u2018utuafare feti\u2019i e i roto atoa i te mau tuha\u2019a \u2018oire e mea rahi roa te ta\u2019ata e noho ra i reira, e nehenehe ato\u2019a te tahi fa\u2019anahora\u2019a ta\u2019a\u2019\u00ea i te ravehia na roto i te \u2018opani roa ra\u2019a i taua tuha\u2019a tei reira te \u2018ite ra\u2019ahia te h\u00f4\u2019\u00ea ta\u2019ata ma\u2019ihia i te COVID-19.<\/p>\n<p>Ia \u2018ore noa atu te ta\u2019ata e ha\u2019apa\u2019o i teie mau fauera\u2019a e riro ratou i te fa\u2019autu\u2019ahia.<\/p>\n<\/div><div class=\"fusion-builder-row fusion-builder-row-inner fusion-row\"><div class=\"fusion-layout-column fusion_builder_column_inner fusion-builder-nested-column-10 fusion_builder_column_inner_1_2 1_2 fusion-one-half fusion-column-first\" style=\"--awb-bg-size:cover;width:50%;width:calc(50% - ( ( 4% ) * 0.5 ) );margin-right: 4%;\"><div class=\"fusion-column-wrapper fusion-column-has-shadow fusion-flex-column-wrapper-legacy\"><div class=\"fusion-image-element fusion-image-align-center in-legacy-container\" style=\"text-align:center;--awb-caption-title-font-family:var(--h2_typography-font-family);--awb-caption-title-font-weight:var(--h2_typography-font-weight);--awb-caption-title-font-style:var(--h2_typography-font-style);--awb-caption-title-size:var(--h2_typography-font-size);--awb-caption-title-transform:var(--h2_typography-text-transform);--awb-caption-title-line-height:var(--h2_typography-line-height);--awb-caption-title-letter-spacing:var(--h2_typography-letter-spacing);\"><div class=\"imageframe-align-center\"><span class=\" fusion-imageframe imageframe-none imageframe-15 hover-type-none\"><img decoding=\"async\" width=\"600\" height=\"435\" title=\"Chiffres Cles 070420 Vt\" src=\"https:\/\/www.service-public.pf\/dsp\/wp-content\/uploads\/sites\/12\/2020\/04\/chiffres-cles-070420-vt-600x435.jpg\" alt class=\"img-responsive wp-image-14060\" srcset=\"https:\/\/www.service-public.pf\/dsp\/wp-content\/uploads\/sites\/12\/2020\/04\/chiffres-cles-070420-vt-200x145.jpg 200w, https:\/\/www.service-public.pf\/dsp\/wp-content\/uploads\/sites\/12\/2020\/04\/chiffres-cles-070420-vt-400x290.jpg 400w, https:\/\/www.service-public.pf\/dsp\/wp-content\/uploads\/sites\/12\/2020\/04\/chiffres-cles-070420-vt-600x435.jpg 600w, https:\/\/www.service-public.pf\/dsp\/wp-content\/uploads\/sites\/12\/2020\/04\/chiffres-cles-070420-vt.jpg 675w\" sizes=\"(max-width: 1100px) 100vw, 600px\" \/><\/span><\/div><\/div><div class=\"fusion-clearfix\"><\/div><\/div><\/div><div class=\"fusion-layout-column fusion_builder_column_inner fusion-builder-nested-column-11 fusion_builder_column_inner_1_2 1_2 fusion-one-half fusion-column-last\" style=\"--awb-bg-size:cover;width:50%;width:calc(50% - ( ( 4% ) * 0.5 ) );\"><div class=\"fusion-column-wrapper fusion-column-has-shadow fusion-flex-column-wrapper-legacy\"><div class=\"fusion-image-element fusion-image-align-center in-legacy-container\" style=\"text-align:center;--awb-caption-title-font-family:var(--h2_typography-font-family);--awb-caption-title-font-weight:var(--h2_typography-font-weight);--awb-caption-title-font-style:var(--h2_typography-font-style);--awb-caption-title-size:var(--h2_typography-font-size);--awb-caption-title-transform:var(--h2_typography-text-transform);--awb-caption-title-line-height:var(--h2_typography-line-height);--awb-caption-title-letter-spacing:var(--h2_typography-letter-spacing);\"><div class=\"imageframe-align-center\"><span class=\" fusion-imageframe imageframe-none imageframe-16 hover-type-none\"><img decoding=\"async\" width=\"600\" height=\"499\" title=\"Nbre Cas Cumules 060420 Vt\" src=\"https:\/\/www.service-public.pf\/dsp\/wp-content\/uploads\/sites\/12\/2020\/04\/nbre-cas-cumules-060420-vt-600x499.jpg\" alt class=\"img-responsive wp-image-14059\" srcset=\"https:\/\/www.service-public.pf\/dsp\/wp-content\/uploads\/sites\/12\/2020\/04\/nbre-cas-cumules-060420-vt-200x166.jpg 200w, https:\/\/www.service-public.pf\/dsp\/wp-content\/uploads\/sites\/12\/2020\/04\/nbre-cas-cumules-060420-vt-400x333.jpg 400w, https:\/\/www.service-public.pf\/dsp\/wp-content\/uploads\/sites\/12\/2020\/04\/nbre-cas-cumules-060420-vt-600x499.jpg 600w, https:\/\/www.service-public.pf\/dsp\/wp-content\/uploads\/sites\/12\/2020\/04\/nbre-cas-cumules-060420-vt.jpg 655w\" sizes=\"(max-width: 1100px) 100vw, 600px\" \/><\/span><\/div><\/div><div class=\"fusion-clearfix\"><\/div><\/div><\/div><\/div><div class=\"fusion-text fusion-text-9\"><h3><div class=\"fusion-image-element fusion-image-align-center in-legacy-container\" style=\"text-align:center;--awb-caption-title-font-family:var(--h2_typography-font-family);--awb-caption-title-font-weight:var(--h2_typography-font-weight);--awb-caption-title-font-style:var(--h2_typography-font-style);--awb-caption-title-size:var(--h2_typography-font-size);--awb-caption-title-transform:var(--h2_typography-text-transform);--awb-caption-title-line-height:var(--h2_typography-line-height);--awb-caption-title-letter-spacing:var(--h2_typography-letter-spacing);\"><div class=\"imageframe-align-center\"><span class=\" fusion-imageframe imageframe-none imageframe-17 hover-type-none\"><a href=\"https:\/\/www.service-public.pf\/dsp\/wp-content\/uploads\/sites\/12\/2020\/04\/cartographie-060420-vt.png\" class=\"fusion-lightbox\" data-rel=\"iLightbox[0b7d6e55377c7836328]\" data-title=\"Cartographie 060420 Vt\" title=\"Cartographie 060420 Vt\"><img decoding=\"async\" width=\"300\" height=\"237\" src=\"https:\/\/www.service-public.pf\/dsp\/wp-content\/uploads\/sites\/12\/2020\/04\/cartographie-060420-vt-300x237.png\" alt class=\"img-responsive wp-image-14058\" srcset=\"https:\/\/www.service-public.pf\/dsp\/wp-content\/uploads\/sites\/12\/2020\/04\/cartographie-060420-vt-200x158.png 200w, https:\/\/www.service-public.pf\/dsp\/wp-content\/uploads\/sites\/12\/2020\/04\/cartographie-060420-vt-400x316.png 400w, https:\/\/www.service-public.pf\/dsp\/wp-content\/uploads\/sites\/12\/2020\/04\/cartographie-060420-vt-600x474.png 600w, https:\/\/www.service-public.pf\/dsp\/wp-content\/uploads\/sites\/12\/2020\/04\/cartographie-060420-vt.png 612w\" sizes=\"(max-width: 1100px) 100vw, 300px\" \/><\/a><\/span><\/div><\/div><\/h3>\n<h3>Te mau terera\u2019a manureva : na te ara, i far\u00e2ni, i roto i te mau motu<\/h3>\n<p><strong>Na te ara &#8211;<\/strong> Ua manuia maita\u2019i te <strong>tere manureva \u2018i Shanghai<\/strong>. E ho\u2019i mai \u2018oia i teie avatea i te fenua nei n\u00f4 te fa\u2019aho\u2019i mai 130 metera \u2018afata, mau tauiha\u2019a n\u00f4 te araira\u2019a i teie ma\u2019i COVID-19 : te mau p\u00e2ruru vaha, te mau \u2018ahu, te mau rimarima, te mau m\u00e2teria n\u00f4 te hi\u2019opo\u2019ara\u2019a i te tirotiro COVID-19.<\/p>\n<p>Ia \u2018ite mai ra \u2018outou e, e \u2018afa\u2019i hia atu te mau pairati e te mau rave \u2018ohipa i roto i te manureva, i roto i te tahi fare i reira ratou e fa\u2019aea ai. Te aura\u2019a \u2018e\u2019ita ratou e ho\u2019i i roto i t\u00f4 r\u00e2tou mau \u2018utuafare.<\/p>\n<p><strong>I far\u00e2ni &#8211;<\/strong> N\u00f4 te mau terera\u2019a manureva, tei mana\u2019ohia e ia tupu i rotopu ia Tahiti e o Paris. E tupu teie tere matamua i teie mahana piti nei no te reva atu i Paris. E ho\u2019i mai \u2018oia i teie mahana pae i muri nei i te tuira\u2019a p\u00f4.<\/p>\n<p>Teie mau tere ta\u2019a\u2019\u00ea na te taiete Air Tahiti Nui n\u00f4 te uta atu ia i te mau m\u00e2teria n\u00f4 te utuutura\u2019a ma\u2019i, te mau hi\u2019opo\u2019ara\u2019a e fa\u2019atae hia atu i Paris e te tahi atoa o tatou e haere atu i roto i te mau fare ma\u2019i i Paris. \u2018E\u2019ita roa te mau horo patete e fari\u2019ihia.<\/p>\n<p><strong>I roto i te mau motu &#8211; <\/strong>E tere atu te ho\u2019e manureva tei tarahuhia i te pae fenua \u2018Enata n\u00f4 te \u2018afa\u2019i atu i te mau tauiha\u2019a utuutura\u2019a ma\u2019i, no te tauturura\u2019a ia i te mau fare utuutura\u2019a ma\u2019i. N\u00e2 te reira e fa\u2019a\u2019ohie i te hi\u2019opo\u2019ara\u2019a i te mau ma\u2019i no te huira\u2019atira.<\/p>\n<p>E tupu teie mau tere manureva i roto i te mau ta\u2019a motu atoa no por\u00eenetia no te tauturura\u2019a ia ratou.<\/p>\n<h3>N\u00f4 te parurura\u2019a ia tatou : te mau fare ho\u2019ora\u2019a ra\u2019au e te mau fare toa<\/h3>\n<p>E mea faufa\u2019a rahi roa te fa\u2019a\u2019ohipara\u2019a i te mau mahana atoa te mau rave\u2019a p\u00e2rurura\u2019a no te pa\u2019epa\u2019era\u2019a i te araira\u2019a i teie ma\u2019i.<\/p>\n<p>Fa\u2019a\u2019ohipa teie mau rave\u2019a p\u00e2ruru i roto i te mau fare toa e haere hia atu e \u2018outou : fa\u2019aateateara\u2019a, \u2018eiaha e \u2018apa fa\u2019ahou, \u2018eiaha e aroha rima, a hota i roto i te fatira\u2019a rima, horoi i t\u00f4 \u2018outou rima, ho\u2019e noa ta\u2019ata i roto i te fare toa no te ho\u2019o mai ta \u2018outou mau ma\u2019a.<\/p>\n<p>Ia fa\u2019a\u2019ohipa \u2018outou i teie mau fauera\u2019a i te po\u2019ipo\u2019i tapati ia haere \u2018outou e ho\u2019o mai te m\u00e2\u2019a i roto i te fare toa.<\/p>\n<p>Ta \u2018outou mau tam\u00e2\u2019ara\u2019a i roto i te \u2018utuafare, n\u00f4 \u2018outou noa e noho ra i roto i taua \u2018utuafare ra.<\/p>\n<p>N\u00e2 reira atoa n\u00f4 teie mau \u2018oro\u2019a p\u00e2ta e piri mai nei.<\/p>\n<p>Ho\u2019e a huru fa\u2019anahora\u2019a ia haere \u2018outou i roto i te mau fare ra\u2019au no te ho\u2019o mai te ra\u2019au n\u00e2 \u2018outou.<\/p>\n<p><div class=\"fusion-image-element fusion-image-align-center in-legacy-container\" style=\"text-align:center;--awb-caption-title-font-family:var(--h2_typography-font-family);--awb-caption-title-font-weight:var(--h2_typography-font-weight);--awb-caption-title-font-style:var(--h2_typography-font-style);--awb-caption-title-size:var(--h2_typography-font-size);--awb-caption-title-transform:var(--h2_typography-text-transform);--awb-caption-title-line-height:var(--h2_typography-line-height);--awb-caption-title-letter-spacing:var(--h2_typography-letter-spacing);\"><div class=\"imageframe-align-center\"><span class=\" fusion-imageframe imageframe-none imageframe-18 hover-type-none\"><img decoding=\"async\" src=\"https:\/\/www.service-public.pf\/dsp\/wp-content\/uploads\/sites\/12\/2020\/03\/visuel-flyer-mesures-barrieres-A5-th-600x850.jpg\" alt class=\"img-responsive\"\/><\/span><\/div><\/div>\n<div class=\"fusion-sep-clear\"><\/div><div class=\"fusion-separator fusion-full-width-sep\" style=\"margin-left: auto;margin-right: auto;margin-top:3%;width:100%;\"><\/div><div class=\"fusion-sep-clear\"><\/div><\/p>\n<p><strong>Te ARAIRA\u2019A \u2018i teie ma\u2019i. \u2018E mea faufa\u2019a \u2018ia f\u00e2aha\u2019amana\u2019ohia, \u2018e\u2019ita teie tirotiro \u2018e parare noa, n\u0101 t\u0101tou ra \u2018e ta\u2019ita\u2019i nei iana no reira tatou \u2019e titauhia ai, ia fa\u2019aea \u2018i te fare.<\/strong><\/p>\n<p>M\u0100URUURU E FA\u2019AITOITO<\/p>\n<\/div><div class=\"fusion-builder-row fusion-builder-row-inner fusion-row\"><div class=\"fusion-layout-column fusion_builder_column_inner fusion-builder-nested-column-12 fusion_builder_column_inner_1_6 1_6 fusion-one-sixth fusion-column-first\" style=\"--awb-bg-size:cover;width:16.666666666667%;width:calc(16.666666666667% - ( ( 4% + 4% + 4% ) * 0.16666666666667 ) );margin-right: 4%;\"><div class=\"fusion-column-wrapper fusion-column-has-shadow fusion-flex-column-wrapper-legacy\"><div class=\"fusion-clearfix\"><\/div><\/div><\/div><div class=\"fusion-layout-column fusion_builder_column_inner fusion-builder-nested-column-13 fusion_builder_column_inner_1_3 1_3 fusion-one-third\" style=\"--awb-bg-size:cover;width:33.333333333333%;width:calc(33.333333333333% - ( ( 4% + 4% + 4% ) * 0.33333333333333 ) );margin-right: 4%;\"><div class=\"fusion-column-wrapper fusion-column-has-shadow fusion-flex-column-wrapper-legacy\"><div class=\"fusion-button-wrapper\"><a class=\"fusion-button button-flat fusion-button-default-size button-default fusion-button-default button-10 fusion-button-default-span fusion-button-default-type\" target=\"_self\" href=\"https:\/\/www.service-public.pf\/dsp\/wp-content\/uploads\/sites\/12\/2020\/04\/15-BI-16H_FR.pdf\"><span class=\"fusion-button-text awb-button__text awb-button__text--default\">T\u00e9l\u00e9charger le bulletin d&rsquo;information FR<\/span><\/a><\/div><div class=\"fusion-clearfix\"><\/div><\/div><\/div><div class=\"fusion-layout-column fusion_builder_column_inner fusion-builder-nested-column-14 fusion_builder_column_inner_1_3 1_3 fusion-one-third\" style=\"--awb-bg-size:cover;width:33.333333333333%;width:calc(33.333333333333% - ( ( 4% + 4% + 4% ) * 0.33333333333333 ) );margin-right: 4%;\"><div class=\"fusion-column-wrapper fusion-column-has-shadow fusion-flex-column-wrapper-legacy\"><div class=\"fusion-button-wrapper\"><a class=\"fusion-button button-flat fusion-button-default-size button-default fusion-button-default button-11 fusion-button-default-span fusion-button-default-type\" target=\"_self\" href=\"https:\/\/www.service-public.pf\/dsp\/wp-content\/uploads\/sites\/12\/2020\/04\/15-BI-16H_TAH.pdf\"><span class=\"fusion-button-text awb-button__text awb-button__text--default\">T\u00e9l\u00e9charger le bulletin d&rsquo;information TH<\/span><\/a><\/div><div class=\"fusion-clearfix\"><\/div><\/div><\/div><div class=\"fusion-layout-column fusion_builder_column_inner fusion-builder-nested-column-15 fusion_builder_column_inner_1_6 1_6 fusion-one-sixth fusion-column-last\" style=\"--awb-bg-size:cover;width:16.666666666667%;width:calc(16.666666666667% - ( ( 4% + 4% + 4% ) * 0.16666666666667 ) );\"><div class=\"fusion-column-wrapper fusion-column-has-shadow fusion-flex-column-wrapper-legacy\"><div class=\"fusion-clearfix\"><\/div><\/div><\/div><\/div><\/div><\/div><div class=\"fusion-clearfix\"><\/div><\/div><\/div><div class=\"fusion-layout-column fusion_builder_column fusion-builder-column-3 fusion_builder_column_1_1 1_1 fusion-one-full fusion-column-first fusion-column-last fusion-no-large-visibility\" style=\"--awb-padding-left:10px;--awb-bg-size:cover;--awb-margin-bottom:0px;\"><div class=\"fusion-column-wrapper fusion-column-has-shadow fusion-flex-column-wrapper-legacy\"><div class=\"fusion-sep-clear\"><\/div><div class=\"fusion-separator fusion-full-width-sep\" style=\"margin-left: auto;margin-right: auto;margin-bottom:2%;width:100%;\"><\/div><div class=\"fusion-sep-clear\"><\/div><div class=\"fusion-text fusion-text-10\"><h3 style=\"text-align: center\" data-fontsize=\"22\" data-lineheight=\"33\"><span style=\"color: #333333\">DANS CETTE RUBRIQUE<br \/>\n<\/span><\/h3>\n<div class=\"fusion-sep-clear\"><\/div><div class=\"fusion-separator fusion-no-small-visibility fusion-no-medium-visibility\" style=\"margin-left: auto;margin-right: auto;margin-top:-5%;margin-bottom:4%;width:100%;max-width:15%;\"><div class=\"fusion-separator-border sep-single sep-solid\" style=\"--awb-height:20px;--awb-amount:20px;--awb-sep-color:#3abfbf;border-color:#3abfbf;border-top-width:5px;\"><\/div><\/div><div class=\"fusion-sep-clear\"><\/div>\n<\/div><div class=\"fusion-sep-clear\"><\/div><div class=\"fusion-separator fusion-full-width-sep\" style=\"margin-left: auto;margin-right: auto;margin-bottom:2%;width:100%;\"><\/div><div class=\"fusion-sep-clear\"><\/div><div class=\"fusion-button-wrapper fusion-align-block\"><a class=\"fusion-button button-flat button-large button-custom fusion-button-default button-12 fusion-button-span-yes \" style=\"--button_bevel_color:#ffc64b;--button_accent_color:#ffffff;--button_border_color:#ffffff;--button_accent_hover_color:#ffffff;--button_border_hover_color:#105378;--button_border_width-top:0;--button_border_width-right:0;--button_border_width-bottom:0;--button_border_width-left:0;--button-border-radius-top-left:2px;--button-border-radius-top-right:2px;--button-border-radius-bottom-right:2px;--button-border-radius-bottom-left:2px;--button_gradient_top_color:#3bafbf;--button_gradient_bottom_color:#3bafbf;--button_gradient_top_color_hover:#037f90;--button_gradient_bottom_color_hover:#037f90;\" target=\"_self\" href=\"https:\/\/www.service-public.pf\/dsp\/covid-19\/\" id=\"bouton-bleu\"><span class=\"fusion-button-text awb-button__text awb-button__text--default\">Coronavirus Covid-19<\/span><\/a><\/div><div class=\"fusion-sep-clear\"><\/div><div class=\"fusion-separator fusion-full-width-sep\" style=\"margin-left: auto;margin-right: auto;margin-bottom:2%;width:100%;\"><\/div><div class=\"fusion-sep-clear\"><\/div><div class=\"fusion-button-wrapper fusion-align-block\"><a class=\"fusion-button button-flat button-large button-custom fusion-button-default button-13 fusion-button-span-yes \" style=\"--button_bevel_color:#ffc64b;--button_accent_color:#ffffff;--button_border_color:#ffffff;--button_accent_hover_color:#ffffff;--button_border_hover_color:#105378;--button_border_width-top:0;--button_border_width-right:0;--button_border_width-bottom:0;--button_border_width-left:0;--button-border-radius-top-left:2px;--button-border-radius-top-right:2px;--button-border-radius-bottom-right:2px;--button-border-radius-bottom-left:2px;--button_gradient_top_color:#3bafbf;--button_gradient_bottom_color:#3bafbf;--button_gradient_top_color_hover:#037f90;--button_gradient_bottom_color_hover:#037f90;\" target=\"_self\" href=\"https:\/\/www.service-public.pf\/dsp\/covid-19\/informations-population\/\" id=\"bouton-bleu\"><span class=\"fusion-button-text awb-button__text awb-button__text--default\">Je me prot\u00e8ge<\/span><\/a><\/div><div class=\"fusion-sep-clear\"><\/div><div class=\"fusion-separator fusion-full-width-sep\" style=\"margin-left: auto;margin-right: auto;margin-bottom:2%;width:100%;\"><\/div><div class=\"fusion-sep-clear\"><\/div><div class=\"fusion-button-wrapper fusion-align-block\"><a class=\"fusion-button button-flat button-large button-custom fusion-button-default button-14 fusion-button-span-yes \" style=\"--button_bevel_color:#ffc64b;--button_accent_color:#ffffff;--button_border_color:#ffffff;--button_accent_hover_color:#ffffff;--button_border_hover_color:#105378;--button_border_width-top:0;--button_border_width-right:0;--button_border_width-bottom:0;--button_border_width-left:0;--button-border-radius-top-left:2px;--button-border-radius-top-right:2px;--button-border-radius-bottom-right:2px;--button-border-radius-bottom-left:2px;--button_gradient_top_color:#3bafbf;--button_gradient_bottom_color:#3bafbf;--button_gradient_top_color_hover:#037f90;--button_gradient_bottom_color_hover:#037f90;\" target=\"_self\" href=\"https:\/\/www.service-public.pf\/dsp\/covid-19\/professionnels-sante-covid-19\/\" id=\"bouton-bleu\"><span class=\"fusion-button-text awb-button__text awb-button__text--default\">Je suis professionnel de sant\u00e9<\/span><\/a><\/div><div class=\"fusion-sep-clear\"><\/div><div class=\"fusion-separator fusion-full-width-sep\" style=\"margin-left: auto;margin-right: auto;margin-bottom:2%;width:100%;\"><\/div><div class=\"fusion-sep-clear\"><\/div><div class=\"fusion-button-wrapper fusion-align-block\"><a class=\"fusion-button button-flat button-large button-custom fusion-button-default button-15 fusion-button-span-yes \" style=\"--button_bevel_color:#ffc64b;--button_accent_color:#ffffff;--button_border_color:#ffffff;--button_accent_hover_color:#ffffff;--button_border_hover_color:#105378;--button_border_width-top:0;--button_border_width-right:0;--button_border_width-bottom:0;--button_border_width-left:0;--button-border-radius-top-left:2px;--button-border-radius-top-right:2px;--button-border-radius-bottom-right:2px;--button-border-radius-bottom-left:2px;--button_gradient_top_color:#3bafbf;--button_gradient_bottom_color:#3bafbf;--button_gradient_top_color_hover:#037f90;--button_gradient_bottom_color_hover:#037f90;\" target=\"_self\" href=\"https:\/\/www.service-public.pf\/dsp\/covid-19\/questions-frequentes\/\" id=\"bouton-bleu\"><span class=\"fusion-button-text awb-button__text awb-button__text--default\">Questions fr\u00e9quentes<\/span><\/a><\/div><div class=\"fusion-sep-clear\"><\/div><div class=\"fusion-separator fusion-full-width-sep\" style=\"margin-left: auto;margin-right: auto;margin-bottom:2%;width:100%;\"><\/div><div class=\"fusion-sep-clear\"><\/div><div class=\"fusion-button-wrapper fusion-align-block\"><a class=\"fusion-button button-flat button-large button-custom fusion-button-default button-16 fusion-button-span-yes \" style=\"--button_bevel_color:#ffc64b;--button_accent_color:#ffffff;--button_border_color:#ffffff;--button_accent_hover_color:#ffffff;--button_border_hover_color:#105378;--button_border_width-top:0;--button_border_width-right:0;--button_border_width-bottom:0;--button_border_width-left:0;--button-border-radius-top-left:2px;--button-border-radius-top-right:2px;--button-border-radius-bottom-right:2px;--button-border-radius-bottom-left:2px;--button_gradient_top_color:#3bafbf;--button_gradient_bottom_color:#3bafbf;--button_gradient_top_color_hover:#037f90;--button_gradient_bottom_color_hover:#037f90;\" target=\"_self\" href=\"https:\/\/www.service-public.pf\/dsp\/covid-19\/communique-cellule-crise\/\" id=\"bouton-bleu\"><span class=\"fusion-button-text awb-button__text awb-button__text--default\">BULLETINS CELLULE DE CRISE<\/span><\/a><\/div><div class=\"fusion-sep-clear\"><\/div><div class=\"fusion-separator fusion-full-width-sep\" style=\"margin-left: auto;margin-right: auto;margin-bottom:2%;width:100%;\"><\/div><div class=\"fusion-sep-clear\"><\/div><div class=\"fusion-button-wrapper fusion-align-block\"><a class=\"fusion-button button-flat button-large button-custom fusion-button-default button-17 fusion-button-span-yes \" style=\"--button_bevel_color:#ffc64b;--button_accent_color:#ffffff;--button_border_color:#ffffff;--button_accent_hover_color:#ffffff;--button_border_hover_color:#105378;--button_border_width-top:0;--button_border_width-right:0;--button_border_width-bottom:0;--button_border_width-left:0;--button-border-radius-top-left:2px;--button-border-radius-top-right:2px;--button-border-radius-bottom-right:2px;--button-border-radius-bottom-left:2px;--button_gradient_top_color:#3bafbf;--button_gradient_bottom_color:#3bafbf;--button_gradient_top_color_hover:#037f90;--button_gradient_bottom_color_hover:#037f90;\" target=\"_self\" href=\"https:\/\/www.service-public.pf\/dsp\/situation-coronavirus-covid-19\/\" id=\"bouton-bleu\"><span class=\"fusion-button-text awb-button__text awb-button__text--default\">Notes d&rsquo;information<\/span><\/a><\/div><div class=\"fusion-sep-clear\"><\/div><div class=\"fusion-separator fusion-full-width-sep\" style=\"margin-left: auto;margin-right: auto;margin-bottom:2%;width:100%;\"><\/div><div class=\"fusion-sep-clear\"><\/div><div class=\"fusion-button-wrapper fusion-align-block\"><a class=\"fusion-button button-flat button-large button-custom fusion-button-default button-18 fusion-button-span-yes \" style=\"--button_bevel_color:#ffc64b;--button_accent_color:#ffffff;--button_border_color:#ffffff;--button_accent_hover_color:#ffffff;--button_border_hover_color:#105378;--button_border_width-top:0;--button_border_width-right:0;--button_border_width-bottom:0;--button_border_width-left:0;--button-border-radius-top-left:2px;--button-border-radius-top-right:2px;--button-border-radius-bottom-right:2px;--button-border-radius-bottom-left:2px;--button_gradient_top_color:#3bafbf;--button_gradient_bottom_color:#3bafbf;--button_gradient_top_color_hover:#037f90;--button_gradient_bottom_color_hover:#037f90;\" target=\"_self\" href=\"https:\/\/www.service-public.pf\/dsp\/covid-19\/supports-coronavirus\/\" id=\"bouton-bleu\"><span class=\"fusion-button-text awb-button__text awb-button__text--default\">Supports<\/span><\/a><\/div><div class=\"fusion-sep-clear\"><\/div><div class=\"fusion-separator fusion-full-width-sep\" style=\"margin-left: auto;margin-right: auto;margin-bottom:6%;width:100%;\"><\/div><div class=\"fusion-sep-clear\"><\/div><div class=\"fusion-title title fusion-title-2 fusion-sep-none fusion-title-text fusion-title-size-two\" style=\"--awb-margin-top-small:0px;--awb-margin-right-small:0px;--awb-margin-bottom-small:20px;--awb-margin-left-small:0px;\"><h2 class=\"fusion-title-heading title-heading-left fusion-responsive-typography-calculated\" style=\"margin:0;--fontSize:28;line-height:1.5;\"><p style=\"text-align: center\">Nous suivre<\/p><\/h2><\/div><div class=\"fusion-widget-area awb-widget-area-element fusion-widget-area-2 fusion-content-widget-area\" style=\"--awb-title-color:#333333;--awb-padding:0px 0px 0px 0px;\"><div class=\"fusion-additional-widget-content\"><\/div><\/div><div class=\"fusion-sharing-box fusion-sharing-box-2 boxed-icons has-taglines layout-floated layout-medium-floated layout-small-floated\" style=\"background-color:#f6f6f6;--awb-layout:row;--awb-alignment-small:space-between;\" data-title=\"Campagnes de pr\u00e9vention et de promotion de la sant\u00e9 : ton avis nous int\u00e9resse\" data-description=\"BULLETIN D&#039;INFORMATION #15 - Cellule de crise de la Polyn\u00e9sie fran\u00e7aise\r\n\r\n\r\nUn nouveau cas a \u00e9t\u00e9 d\u00e9pist\u00e9 aujourd\u2019hui \u00e0 Tahiti, hors zone urbaine - commune de Papara - portant \u00e0 42 le nombre de cas de personnes touch\u00e9es par le COVID-19 en Polyn\u00e9sie fran\u00e7aise pour 618 d\u00e9pistages depuis le d\u00e9but de l\u2019\u00e9pid\u00e9mie. Deux personnes\" data-link=\"https:\/\/www.service-public.pf\/dsp\/2020\/04\/06\/article-note-presse-cellule-crise-060420\/\"><h4 class=\"tagline\" style=\"color:#333333;\">Partager cet article<\/h4><div class=\"fusion-social-networks sharingbox-shortcode-icon-wrapper sharingbox-shortcode-icon-wrapper-2 boxed-icons\"><span><a href=\"https:\/\/www.facebook.com\/sharer.php?u=https%3A%2F%2Fwww.service-public.pf%2Fdsp%2F2020%2F04%2F06%2Farticle-note-presse-cellule-crise-060420%2F&amp;t=Campagnes%20de%20pr%C3%A9vention%20et%20de%20promotion%20de%20la%20sant%C3%A9%20%3A%20ton%20avis%20nous%20int%C3%A9resse\" target=\"_blank\" rel=\"noreferrer\" title=\"Facebook\" aria-label=\"Facebook\" data-placement=\"top\" data-toggle=\"tooltip\" data-title=\"Facebook\"><i class=\"fusion-social-network-icon fusion-tooltip fusion-facebook awb-icon-facebook\" style=\"color:#bebdbd;background-color:#e8e8e8;border-color:#e8e8e8;border-radius:4px;\" aria-hidden=\"true\"><\/i><\/a><\/span><span><a href=\"https:\/\/x.com\/intent\/post?text=Campagnes%20de%20pr%C3%A9vention%20et%20de%20promotion%20de%20la%20sant%C3%A9%20%3A%20ton%20avis%20nous%20int%C3%A9resse&amp;url=https%3A%2F%2Fwww.service-public.pf%2Fdsp%2F2020%2F04%2F06%2Farticle-note-presse-cellule-crise-060420%2F\" target=\"_blank\" rel=\"noopener noreferrer\" title=\"X\" aria-label=\"X\" data-placement=\"top\" data-toggle=\"tooltip\" data-title=\"X\"><i class=\"fusion-social-network-icon fusion-tooltip fusion-twitter awb-icon-twitter\" style=\"color:#bebdbd;background-color:#e8e8e8;border-color:#e8e8e8;border-radius:4px;\" aria-hidden=\"true\"><\/i><\/a><\/span><span><a href=\"https:\/\/reddit.com\/submit?url=https%3A%2F%2Fwww.service-public.pf%2Fdsp%2F2020%2F04%2F06%2Farticle-note-presse-cellule-crise-060420%2F&amp;title=Campagnes%20de%20pr%C3%A9vention%20et%20de%20promotion%20de%20la%20sant%C3%A9%20%3A%20ton%20avis%20nous%20int%C3%A9resse\" target=\"_blank\" rel=\"noopener noreferrer\" title=\"Reddit\" aria-label=\"Reddit\" data-placement=\"top\" data-toggle=\"tooltip\" data-title=\"Reddit\"><i class=\"fusion-social-network-icon fusion-tooltip fusion-reddit awb-icon-reddit\" style=\"color:#bebdbd;background-color:#e8e8e8;border-color:#e8e8e8;border-radius:4px;\" aria-hidden=\"true\"><\/i><\/a><\/span><span><a href=\"https:\/\/www.linkedin.com\/shareArticle?mini=true&amp;url=https%3A%2F%2Fwww.service-public.pf%2Fdsp%2F2020%2F04%2F06%2Farticle-note-presse-cellule-crise-060420%2F&amp;title=Campagnes%20de%20pr%C3%A9vention%20et%20de%20promotion%20de%20la%20sant%C3%A9%20%3A%20ton%20avis%20nous%20int%C3%A9resse&amp;summary=BULLETIN%20D%26%2339%3BINFORMATION%20%2315%20-%20Cellule%20de%20crise%20de%20la%20Polyn%C3%A9sie%20fran%C3%A7aise%0D%0A%0D%0A%0D%0AUn%20nouveau%20cas%20a%20%C3%A9t%C3%A9%20d%C3%A9pist%C3%A9%20aujourd%E2%80%99hui%20%C3%A0%20Tahiti%2C%20hors%20zone%20urbaine%20-%20commune%20de%20Papara%20-%20portant%20%C3%A0%2042%20le%20nombre%20de%20cas%20de%20personnes%20touch%C3%A9es%20par%20le%20COVID-19%20en%20Polyn%C3%A9sie%20fran%C3%A7aise%20pour%20618%20d%C3%A9pistages%20depuis%20le%20d%C3%A9but%20de%20l%E2%80%99%C3%A9pid%C3%A9mie.%20Deux%20personnes\" target=\"_blank\" rel=\"noopener noreferrer\" title=\"LinkedIn\" aria-label=\"LinkedIn\" data-placement=\"top\" data-toggle=\"tooltip\" data-title=\"LinkedIn\"><i class=\"fusion-social-network-icon fusion-tooltip fusion-linkedin awb-icon-linkedin\" style=\"color:#bebdbd;background-color:#e8e8e8;border-color:#e8e8e8;border-radius:4px;\" aria-hidden=\"true\"><\/i><\/a><\/span><span><a href=\"https:\/\/api.whatsapp.com\/send?text=https%3A%2F%2Fwww.service-public.pf%2Fdsp%2F2020%2F04%2F06%2Farticle-note-presse-cellule-crise-060420%2F\" target=\"_blank\" rel=\"noopener noreferrer\" title=\"WhatsApp\" aria-label=\"WhatsApp\" data-placement=\"top\" data-toggle=\"tooltip\" data-title=\"WhatsApp\"><i class=\"fusion-social-network-icon fusion-tooltip fusion-whatsapp awb-icon-whatsapp\" style=\"color:#bebdbd;background-color:#e8e8e8;border-color:#e8e8e8;border-radius:4px;\" aria-hidden=\"true\"><\/i><\/a><\/span><span><a href=\"https:\/\/www.tumblr.com\/share\/link?url=https%3A%2F%2Fwww.service-public.pf%2Fdsp%2F2020%2F04%2F06%2Farticle-note-presse-cellule-crise-060420%2F&amp;name=Campagnes%20de%20pr%C3%A9vention%20et%20de%20promotion%20de%20la%20sant%C3%A9%20%3A%20ton%20avis%20nous%20int%C3%A9resse&amp;description=BULLETIN%20D%26%2339%3BINFORMATION%20%2315%20-%20Cellule%20de%20crise%20de%20la%20Polyn%C3%A9sie%20fran%C3%A7aise%0D%0A%0D%0A%0D%0AUn%20nouveau%20cas%20a%20%C3%A9t%C3%A9%20d%C3%A9pist%C3%A9%20aujourd%E2%80%99hui%20%C3%A0%20Tahiti%2C%20hors%20zone%20urbaine%20-%20commune%20de%20Papara%20-%20portant%20%C3%A0%2042%20le%20nombre%20de%20cas%20de%20personnes%20touch%C3%A9es%20par%20le%20COVID-19%20en%20Polyn%C3%A9sie%20fran%C3%A7aise%20pour%20618%20d%C3%A9pistages%20depuis%20le%20d%C3%A9but%20de%20l%E2%80%99%C3%A9pid%C3%A9mie.%20Deux%20personnes\" target=\"_blank\" rel=\"noopener noreferrer\" title=\"Tumblr\" aria-label=\"Tumblr\" data-placement=\"top\" data-toggle=\"tooltip\" data-title=\"Tumblr\"><i class=\"fusion-social-network-icon fusion-tooltip fusion-tumblr awb-icon-tumblr\" style=\"color:#bebdbd;background-color:#e8e8e8;border-color:#e8e8e8;border-radius:4px;\" aria-hidden=\"true\"><\/i><\/a><\/span><span><a href=\"https:\/\/pinterest.com\/pin\/create\/button\/?url=https%3A%2F%2Fwww.service-public.pf%2Fdsp%2F2020%2F04%2F06%2Farticle-note-presse-cellule-crise-060420%2F&amp;description=BULLETIN%20D%26%2339%3BINFORMATION%20%2315%20-%20Cellule%20de%20crise%20de%20la%20Polyn%C3%A9sie%20fran%C3%A7aise%0D%0A%0D%0A%0D%0AUn%20nouveau%20cas%20a%20%C3%A9t%C3%A9%20d%C3%A9pist%C3%A9%20aujourd%E2%80%99hui%20%C3%A0%20Tahiti%2C%20hors%20zone%20urbaine%20-%20commune%20de%20Papara%20-%20portant%20%C3%A0%2042%20le%20nombre%20de%20cas%20de%20personnes%20touch%C3%A9es%20par%20le%20COVID-19%20en%20Polyn%C3%A9sie%20fran%C3%A7aise%20pour%20618%20d%C3%A9pistages%20depuis%20le%20d%C3%A9but%20de%20l%E2%80%99%C3%A9pid%C3%A9mie.%20Deux%20personnes&amp;media=\" target=\"_blank\" rel=\"noopener noreferrer\" title=\"Pinterest\" aria-label=\"Pinterest\" data-placement=\"top\" data-toggle=\"tooltip\" data-title=\"Pinterest\"><i class=\"fusion-social-network-icon fusion-tooltip fusion-pinterest awb-icon-pinterest\" style=\"color:#bebdbd;background-color:#e8e8e8;border-color:#e8e8e8;border-radius:4px;\" aria-hidden=\"true\"><\/i><\/a><\/span><span><a href=\"https:\/\/vkontakte.ru\/share.php?url=https%3A%2F%2Fwww.service-public.pf%2Fdsp%2F2020%2F04%2F06%2Farticle-note-presse-cellule-crise-060420%2F&amp;title=Campagnes%20de%20pr%C3%A9vention%20et%20de%20promotion%20de%20la%20sant%C3%A9%20%3A%20ton%20avis%20nous%20int%C3%A9resse&amp;description=BULLETIN%20D%26%2339%3BINFORMATION%20%2315%20-%20Cellule%20de%20crise%20de%20la%20Polyn%C3%A9sie%20fran%C3%A7aise%0D%0A%0D%0A%0D%0AUn%20nouveau%20cas%20a%20%C3%A9t%C3%A9%20d%C3%A9pist%C3%A9%20aujourd%E2%80%99hui%20%C3%A0%20Tahiti%2C%20hors%20zone%20urbaine%20-%20commune%20de%20Papara%20-%20portant%20%C3%A0%2042%20le%20nombre%20de%20cas%20de%20personnes%20touch%C3%A9es%20par%20le%20COVID-19%20en%20Polyn%C3%A9sie%20fran%C3%A7aise%20pour%20618%20d%C3%A9pistages%20depuis%20le%20d%C3%A9but%20de%20l%E2%80%99%C3%A9pid%C3%A9mie.%20Deux%20personnes\" target=\"_blank\" rel=\"noopener noreferrer\" title=\"Vk\" aria-label=\"Vk\" data-placement=\"top\" data-toggle=\"tooltip\" data-title=\"Vk\"><i class=\"fusion-social-network-icon fusion-tooltip fusion-vk awb-icon-vk\" style=\"color:#bebdbd;background-color:#e8e8e8;border-color:#e8e8e8;border-radius:4px;\" aria-hidden=\"true\"><\/i><\/a><\/span><span><a href=\"mailto:?subject=Campagnes%20de%20pr%C3%A9vention%20et%20de%20promotion%20de%20la%20sant%C3%A9%20%3A%20ton%20avis%20nous%20int%C3%A9resse&amp;body=https%3A%2F%2Fwww.service-public.pf%2Fdsp%2F2020%2F04%2F06%2Farticle-note-presse-cellule-crise-060420%2F\" target=\"_self\" title=\"Email\" aria-label=\"Email\" data-placement=\"top\" data-toggle=\"tooltip\" data-title=\"Email\"><i class=\"fusion-social-network-icon fusion-tooltip fusion-mail awb-icon-mail\" style=\"color:#bebdbd;background-color:#e8e8e8;border-color:#e8e8e8;border-radius:4px;\" aria-hidden=\"true\"><\/i><\/a><\/span><\/div><\/div><div class=\"fusion-clearfix\"><\/div><\/div><\/div><\/div><\/div><\/p>\n","protected":false},"excerpt":{"rendered":"","protected":false},"author":182,"featured_media":13744,"comment_status":"closed","ping_status":"closed","sticky":false,"template":"","format":"standard","meta":{"_seopress_robots_primary_cat":"36","_seopress_titles_title":"","_seopress_titles_desc":"Cliquez sur le lien pour en savoir plus.","_seopress_robots_index":"","footnotes":""},"categories":[36],"tags":[424,442,77],"class_list":["post-14057","post","type-post","status-publish","format-standard","has-post-thumbnail","hentry","category-actualite","tag-coronavirus","tag-note-presse-coronavirus","tag-polynesie-francaise"],"_links":{"self":[{"href":"https:\/\/www.service-public.pf\/dsp\/wp-json\/wp\/v2\/posts\/14057","targetHints":{"allow":["GET"]}}],"collection":[{"href":"https:\/\/www.service-public.pf\/dsp\/wp-json\/wp\/v2\/posts"}],"about":[{"href":"https:\/\/www.service-public.pf\/dsp\/wp-json\/wp\/v2\/types\/post"}],"author":[{"embeddable":true,"href":"https:\/\/www.service-public.pf\/dsp\/wp-json\/wp\/v2\/users\/182"}],"replies":[{"embeddable":true,"href":"https:\/\/www.service-public.pf\/dsp\/wp-json\/wp\/v2\/comments?post=14057"}],"version-history":[{"count":0,"href":"https:\/\/www.service-public.pf\/dsp\/wp-json\/wp\/v2\/posts\/14057\/revisions"}],"wp:featuredmedia":[{"embeddable":true,"href":"https:\/\/www.service-public.pf\/dsp\/wp-json\/wp\/v2\/media\/13744"}],"wp:attachment":[{"href":"https:\/\/www.service-public.pf\/dsp\/wp-json\/wp\/v2\/media?parent=14057"}],"wp:term":[{"taxonomy":"category","embeddable":true,"href":"https:\/\/www.service-public.pf\/dsp\/wp-json\/wp\/v2\/categories?post=14057"},{"taxonomy":"post_tag","embeddable":true,"href":"https:\/\/www.service-public.pf\/dsp\/wp-json\/wp\/v2\/tags?post=14057"}],"curies":[{"name":"wp","href":"https:\/\/api.w.org\/{rel}","templated":true}]}}