{"id":27131,"date":"2021-11-30T07:35:25","date_gmt":"2021-11-30T17:35:25","guid":{"rendered":"https:\/\/www.service-public.pf\/dsp\/?p=27131"},"modified":"2021-12-02T13:50:41","modified_gmt":"2021-12-02T23:50:41","slug":"mise-en-place-du-pass-sanitaire-au-sein-des-hopitaux-de-la-direction-de-la-sante","status":"publish","type":"post","link":"https:\/\/www.service-public.pf\/dsp\/2021\/11\/30\/mise-en-place-du-pass-sanitaire-au-sein-des-hopitaux-de-la-direction-de-la-sante\/","title":{"rendered":"Mise en place du pass sanitaire au sein des h\u00f4pitaux de la Direction de la sant\u00e9"},"content":{"rendered":"<div class=\"fusion-fullwidth fullwidth-box fusion-builder-row-1 hundred-percent-fullwidth non-hundred-percent-height-scrolling\" style=\"--awb-border-radius-top-left:0px;--awb-border-radius-top-right:0px;--awb-border-radius-bottom-right:0px;--awb-border-radius-bottom-left:0px;--awb-padding-top:2%;--awb-padding-right:2%;--awb-padding-left:2%;--awb-flex-wrap:wrap;\" ><div class=\"fusion-builder-row fusion-row\"><div class=\"fusion-layout-column fusion_builder_column fusion-builder-column-0 fusion_builder_column_2_3 2_3 fusion-two-third fusion-column-first fusion-no-small-visibility fusion-no-medium-visibility\" style=\"--awb-padding-left:100px;--awb-bg-size:cover;--awb-margin-bottom:0px;width:66.666666666667%;width:calc(66.666666666667% - ( ( 3% ) * 0.66666666666667 ) );margin-right: 3%;\"><div class=\"fusion-column-wrapper fusion-column-has-shadow fusion-flex-column-wrapper-legacy\"><div class=\"fusion-title title fusion-title-1 fusion-sep-none fusion-title-text fusion-title-size-one\" style=\"--awb-text-color:#3abfbf;--awb-margin-top-small:0px;--awb-margin-right-small:0px;--awb-margin-bottom-small:20px;--awb-margin-left-small:0px;\"><h1 class=\"fusion-title-heading title-heading-left fusion-responsive-typography-calculated\" style=\"margin:0;--fontSize:34;line-height:1;\"><h2 style=\"text-align: center\">Mise en place du pass sanitaire au sein des H\u00f4pitaux <strong>de la Direction de la sant\u00e9<\/strong><\/h2><\/h1><\/div><div class=\"fusion-image-element fusion-image-align-center in-legacy-container\" style=\"text-align:center;--awb-max-width:1000px;--awb-caption-title-font-family:var(--h2_typography-font-family);--awb-caption-title-font-weight:var(--h2_typography-font-weight);--awb-caption-title-font-style:var(--h2_typography-font-style);--awb-caption-title-size:var(--h2_typography-font-size);--awb-caption-title-transform:var(--h2_typography-text-transform);--awb-caption-title-line-height:var(--h2_typography-line-height);--awb-caption-title-letter-spacing:var(--h2_typography-letter-spacing);\"><div class=\"imageframe-align-center\"><span class=\" fusion-imageframe imageframe-none imageframe-1 hover-type-none\"><a href=\"https:\/\/www.service-public.pf\/dsp\/wp-content\/uploads\/sites\/12\/2021\/10\/atelier-tuamotu-gambier.jpg\" class=\"fusion-lightbox\" data-rel=\"iLightbox[297ef957b9aeb40a389]\" data-title=\"Atelier Tuamotu Gambier\" title=\"pass sanitaire\"><img decoding=\"async\" width=\"684\" height=\"722\" src=\"https:\/\/www.service-public.pf\/dsp\/wp-content\/uploads\/sites\/12\/2021\/11\/schema-vaccinal-1.png\" alt class=\"img-responsive wp-image-27160\" srcset=\"https:\/\/www.service-public.pf\/dsp\/wp-content\/uploads\/sites\/12\/2021\/11\/schema-vaccinal-1-200x211.png 200w, https:\/\/www.service-public.pf\/dsp\/wp-content\/uploads\/sites\/12\/2021\/11\/schema-vaccinal-1-400x422.png 400w, https:\/\/www.service-public.pf\/dsp\/wp-content\/uploads\/sites\/12\/2021\/11\/schema-vaccinal-1-600x633.png 600w, https:\/\/www.service-public.pf\/dsp\/wp-content\/uploads\/sites\/12\/2021\/11\/schema-vaccinal-1.png 684w\" sizes=\"(max-width: 1100px) 100vw, 684px\" \/><\/a><\/span><\/div><\/div><div class=\"fusion-sep-clear\"><\/div><div class=\"fusion-separator fusion-full-width-sep\" style=\"margin-left: auto;margin-right: auto;margin-bottom:20px;width:100%;\"><\/div><div class=\"fusion-sep-clear\"><\/div><div class=\"fusion-text fusion-text-1\" style=\"--awb-content-alignment:center;\"><h3 style=\"text-align: left\"><span style=\"color: #ff0000\"><i><span style=\"color: #000000\">Ne renoncez pas aux soins !<\/span> <\/i><\/span><\/h3>\n<p style=\"text-align: left\"><span style=\"color: #000000\"><i>Aucun patient ne se verra refuser une prise en charge adapt\u00e9e \u00e0 son \u00e9tat de sant\u00e9. <\/i><\/span><span style=\"color: #000000\"><i>Avec le pass sanitaire, les modalit\u00e9s d&rsquo;accueil des h\u00f4pitaux de la Direction de la sant\u00e9 \u00e9voluent.<\/i><\/span><\/p>\n<p style=\"text-align: left\">Conform\u00e9ment \u00e0 l&rsquo;arr\u00eat\u00e9 <a href=\"http:\/\/www.polynesie-francaise.pref.gouv.fr\/content\/download\/48085\/289947\/file\/Arr%C3%AAt%C3%A9%207996.pdf\">n\u00b0HC\/7996\/CAB<\/a> du 26 novembre 2021 &#8211; Article 9, le pass sanitaire est applicable \u00e0 partir du 1er d\u00e9cembre 2021 dans tous les \u00e9tablissements d&rsquo;hospitalisation dont les 4 h\u00f4pitaux de la direction de la sant\u00e9.<\/p>\n<h3 style=\"text-align: left\"><strong>Qui est concern\u00e9 par le pass sanitaire dans nos h\u00f4pitaux ?<br \/>\n<\/strong><\/h3>\n<ul style=\"text-align: left\">\n<li>Tout patient\/visiteur\/accompagnateur \u00e2g\u00e9 de 12 ans et 2 mois et plus<\/li>\n<li>Dans les services d\u2019hospitalisations programm\u00e9es <span style=\"color: #000000\"><strong>SAUF urgences.<\/strong><\/span><\/li>\n<\/ul>\n<h3 style=\"text-align: left\"><strong>Quand doit-on pr\u00e9senter son pass ?<br \/>\n<\/strong><\/h3>\n<ul style=\"text-align: left\">\n<li style=\"list-style-type: none\">\n<ul style=\"text-align: left\">\n<li>Vous devez pr\u00e9senter le pass sanitaire \u00e0 l\u2019entr\u00e9e de l\u2019h\u00f4pital ou \u00e0 tout moment par un<strong> professionnel de la structure.<br \/>\n<\/strong><\/li>\n<\/ul>\n<\/li>\n<\/ul>\n<p style=\"text-align: center\"><span style=\"color: #ff0000\"><i>\u00a0<\/i><\/span><\/p>\n<p style=\"text-align: center\"><span style=\"color: #000000\"><i>Le port du masque reste obligatoire dans les h\u00f4pitaux de la direction de la sant\u00e9.<\/i><\/span><\/p>\n<\/div><div class=\"fusion-image-element fusion-image-align-center in-legacy-container\" style=\"text-align:center;--awb-max-width:1000px;--awb-caption-title-font-family:var(--h2_typography-font-family);--awb-caption-title-font-weight:var(--h2_typography-font-weight);--awb-caption-title-font-style:var(--h2_typography-font-style);--awb-caption-title-size:var(--h2_typography-font-size);--awb-caption-title-transform:var(--h2_typography-text-transform);--awb-caption-title-line-height:var(--h2_typography-line-height);--awb-caption-title-letter-spacing:var(--h2_typography-letter-spacing);\"><div class=\"imageframe-align-center\"><span class=\" fusion-imageframe imageframe-none imageframe-2 hover-type-none\"><a href=\"https:\/\/www.service-public.pf\/dsp\/wp-content\/uploads\/sites\/12\/2021\/10\/atelier-tuamotu-gambier.jpg\" class=\"fusion-lightbox\" data-rel=\"iLightbox[297ef957b9aeb40a389]\" data-title=\"Atelier Tuamotu Gambier\" title=\"Obtenirpasssanitaire\"><img decoding=\"async\" width=\"744\" height=\"838\" src=\"https:\/\/www.service-public.pf\/dsp\/wp-content\/uploads\/sites\/12\/2021\/11\/obtenirpasssanitaire.png\" alt class=\"img-responsive wp-image-27162\" srcset=\"https:\/\/www.service-public.pf\/dsp\/wp-content\/uploads\/sites\/12\/2021\/11\/obtenirpasssanitaire-200x225.png 200w, https:\/\/www.service-public.pf\/dsp\/wp-content\/uploads\/sites\/12\/2021\/11\/obtenirpasssanitaire-400x451.png 400w, https:\/\/www.service-public.pf\/dsp\/wp-content\/uploads\/sites\/12\/2021\/11\/obtenirpasssanitaire-600x676.png 600w, https:\/\/www.service-public.pf\/dsp\/wp-content\/uploads\/sites\/12\/2021\/11\/obtenirpasssanitaire.png 744w\" sizes=\"(max-width: 1100px) 100vw, 744px\" \/><\/a><\/span><\/div><\/div><div class=\"fusion-clearfix\"><\/div><\/div><\/div><div class=\"fusion-layout-column fusion_builder_column fusion-builder-column-1 fusion_builder_column_1_4 1_4 fusion-one-fourth fusion-column-last fusion-no-small-visibility fusion-no-medium-visibility\" style=\"--awb-padding-right:10px;--awb-padding-left:10px;--awb-bg-color:#f7f7f7;--awb-bg-color-hover:#f7f7f7;--awb-bg-size:cover;--awb-margin-bottom:0px;width:25%;width:calc(25% - ( ( 3% ) * 0.25 ) );\"><div class=\"fusion-column-wrapper fusion-column-has-shadow fusion-flex-column-wrapper-legacy\"><div class=\"fusion-column-content-centered\"><div class=\"fusion-column-content\"><div class=\"fusion-text fusion-text-2\"><h3 style=\"text-align: center\" data-fontsize=\"22\" data-lineheight=\"33\"><span style=\"color: #333333\">NOS ACTUALIT\u00c9S<\/span><\/h3>\n<div class=\"fusion-sep-clear\"><\/div><div class=\"fusion-separator fusion-no-small-visibility fusion-no-medium-visibility\" style=\"margin-left: auto;margin-right: auto;margin-top:-5%;margin-bottom:4%;width:100%;max-width:15%;\"><div class=\"fusion-separator-border sep-single sep-solid\" style=\"--awb-height:20px;--awb-amount:20px;--awb-sep-color:#3abfbf;border-color:#3abfbf;border-top-width:5px;\"><\/div><\/div><div class=\"fusion-sep-clear\"><\/div>\n<\/div><div class=\"fusion-sep-clear\"><\/div><div class=\"fusion-separator fusion-full-width-sep\" style=\"margin-left: auto;margin-right: auto;margin-bottom:2%;width:100%;\"><\/div><div class=\"fusion-sep-clear\"><\/div><div class=\"fusion-recent-posts fusion-recent-posts-1 avada-container layout-default layout-columns-1\"><section class=\"fusion-columns columns fusion-columns-1 columns-1\"><article class=\"post fusion-column column col col-lg-12 col-md-12 col-sm-12\"><div class=\"fusion-flexslider fusion-flexslider-loading flexslider flexslider-hover-type-none\"><ul class=\"slides\"><li><a href=\"https:\/\/www.service-public.pf\/dsp\/2026\/03\/19\/licence-commercialisation-tabac\/\" aria-label=\"Tabac et vapotage : la demande de licence peut d\u00e9sormais se faire en ligne\" class=\"hover-type-none\"><img decoding=\"async\" width=\"2048\" height=\"2048\" src=\"https:\/\/www.service-public.pf\/dsp\/wp-content\/uploads\/sites\/12\/2026\/03\/DSP-Tabac.png\" class=\"attachment-full size-full\" alt=\"\" srcset=\"https:\/\/www.service-public.pf\/dsp\/wp-content\/uploads\/sites\/12\/2026\/03\/DSP-Tabac-200x200.png 200w, https:\/\/www.service-public.pf\/dsp\/wp-content\/uploads\/sites\/12\/2026\/03\/DSP-Tabac-400x400.png 400w, https:\/\/www.service-public.pf\/dsp\/wp-content\/uploads\/sites\/12\/2026\/03\/DSP-Tabac-600x600.png 600w, https:\/\/www.service-public.pf\/dsp\/wp-content\/uploads\/sites\/12\/2026\/03\/DSP-Tabac-800x800.png 800w, https:\/\/www.service-public.pf\/dsp\/wp-content\/uploads\/sites\/12\/2026\/03\/DSP-Tabac-1200x1200.png 1200w, https:\/\/www.service-public.pf\/dsp\/wp-content\/uploads\/sites\/12\/2026\/03\/DSP-Tabac.png 2048w\" sizes=\"(min-width: 2200px) 100vw, (min-width: 640px) 1100px, \" \/><\/a><\/li><\/ul><\/div><div class=\"recent-posts-content\"><span class=\"vcard\" style=\"display: none;\"><span class=\"fn\"><a href=\"https:\/\/www.service-public.pf\/dsp\/author\/communicationds\/\" title=\"Articles par communicationds\" rel=\"author\">communicationds<\/a><\/span><\/span><span class=\"updated\" style=\"display:none;\">2026-03-26T07:30:09-10:00<\/span><h4 class=\"entry-title\"><a href=\"https:\/\/www.service-public.pf\/dsp\/2026\/03\/19\/licence-commercialisation-tabac\/\">Tabac et vapotage : la demande de licence peut d\u00e9sormais se faire en ligne<\/a><\/h4><\/div><\/article><article class=\"post fusion-column column col col-lg-12 col-md-12 col-sm-12\"><div class=\"fusion-flexslider fusion-flexslider-loading flexslider flexslider-hover-type-none\"><ul class=\"slides\"><li><a href=\"https:\/\/www.service-public.pf\/dsp\/2026\/02\/16\/laccessibilite-la-representation-et-la-consommation-des-produits-locaux\/\" aria-label=\"Sondage sur l&rsquo;accessibilit\u00e9, la repr\u00e9sentation et la consommation des produits locaux\" class=\"hover-type-none\"><img decoding=\"async\" width=\"1172\" height=\"835\" src=\"https:\/\/www.service-public.pf\/dsp\/wp-content\/uploads\/sites\/12\/2026\/02\/saveurs.jpg\" class=\"attachment-full size-full\" alt=\"\" srcset=\"https:\/\/www.service-public.pf\/dsp\/wp-content\/uploads\/sites\/12\/2026\/02\/saveurs-200x142.jpg 200w, https:\/\/www.service-public.pf\/dsp\/wp-content\/uploads\/sites\/12\/2026\/02\/saveurs-400x285.jpg 400w, https:\/\/www.service-public.pf\/dsp\/wp-content\/uploads\/sites\/12\/2026\/02\/saveurs-600x427.jpg 600w, https:\/\/www.service-public.pf\/dsp\/wp-content\/uploads\/sites\/12\/2026\/02\/saveurs-800x570.jpg 800w, https:\/\/www.service-public.pf\/dsp\/wp-content\/uploads\/sites\/12\/2026\/02\/saveurs.jpg 1172w\" sizes=\"(min-width: 2200px) 100vw, (min-width: 640px) 1100px, \" \/><\/a><\/li><\/ul><\/div><div class=\"recent-posts-content\"><span class=\"vcard\" style=\"display: none;\"><span class=\"fn\"><a href=\"https:\/\/www.service-public.pf\/dsp\/author\/communicationds\/\" title=\"Articles par communicationds\" rel=\"author\">communicationds<\/a><\/span><\/span><span class=\"updated\" style=\"display:none;\">2026-02-17T08:09:46-10:00<\/span><h4 class=\"entry-title\"><a href=\"https:\/\/www.service-public.pf\/dsp\/2026\/02\/16\/laccessibilite-la-representation-et-la-consommation-des-produits-locaux\/\">Sondage sur l&rsquo;accessibilit\u00e9, la repr\u00e9sentation et la consommation des produits locaux<\/a><\/h4><\/div><\/article><article class=\"post fusion-column column col col-lg-12 col-md-12 col-sm-12\"><div class=\"fusion-flexslider fusion-flexslider-loading flexslider flexslider-hover-type-none\"><ul class=\"slides\"><li><a href=\"https:\/\/www.service-public.pf\/dsp\/2026\/02\/04\/charte-dutilisation-du-reseau-wifi-de-lhopital-duturoa\/\" aria-label=\"L&rsquo;h\u00f4pital d&rsquo;Uturoa s&rsquo;\u00e9quipe d&rsquo;un r\u00e9seau WiFi gratuit pour les patients et visiteurs\" class=\"hover-type-none\"><img decoding=\"async\" width=\"1920\" height=\"1080\" src=\"https:\/\/www.service-public.pf\/dsp\/wp-content\/uploads\/sites\/12\/2026\/02\/Hopital-de-Uturoa-Raiatea.png\" class=\"attachment-full size-full\" alt=\"\" srcset=\"https:\/\/www.service-public.pf\/dsp\/wp-content\/uploads\/sites\/12\/2026\/02\/Hopital-de-Uturoa-Raiatea-200x113.png 200w, https:\/\/www.service-public.pf\/dsp\/wp-content\/uploads\/sites\/12\/2026\/02\/Hopital-de-Uturoa-Raiatea-400x225.png 400w, https:\/\/www.service-public.pf\/dsp\/wp-content\/uploads\/sites\/12\/2026\/02\/Hopital-de-Uturoa-Raiatea-600x338.png 600w, https:\/\/www.service-public.pf\/dsp\/wp-content\/uploads\/sites\/12\/2026\/02\/Hopital-de-Uturoa-Raiatea-800x450.png 800w, https:\/\/www.service-public.pf\/dsp\/wp-content\/uploads\/sites\/12\/2026\/02\/Hopital-de-Uturoa-Raiatea-1200x675.png 1200w, https:\/\/www.service-public.pf\/dsp\/wp-content\/uploads\/sites\/12\/2026\/02\/Hopital-de-Uturoa-Raiatea.png 1920w\" sizes=\"(min-width: 2200px) 100vw, (min-width: 640px) 1100px, \" \/><\/a><\/li><\/ul><\/div><div class=\"recent-posts-content\"><span class=\"vcard\" style=\"display: none;\"><span class=\"fn\"><a href=\"https:\/\/www.service-public.pf\/dsp\/author\/communicationds\/\" title=\"Articles par communicationds\" rel=\"author\">communicationds<\/a><\/span><\/span><span class=\"updated\" style=\"display:none;\">2026-02-17T08:21:45-10:00<\/span><h4 class=\"entry-title\"><a href=\"https:\/\/www.service-public.pf\/dsp\/2026\/02\/04\/charte-dutilisation-du-reseau-wifi-de-lhopital-duturoa\/\">L&rsquo;h\u00f4pital d&rsquo;Uturoa s&rsquo;\u00e9quipe d&rsquo;un r\u00e9seau WiFi gratuit pour les patients et visiteurs<\/a><\/h4><\/div><\/article><\/section><\/div><div class=\"fusion-text fusion-text-3\"><h3 style=\"text-align: center\" data-fontsize=\"22\" data-lineheight=\"33\"><span style=\"color: #333333\">SUIVEZ-NOUS<br \/>\n<\/span><\/h3>\n<div class=\"fusion-sep-clear\"><\/div><div class=\"fusion-separator fusion-no-small-visibility fusion-no-medium-visibility\" style=\"margin-left: auto;margin-right: auto;margin-top:-5%;margin-bottom:4%;width:100%;max-width:15%;\"><div class=\"fusion-separator-border sep-single sep-solid\" style=\"--awb-height:20px;--awb-amount:20px;--awb-sep-color:#3abfbf;border-color:#3abfbf;border-top-width:5px;\"><\/div><\/div><div class=\"fusion-sep-clear\"><\/div>\n<\/div><div class=\"fusion-widget-area awb-widget-area-element fusion-widget-area-1 fusion-content-widget-area\" style=\"--awb-title-color:#333333;--awb-padding:0px 0px 0px 0px;\">\n\t\t<section id=\"recent-posts-7\" class=\"widget widget_recent_entries\">\n\t\t<div class=\"heading\"><h4 class=\"widget-title\">Articles r\u00e9cents<\/h4><\/div>\n\t\t<ul>\n\t\t\t\t\t\t\t\t\t\t\t<li>\n\t\t\t\t\t<a href=\"https:\/\/www.service-public.pf\/dsp\/2026\/04\/27\/bulletin-de-surveillance-sanitaire-de-la-s16-2026\/\">Bulletin de Surveillance Sanitaire de la S16 2026<\/a>\n\t\t\t\t\t\t\t\t\t<\/li>\n\t\t\t\t\t\t\t\t\t\t\t<li>\n\t\t\t\t\t<a href=\"https:\/\/www.service-public.pf\/dsp\/2026\/04\/20\/bulletin-de-surveillance-sanitaire-de-la-s15-2026\/\">Bulletin de Surveillance Sanitaire de la S15 2026<\/a>\n\t\t\t\t\t\t\t\t\t<\/li>\n\t\t\t\t\t\t\t\t\t\t\t<li>\n\t\t\t\t\t<a href=\"https:\/\/www.service-public.pf\/dsp\/2026\/04\/13\/bulletin-de-surveillance-sanitaire-de-la-s14-2026\/\">Bulletin de Surveillance Sanitaire de la S14 2026<\/a>\n\t\t\t\t\t\t\t\t\t<\/li>\n\t\t\t\t\t\t\t\t\t\t\t<li>\n\t\t\t\t\t<a href=\"https:\/\/www.service-public.pf\/dsp\/2026\/04\/08\/bulletin-de-surveillance-sanitaire-de-la-s13-2026\/\">Bulletin de Surveillance Sanitaire de la S13 2026<\/a>\n\t\t\t\t\t\t\t\t\t<\/li>\n\t\t\t\t\t\t\t\t\t\t\t<li>\n\t\t\t\t\t<a href=\"https:\/\/www.service-public.pf\/dsp\/2026\/03\/30\/bulletin-de-surveillance-sanitaire-de-la-s12-2026\/\">Bulletin de Surveillance Sanitaire de la S12 2026<\/a>\n\t\t\t\t\t\t\t\t\t<\/li>\n\t\t\t\t\t<\/ul>\n\n\t\t<\/section><div class=\"fusion-additional-widget-content\"><\/div><\/div><\/div><\/div><div class=\"fusion-clearfix\"><\/div><\/div><\/div><div class=\"fusion-layout-column fusion_builder_column fusion-builder-column-2 fusion_builder_column_1_1 1_1 fusion-one-full fusion-column-first fusion-column-last fusion-no-large-visibility\" style=\"--awb-bg-size:cover;--awb-margin-bottom:0px;\"><div class=\"fusion-column-wrapper fusion-column-has-shadow fusion-flex-column-wrapper-legacy\"><div class=\"fusion-title title fusion-title-2 fusion-sep-none fusion-title-text fusion-title-size-one\" style=\"--awb-text-color:#3abfbf;--awb-margin-top-small:0px;--awb-margin-right-small:0px;--awb-margin-bottom-small:20px;--awb-margin-left-small:0px;\"><h1 class=\"fusion-title-heading title-heading-left fusion-responsive-typography-calculated\" style=\"margin:0;--fontSize:34;line-height:1;\"><h2 style=\"text-align: center\">Mise en place du pass sanitaire au sein des H\u00f4pitaux <strong>de la Direction de la sant\u00e9<\/strong><\/h2><\/h1><\/div><div class=\"fusion-image-element fusion-image-align-center in-legacy-container\" style=\"text-align:center;--awb-max-width:1000px;--awb-caption-title-font-family:var(--h2_typography-font-family);--awb-caption-title-font-weight:var(--h2_typography-font-weight);--awb-caption-title-font-style:var(--h2_typography-font-style);--awb-caption-title-size:var(--h2_typography-font-size);--awb-caption-title-transform:var(--h2_typography-text-transform);--awb-caption-title-line-height:var(--h2_typography-line-height);--awb-caption-title-letter-spacing:var(--h2_typography-letter-spacing);\"><div class=\"imageframe-align-center\"><span class=\" fusion-imageframe imageframe-none imageframe-3 hover-type-none\"><a href=\"https:\/\/www.service-public.pf\/dsp\/wp-content\/uploads\/sites\/12\/2021\/10\/atelier-tuamotu-gambier.jpg\" class=\"fusion-lightbox\" data-rel=\"iLightbox[297ef957b9aeb40a389]\" data-title=\"Atelier Tuamotu Gambier\" title=\"pass sanitaire\"><img decoding=\"async\" width=\"684\" height=\"722\" src=\"https:\/\/www.service-public.pf\/dsp\/wp-content\/uploads\/sites\/12\/2021\/11\/schema-vaccinal-1.png\" alt class=\"img-responsive wp-image-27160\" srcset=\"https:\/\/www.service-public.pf\/dsp\/wp-content\/uploads\/sites\/12\/2021\/11\/schema-vaccinal-1-200x211.png 200w, https:\/\/www.service-public.pf\/dsp\/wp-content\/uploads\/sites\/12\/2021\/11\/schema-vaccinal-1-400x422.png 400w, https:\/\/www.service-public.pf\/dsp\/wp-content\/uploads\/sites\/12\/2021\/11\/schema-vaccinal-1-600x633.png 600w, https:\/\/www.service-public.pf\/dsp\/wp-content\/uploads\/sites\/12\/2021\/11\/schema-vaccinal-1.png 684w\" sizes=\"(max-width: 1100px) 100vw, 684px\" \/><\/a><\/span><\/div><\/div><div class=\"fusion-sep-clear\"><\/div><div class=\"fusion-separator fusion-full-width-sep\" style=\"margin-left: auto;margin-right: auto;margin-bottom:20px;width:100%;\"><\/div><div class=\"fusion-sep-clear\"><\/div><div class=\"fusion-text fusion-text-4\" style=\"--awb-content-alignment:center;\"><h3 style=\"text-align: left\"><span style=\"color: #ff0000\"><i><span style=\"color: #000000\">Ne renoncez pas aux soins !<\/span> <\/i><\/span><\/h3>\n<p style=\"text-align: left\"><span style=\"color: #000000\"><i>Aucun patient ne se verra refuser une prise en charge adapt\u00e9e \u00e0 son \u00e9tat de sant\u00e9. <\/i><\/span><span style=\"color: #000000\"><i>Avec le pass sanitaire, les modalit\u00e9s d&rsquo;accueil des h\u00f4pitaux de la Direction de la sant\u00e9 \u00e9voluent.<\/i><\/span><\/p>\n<p style=\"text-align: left\">Conform\u00e9ment \u00e0 l&rsquo;arr\u00eat\u00e9 <a href=\"http:\/\/www.polynesie-francaise.pref.gouv.fr\/content\/download\/48085\/289947\/file\/Arr%C3%AAt%C3%A9%207996.pdf\">n\u00b0HC\/7996\/CAB<\/a> du 26 novembre 2021 &#8211; Article 9, le pass sanitaire est applicable \u00e0 partir du 1er d\u00e9cembre 2021 dans tous les \u00e9tablissements d&rsquo;hospitalisation dont les 4 h\u00f4pitaux de la direction de la sant\u00e9.<\/p>\n<h3 style=\"text-align: left\"><strong>Qui est concern\u00e9 par le pass sanitaire dans nos h\u00f4pitaux ?<br \/>\n<\/strong><\/h3>\n<ul style=\"text-align: left\">\n<li>Tout patient\/visiteur\/accompagnateur \u00e2g\u00e9 de 12 ans et 2 mois et plus<\/li>\n<li>Dans les services d\u2019hospitalisations programm\u00e9es <span style=\"color: #000000\"><strong>SAUF urgences.<\/strong><\/span><\/li>\n<\/ul>\n<h3 style=\"text-align: left\"><strong>Quand doit-on pr\u00e9senter son pass ?<br \/>\n<\/strong><\/h3>\n<ul style=\"text-align: left\">\n<li style=\"list-style-type: none\">\n<ul style=\"text-align: left\">\n<li>Vous devez pr\u00e9senter le pass sanitaire \u00e0 l\u2019entr\u00e9e de l\u2019h\u00f4pital ou \u00e0 tout moment par un<strong> professionnel de la structure.<br \/>\n<\/strong><\/li>\n<\/ul>\n<\/li>\n<\/ul>\n<p style=\"text-align: center\"><span style=\"color: #ff0000\"><i>\u00a0<\/i><\/span><\/p>\n<p style=\"text-align: center\"><span style=\"color: #000000\"><i>Le port du masque reste obligatoire dans les h\u00f4pitaux de la direction de la sant\u00e9.<\/i><\/span><\/p>\n<\/div><div class=\"fusion-sep-clear\"><\/div><div class=\"fusion-separator fusion-full-width-sep\" style=\"margin-left: auto;margin-right: auto;margin-bottom:20px;width:100%;\"><\/div><div class=\"fusion-sep-clear\"><\/div><div class=\"fusion-image-element fusion-image-align-center in-legacy-container\" style=\"text-align:center;--awb-max-width:1000px;--awb-caption-title-font-family:var(--h2_typography-font-family);--awb-caption-title-font-weight:var(--h2_typography-font-weight);--awb-caption-title-font-style:var(--h2_typography-font-style);--awb-caption-title-size:var(--h2_typography-font-size);--awb-caption-title-transform:var(--h2_typography-text-transform);--awb-caption-title-line-height:var(--h2_typography-line-height);--awb-caption-title-letter-spacing:var(--h2_typography-letter-spacing);\"><div class=\"imageframe-align-center\"><span class=\" fusion-imageframe imageframe-none imageframe-4 hover-type-none\"><a href=\"https:\/\/www.service-public.pf\/dsp\/wp-content\/uploads\/sites\/12\/2021\/10\/atelier-tuamotu-gambier.jpg\" class=\"fusion-lightbox\" data-rel=\"iLightbox[297ef957b9aeb40a389]\" data-title=\"Atelier Tuamotu Gambier\" title=\"Obtenirpasssanitaire\"><img decoding=\"async\" width=\"744\" height=\"838\" src=\"https:\/\/www.service-public.pf\/dsp\/wp-content\/uploads\/sites\/12\/2021\/11\/obtenirpasssanitaire.png\" alt class=\"img-responsive wp-image-27162\" srcset=\"https:\/\/www.service-public.pf\/dsp\/wp-content\/uploads\/sites\/12\/2021\/11\/obtenirpasssanitaire-200x225.png 200w, https:\/\/www.service-public.pf\/dsp\/wp-content\/uploads\/sites\/12\/2021\/11\/obtenirpasssanitaire-400x451.png 400w, https:\/\/www.service-public.pf\/dsp\/wp-content\/uploads\/sites\/12\/2021\/11\/obtenirpasssanitaire-600x676.png 600w, https:\/\/www.service-public.pf\/dsp\/wp-content\/uploads\/sites\/12\/2021\/11\/obtenirpasssanitaire.png 744w\" sizes=\"(max-width: 1100px) 100vw, 744px\" \/><\/a><\/span><\/div><\/div><div class=\"fusion-clearfix\"><\/div><\/div><\/div><div class=\"fusion-layout-column fusion_builder_column fusion-builder-column-3 fusion_builder_column_1_1 1_1 fusion-one-full fusion-column-first fusion-column-last fusion-no-large-visibility\" style=\"--awb-padding-right:10px;--awb-padding-left:10px;--awb-bg-color:#f7f7f7;--awb-bg-color-hover:#f7f7f7;--awb-bg-size:cover;--awb-margin-bottom:0px;\"><div class=\"fusion-column-wrapper fusion-column-has-shadow fusion-flex-column-wrapper-legacy\"><div class=\"fusion-column-content-centered\"><div class=\"fusion-column-content\"><div class=\"fusion-text fusion-text-5\"><h3 style=\"text-align: center\" data-fontsize=\"22\" data-lineheight=\"33\"><span style=\"color: #333333\">NOS ACTUALIT\u00c9S<\/span><\/h3>\n<div class=\"fusion-sep-clear\"><\/div><div class=\"fusion-separator fusion-no-small-visibility fusion-no-medium-visibility\" style=\"margin-left: auto;margin-right: auto;margin-top:-5%;margin-bottom:4%;width:100%;max-width:15%;\"><div class=\"fusion-separator-border sep-single sep-solid\" style=\"--awb-height:20px;--awb-amount:20px;--awb-sep-color:#3abfbf;border-color:#3abfbf;border-top-width:5px;\"><\/div><\/div><div class=\"fusion-sep-clear\"><\/div>\n<\/div><div class=\"fusion-sep-clear\"><\/div><div class=\"fusion-separator fusion-full-width-sep\" style=\"margin-left: auto;margin-right: auto;margin-bottom:2%;width:100%;\"><\/div><div class=\"fusion-sep-clear\"><\/div><div class=\"fusion-recent-posts fusion-recent-posts-2 avada-container layout-thumbnails-on-side layout-columns-1\"><section class=\"fusion-columns columns fusion-columns-1 columns-1\"><article class=\"post fusion-column column col col-lg-12 col-md-12 col-sm-12\"><div class=\"fusion-flexslider fusion-flexslider-loading flexslider floated-slideshow flexslider-hover-type-none\"><ul class=\"slides\"><li><a href=\"https:\/\/www.service-public.pf\/dsp\/2026\/03\/19\/licence-commercialisation-tabac\/\" aria-label=\"Tabac et vapotage : la demande de licence peut d\u00e9sormais se faire en ligne\" class=\"hover-type-none\"><img decoding=\"async\" width=\"200\" height=\"200\" src=\"https:\/\/www.service-public.pf\/dsp\/wp-content\/uploads\/sites\/12\/2026\/03\/DSP-Tabac-200x200.png\" class=\"attachment-fusion-200 size-fusion-200\" alt=\"\" srcset=\"https:\/\/www.service-public.pf\/dsp\/wp-content\/uploads\/sites\/12\/2026\/03\/DSP-Tabac-66x66.png 66w, https:\/\/www.service-public.pf\/dsp\/wp-content\/uploads\/sites\/12\/2026\/03\/DSP-Tabac-150x150.png 150w, https:\/\/www.service-public.pf\/dsp\/wp-content\/uploads\/sites\/12\/2026\/03\/DSP-Tabac-200x200.png 200w, https:\/\/www.service-public.pf\/dsp\/wp-content\/uploads\/sites\/12\/2026\/03\/DSP-Tabac-300x300.png 300w, https:\/\/www.service-public.pf\/dsp\/wp-content\/uploads\/sites\/12\/2026\/03\/DSP-Tabac-400x400.png 400w, https:\/\/www.service-public.pf\/dsp\/wp-content\/uploads\/sites\/12\/2026\/03\/DSP-Tabac-600x600.png 600w, https:\/\/www.service-public.pf\/dsp\/wp-content\/uploads\/sites\/12\/2026\/03\/DSP-Tabac-768x768.png 768w, https:\/\/www.service-public.pf\/dsp\/wp-content\/uploads\/sites\/12\/2026\/03\/DSP-Tabac-800x800.png 800w, https:\/\/www.service-public.pf\/dsp\/wp-content\/uploads\/sites\/12\/2026\/03\/DSP-Tabac-1024x1024.png 1024w, https:\/\/www.service-public.pf\/dsp\/wp-content\/uploads\/sites\/12\/2026\/03\/DSP-Tabac-1200x1200.png 1200w, https:\/\/www.service-public.pf\/dsp\/wp-content\/uploads\/sites\/12\/2026\/03\/DSP-Tabac-1536x1536.png 1536w\" sizes=\"(max-width: 200px) 100vw, 200px\" \/><\/a><\/li><\/ul><\/div><div class=\"recent-posts-content\"><span class=\"vcard\" style=\"display: none;\"><span class=\"fn\"><a href=\"https:\/\/www.service-public.pf\/dsp\/author\/communicationds\/\" title=\"Articles par communicationds\" rel=\"author\">communicationds<\/a><\/span><\/span><span class=\"updated\" style=\"display:none;\">2026-03-26T07:30:09-10:00<\/span><h4 class=\"entry-title\"><a href=\"https:\/\/www.service-public.pf\/dsp\/2026\/03\/19\/licence-commercialisation-tabac\/\">Tabac et vapotage : la demande de licence peut d\u00e9sormais se faire en ligne<\/a><\/h4><\/div><\/article><article class=\"post fusion-column column col col-lg-12 col-md-12 col-sm-12\"><div class=\"fusion-flexslider fusion-flexslider-loading flexslider floated-slideshow flexslider-hover-type-none\"><ul class=\"slides\"><li><a href=\"https:\/\/www.service-public.pf\/dsp\/2026\/02\/16\/laccessibilite-la-representation-et-la-consommation-des-produits-locaux\/\" aria-label=\"Sondage sur l&rsquo;accessibilit\u00e9, la repr\u00e9sentation et la consommation des produits locaux\" class=\"hover-type-none\"><img decoding=\"async\" width=\"200\" height=\"142\" src=\"https:\/\/www.service-public.pf\/dsp\/wp-content\/uploads\/sites\/12\/2026\/02\/saveurs-200x142.jpg\" class=\"attachment-fusion-200 size-fusion-200\" alt=\"\" srcset=\"https:\/\/www.service-public.pf\/dsp\/wp-content\/uploads\/sites\/12\/2026\/02\/saveurs-200x142.jpg 200w, https:\/\/www.service-public.pf\/dsp\/wp-content\/uploads\/sites\/12\/2026\/02\/saveurs-300x214.jpg 300w, https:\/\/www.service-public.pf\/dsp\/wp-content\/uploads\/sites\/12\/2026\/02\/saveurs-400x285.jpg 400w, https:\/\/www.service-public.pf\/dsp\/wp-content\/uploads\/sites\/12\/2026\/02\/saveurs-600x427.jpg 600w, https:\/\/www.service-public.pf\/dsp\/wp-content\/uploads\/sites\/12\/2026\/02\/saveurs-768x547.jpg 768w, https:\/\/www.service-public.pf\/dsp\/wp-content\/uploads\/sites\/12\/2026\/02\/saveurs-800x570.jpg 800w, https:\/\/www.service-public.pf\/dsp\/wp-content\/uploads\/sites\/12\/2026\/02\/saveurs-1024x730.jpg 1024w, https:\/\/www.service-public.pf\/dsp\/wp-content\/uploads\/sites\/12\/2026\/02\/saveurs.jpg 1172w\" sizes=\"(max-width: 200px) 100vw, 200px\" \/><\/a><\/li><\/ul><\/div><div class=\"recent-posts-content\"><span class=\"vcard\" style=\"display: none;\"><span class=\"fn\"><a href=\"https:\/\/www.service-public.pf\/dsp\/author\/communicationds\/\" title=\"Articles par communicationds\" rel=\"author\">communicationds<\/a><\/span><\/span><span class=\"updated\" style=\"display:none;\">2026-02-17T08:09:46-10:00<\/span><h4 class=\"entry-title\"><a href=\"https:\/\/www.service-public.pf\/dsp\/2026\/02\/16\/laccessibilite-la-representation-et-la-consommation-des-produits-locaux\/\">Sondage sur l&rsquo;accessibilit\u00e9, la repr\u00e9sentation et la consommation des produits locaux<\/a><\/h4><\/div><\/article><article class=\"post fusion-column column col col-lg-12 col-md-12 col-sm-12\"><div class=\"fusion-flexslider fusion-flexslider-loading flexslider floated-slideshow flexslider-hover-type-none\"><ul class=\"slides\"><li><a href=\"https:\/\/www.service-public.pf\/dsp\/2026\/02\/04\/charte-dutilisation-du-reseau-wifi-de-lhopital-duturoa\/\" aria-label=\"L&rsquo;h\u00f4pital d&rsquo;Uturoa s&rsquo;\u00e9quipe d&rsquo;un r\u00e9seau WiFi gratuit pour les patients et visiteurs\" class=\"hover-type-none\"><img decoding=\"async\" width=\"200\" height=\"113\" src=\"https:\/\/www.service-public.pf\/dsp\/wp-content\/uploads\/sites\/12\/2026\/02\/Hopital-de-Uturoa-Raiatea-200x113.png\" class=\"attachment-fusion-200 size-fusion-200\" alt=\"\" srcset=\"https:\/\/www.service-public.pf\/dsp\/wp-content\/uploads\/sites\/12\/2026\/02\/Hopital-de-Uturoa-Raiatea-200x113.png 200w, https:\/\/www.service-public.pf\/dsp\/wp-content\/uploads\/sites\/12\/2026\/02\/Hopital-de-Uturoa-Raiatea-300x169.png 300w, https:\/\/www.service-public.pf\/dsp\/wp-content\/uploads\/sites\/12\/2026\/02\/Hopital-de-Uturoa-Raiatea-400x225.png 400w, https:\/\/www.service-public.pf\/dsp\/wp-content\/uploads\/sites\/12\/2026\/02\/Hopital-de-Uturoa-Raiatea-600x338.png 600w, https:\/\/www.service-public.pf\/dsp\/wp-content\/uploads\/sites\/12\/2026\/02\/Hopital-de-Uturoa-Raiatea-768x432.png 768w, https:\/\/www.service-public.pf\/dsp\/wp-content\/uploads\/sites\/12\/2026\/02\/Hopital-de-Uturoa-Raiatea-800x450.png 800w, https:\/\/www.service-public.pf\/dsp\/wp-content\/uploads\/sites\/12\/2026\/02\/Hopital-de-Uturoa-Raiatea-1024x576.png 1024w, https:\/\/www.service-public.pf\/dsp\/wp-content\/uploads\/sites\/12\/2026\/02\/Hopital-de-Uturoa-Raiatea-1200x675.png 1200w, https:\/\/www.service-public.pf\/dsp\/wp-content\/uploads\/sites\/12\/2026\/02\/Hopital-de-Uturoa-Raiatea-1536x864.png 1536w, https:\/\/www.service-public.pf\/dsp\/wp-content\/uploads\/sites\/12\/2026\/02\/Hopital-de-Uturoa-Raiatea.png 1920w\" sizes=\"(max-width: 200px) 100vw, 200px\" \/><\/a><\/li><\/ul><\/div><div class=\"recent-posts-content\"><span class=\"vcard\" style=\"display: none;\"><span class=\"fn\"><a href=\"https:\/\/www.service-public.pf\/dsp\/author\/communicationds\/\" title=\"Articles par communicationds\" rel=\"author\">communicationds<\/a><\/span><\/span><span class=\"updated\" style=\"display:none;\">2026-02-17T08:21:45-10:00<\/span><h4 class=\"entry-title\"><a href=\"https:\/\/www.service-public.pf\/dsp\/2026\/02\/04\/charte-dutilisation-du-reseau-wifi-de-lhopital-duturoa\/\">L&rsquo;h\u00f4pital d&rsquo;Uturoa s&rsquo;\u00e9quipe d&rsquo;un r\u00e9seau WiFi gratuit pour les patients et visiteurs<\/a><\/h4><\/div><\/article><\/section><\/div><div class=\"fusion-sep-clear\"><\/div><div class=\"fusion-separator fusion-full-width-sep\" style=\"margin-left: auto;margin-right: auto;margin-bottom:2%;width:100%;\"><\/div><div class=\"fusion-sep-clear\"><\/div><div class=\"fusion-text fusion-text-6\"><h3 style=\"text-align: center\" data-fontsize=\"22\" data-lineheight=\"33\"><span style=\"color: #333333\">SUIVEZ-NOUS<br \/>\n<\/span><\/h3>\n<div class=\"fusion-sep-clear\"><\/div><div class=\"fusion-separator fusion-no-small-visibility fusion-no-medium-visibility\" style=\"margin-left: auto;margin-right: auto;margin-top:-5%;margin-bottom:4%;width:100%;max-width:15%;\"><div class=\"fusion-separator-border sep-single sep-solid\" style=\"--awb-height:20px;--awb-amount:20px;--awb-sep-color:#3abfbf;border-color:#3abfbf;border-top-width:5px;\"><\/div><\/div><div class=\"fusion-sep-clear\"><\/div>\n<\/div><div class=\"fusion-widget-area awb-widget-area-element fusion-widget-area-2 fusion-content-widget-area\" style=\"--awb-title-color:#333333;--awb-padding:0px 0px 0px 0px;\">\n\t\t<section id=\"recent-posts-7\" class=\"widget widget_recent_entries\">\n\t\t<div class=\"heading\"><h4 class=\"widget-title\">Articles r\u00e9cents<\/h4><\/div>\n\t\t<ul>\n\t\t\t\t\t\t\t\t\t\t\t<li>\n\t\t\t\t\t<a href=\"https:\/\/www.service-public.pf\/dsp\/2026\/04\/27\/bulletin-de-surveillance-sanitaire-de-la-s16-2026\/\">Bulletin de Surveillance Sanitaire de la S16 2026<\/a>\n\t\t\t\t\t\t\t\t\t<\/li>\n\t\t\t\t\t\t\t\t\t\t\t<li>\n\t\t\t\t\t<a href=\"https:\/\/www.service-public.pf\/dsp\/2026\/04\/20\/bulletin-de-surveillance-sanitaire-de-la-s15-2026\/\">Bulletin de Surveillance Sanitaire de la S15 2026<\/a>\n\t\t\t\t\t\t\t\t\t<\/li>\n\t\t\t\t\t\t\t\t\t\t\t<li>\n\t\t\t\t\t<a href=\"https:\/\/www.service-public.pf\/dsp\/2026\/04\/13\/bulletin-de-surveillance-sanitaire-de-la-s14-2026\/\">Bulletin de Surveillance Sanitaire de la S14 2026<\/a>\n\t\t\t\t\t\t\t\t\t<\/li>\n\t\t\t\t\t\t\t\t\t\t\t<li>\n\t\t\t\t\t<a href=\"https:\/\/www.service-public.pf\/dsp\/2026\/04\/08\/bulletin-de-surveillance-sanitaire-de-la-s13-2026\/\">Bulletin de Surveillance Sanitaire de la S13 2026<\/a>\n\t\t\t\t\t\t\t\t\t<\/li>\n\t\t\t\t\t\t\t\t\t\t\t<li>\n\t\t\t\t\t<a href=\"https:\/\/www.service-public.pf\/dsp\/2026\/03\/30\/bulletin-de-surveillance-sanitaire-de-la-s12-2026\/\">Bulletin de Surveillance Sanitaire de la S12 2026<\/a>\n\t\t\t\t\t\t\t\t\t<\/li>\n\t\t\t\t\t<\/ul>\n\n\t\t<\/section><div class=\"fusion-additional-widget-content\"><\/div><\/div><div class=\"fusion-sep-clear\"><\/div><div class=\"fusion-separator fusion-full-width-sep\" style=\"margin-left: auto;margin-right: auto;margin-bottom:2%;width:100%;\"><\/div><div class=\"fusion-sep-clear\"><\/div><\/div><\/div><div class=\"fusion-clearfix\"><\/div><\/div><\/div><\/div><\/div>\n","protected":false},"excerpt":{"rendered":"<p>Ne renoncez pas aux soins ! Aucun patient ne se verra refuser une prise en charge adapt\u00e9e \u00e0 son \u00e9tat de sant\u00e9. Avec le pass sanitaire, les modalit\u00e9s d&rsquo;accueil de nos h\u00f4pitaux \u00e9voluent. Attention, m\u00eame avec votre pass sanitaire, le port du masque reste obligatoire.<\/p>\n","protected":false},"author":235,"featured_media":27160,"comment_status":"closed","ping_status":"closed","sticky":true,"template":"","format":"standard","meta":{"_seopress_robots_primary_cat":"54","_seopress_titles_title":"","_seopress_titles_desc":"","_seopress_robots_index":"","footnotes":""},"categories":[36,54,80],"tags":[398,513,538],"class_list":["post-27131","post","type-post","status-publish","format-standard","has-post-thumbnail","hentry","category-actualite","category-communique-de-presse","category-dossier-de-presse","tag-actualites","tag-actualites-covid","tag-pass-sanitaire"],"_links":{"self":[{"href":"https:\/\/www.service-public.pf\/dsp\/wp-json\/wp\/v2\/posts\/27131","targetHints":{"allow":["GET"]}}],"collection":[{"href":"https:\/\/www.service-public.pf\/dsp\/wp-json\/wp\/v2\/posts"}],"about":[{"href":"https:\/\/www.service-public.pf\/dsp\/wp-json\/wp\/v2\/types\/post"}],"author":[{"embeddable":true,"href":"https:\/\/www.service-public.pf\/dsp\/wp-json\/wp\/v2\/users\/235"}],"replies":[{"embeddable":true,"href":"https:\/\/www.service-public.pf\/dsp\/wp-json\/wp\/v2\/comments?post=27131"}],"version-history":[{"count":0,"href":"https:\/\/www.service-public.pf\/dsp\/wp-json\/wp\/v2\/posts\/27131\/revisions"}],"wp:featuredmedia":[{"embeddable":true,"href":"https:\/\/www.service-public.pf\/dsp\/wp-json\/wp\/v2\/media\/27160"}],"wp:attachment":[{"href":"https:\/\/www.service-public.pf\/dsp\/wp-json\/wp\/v2\/media?parent=27131"}],"wp:term":[{"taxonomy":"category","embeddable":true,"href":"https:\/\/www.service-public.pf\/dsp\/wp-json\/wp\/v2\/categories?post=27131"},{"taxonomy":"post_tag","embeddable":true,"href":"https:\/\/www.service-public.pf\/dsp\/wp-json\/wp\/v2\/tags?post=27131"}],"curies":[{"name":"wp","href":"https:\/\/api.w.org\/{rel}","templated":true}]}}