{"id":50064,"date":"2023-08-23T15:30:57","date_gmt":"2023-08-24T01:30:57","guid":{"rendered":"https:\/\/www.service-public.pf\/dsp\/?p=50064"},"modified":"2023-08-23T15:45:08","modified_gmt":"2023-08-24T01:45:08","slug":"mammographe-des-marquises-sud-partenariat-entre-le-ministere-de-la-sante","status":"publish","type":"post","link":"https:\/\/www.service-public.pf\/dsp\/2023\/08\/23\/mammographe-des-marquises-sud-partenariat-entre-le-ministere-de-la-sante\/","title":{"rendered":"Mammographe des Marquises Sud : Partenariat entre le minist\u00e8re de la Sant\u00e9"},"content":{"rendered":"<p><div class=\"fusion-fullwidth fullwidth-box fusion-builder-row-1 hundred-percent-fullwidth non-hundred-percent-height-scrolling fusion-no-small-visibility fusion-no-medium-visibility\" style=\"--awb-border-radius-top-left:0px;--awb-border-radius-top-right:0px;--awb-border-radius-bottom-right:0px;--awb-border-radius-bottom-left:0px;--awb-padding-top:2%;--awb-padding-right:2%;--awb-padding-left:2%;--awb-flex-wrap:wrap;\" ><div class=\"fusion-builder-row fusion-row\"><div class=\"fusion-layout-column fusion_builder_column fusion-builder-column-0 fusion_builder_column_2_3 2_3 fusion-two-third fusion-column-first fusion-column-no-min-height fusion-no-small-visibility\" style=\"--awb-padding-left:100px;--awb-bg-size:cover;--awb-margin-bottom:0px;width:66.666666666667%;width:calc(66.666666666667% - ( ( 3% ) * 0.66666666666667 ) );margin-right: 3%;\"><div class=\"fusion-column-wrapper fusion-column-has-shadow fusion-flex-column-wrapper-legacy\"><div class=\"fusion-title title fusion-title-1 fusion-sep-none fusion-title-text fusion-title-size-one\" style=\"--awb-text-color:#3abfbf;--awb-margin-top-small:0px;--awb-margin-right-small:0px;--awb-margin-bottom-small:20px;--awb-margin-left-small:0px;\"><h1 class=\"fusion-title-heading title-heading-left fusion-responsive-typography-calculated\" style=\"margin:0;--fontSize:34;line-height:1.4;\"><h1 class=\"fusion-responsive-typography-calculated\" style=\"text-align: center\" data-fontsize=\"34\" data-lineheight=\"47.6px\"><strong>[ACTUALIT\u00c9S]<\/strong><\/h1>\n<p style=\"text-align: center\"><b>Mammographe des Marquises Sud : Partenariat entre le minist\u00e8re de la Sant\u00e9<\/b><\/p><\/h1><\/div><div class=\"fusion-image-element in-legacy-container\" style=\"--awb-caption-title-font-family:var(--h2_typography-font-family);--awb-caption-title-font-weight:var(--h2_typography-font-weight);--awb-caption-title-font-style:var(--h2_typography-font-style);--awb-caption-title-size:var(--h2_typography-font-size);--awb-caption-title-transform:var(--h2_typography-text-transform);--awb-caption-title-line-height:var(--h2_typography-line-height);--awb-caption-title-letter-spacing:var(--h2_typography-letter-spacing);\"><span class=\" fusion-imageframe imageframe-none imageframe-1 hover-type-none .actu-img1\"><img decoding=\"async\" width=\"300\" height=\"183\" title=\"2023 08 22 MSP MAMMOGRAPHE MARQUISES SUD 14 Scaled\" src=\"https:\/\/www.service-public.pf\/dsp\/wp-content\/uploads\/sites\/12\/2023\/08\/2023-08-22-MSP-MAMMOGRAPHE-MARQUISES-SUD-14-scaled-1-300x183.jpg\" alt class=\"img-responsive wp-image-50067\" srcset=\"https:\/\/www.service-public.pf\/dsp\/wp-content\/uploads\/sites\/12\/2023\/08\/2023-08-22-MSP-MAMMOGRAPHE-MARQUISES-SUD-14-scaled-1-200x122.jpg 200w, https:\/\/www.service-public.pf\/dsp\/wp-content\/uploads\/sites\/12\/2023\/08\/2023-08-22-MSP-MAMMOGRAPHE-MARQUISES-SUD-14-scaled-1-400x244.jpg 400w, https:\/\/www.service-public.pf\/dsp\/wp-content\/uploads\/sites\/12\/2023\/08\/2023-08-22-MSP-MAMMOGRAPHE-MARQUISES-SUD-14-scaled-1-600x367.jpg 600w, https:\/\/www.service-public.pf\/dsp\/wp-content\/uploads\/sites\/12\/2023\/08\/2023-08-22-MSP-MAMMOGRAPHE-MARQUISES-SUD-14-scaled-1-800x489.jpg 800w, https:\/\/www.service-public.pf\/dsp\/wp-content\/uploads\/sites\/12\/2023\/08\/2023-08-22-MSP-MAMMOGRAPHE-MARQUISES-SUD-14-scaled-1-1200x733.jpg 1200w\" sizes=\"(max-width: 1100px) 100vw, 800px\" \/><\/span><\/div><div class=\"fusion-sep-clear\"><\/div><div class=\"fusion-separator fusion-full-width-sep\" style=\"margin-left: auto;margin-right: auto;margin-bottom:20px;width:100%;\"><\/div><div class=\"fusion-sep-clear\"><\/div><div class=\"fusion-text fusion-text-1\" style=\"--awb-content-alignment:justify;\"><p><span style=\"font-weight: 400\">Ce mardi 22 ao\u00fbt, C\u00e9dric Mercadal, ministre de la Sant\u00e9 en charge de la Pr\u00e9vention et de la Protection sociale g\u00e9n\u00e9ralis\u00e9e, a sign\u00e9 une convention de partenariat avec Natacha Helme, Pr\u00e9sidente de la ligue contre le cancer, en pr\u00e9sence de Patricia Grand, Pr\u00e9sidente d\u2019honneur de l\u2019association, et de Taote Pierre Catteau, vice-Pr\u00e9sident.\u00a0<\/span><\/p>\n<p><span style=\"font-weight: 400\">Ce partenariat a pour objectif de permettre \u00e0 la <\/span><i><span style=\"font-weight: 400\">Ligue contre le Cancer<\/span><\/i><span style=\"font-weight: 400\"> de mener une campagne de pr\u00e9vention en collaboration avec la direction de la Sant\u00e9 dans le cadre du d\u00e9ploiement d\u2019un mammographe aux Marquises Sud. Il permettra de faciliter l\u2019acc\u00e8s au d\u00e9pistage du cancer du sein qui est le cancer le plus le plus r\u00e9pandu chez les femmes en Polyn\u00e9sie fran\u00e7aise, touchant environ 200 d\u2019entre elles chaque ann\u00e9e. En effet, les femmes des Marquises Sud sont actuellement oblig\u00e9es de se d\u00e9placer vers Nuku Hiva \u00e0 leurs frais pour effectuer des d\u00e9pistages et sont confront\u00e9es \u00e0 la raret\u00e9 des liaisons interinsulaires. Or un d\u00e9pistage pr\u00e9coce est capital dans la pr\u00e9vention de cette maladie.\u00a0<\/span><\/p>\n<p><span style=\"font-weight: 400\">Le mammographe, enti\u00e8rement financ\u00e9 par le Pays, est en cours d\u2019acquisition avec une installation pr\u00e9vue pour le premier trimestre 2024 au centre m\u00e9dical de Hiva-Oa. Ce projet permettra de r\u00e9duire l\u2019in\u00e9galit\u00e9 de l\u2019acc\u00e8s au d\u00e9pistage apr\u00e8s l\u2019installation d\u2019un premier mammographe aux Marquises Nord en juin 2018. Plus de 660 mammographies ont \u00e9t\u00e9 r\u00e9alis\u00e9es \u00e0 ce jour gr\u00e2ce \u00e0 quatre missions annuelles effectu\u00e9es par un m\u00e9decin radiologue dans le cadre des Consultations sp\u00e9cialis\u00e9es avanc\u00e9es (CSA) de la direction de la Sant\u00e9.<\/span><\/p>\n<p><span style=\"font-weight: 400\">Le ministre s\u2019est r\u00e9joui de ce partenariat qui s\u2019inscrit pleinement dans la volont\u00e9 gouvernementale de renforcer l\u2019offre de soins de proximit\u00e9 au b\u00e9n\u00e9fice des familles polyn\u00e9siennes, notamment dans les archipels \u00e9loign\u00e9s.<\/span><\/p>\n<\/div><div class=\"fusion-builder-row fusion-builder-row-inner fusion-row\"><div class=\"fusion-layout-column fusion_builder_column_inner fusion-builder-nested-column-0 fusion_builder_column_inner_1_2 1_2 fusion-one-half fusion-column-first\" style=\"--awb-bg-size:cover;width:50%;width:calc(50% - ( ( 4% ) * 0.5 ) );margin-right: 4%;\"><div class=\"fusion-column-wrapper fusion-column-has-shadow fusion-flex-column-wrapper-legacy\"><div class=\"fusion-image-element in-legacy-container\" style=\"--awb-caption-title-font-family:var(--h2_typography-font-family);--awb-caption-title-font-weight:var(--h2_typography-font-weight);--awb-caption-title-font-style:var(--h2_typography-font-style);--awb-caption-title-size:var(--h2_typography-font-size);--awb-caption-title-transform:var(--h2_typography-text-transform);--awb-caption-title-line-height:var(--h2_typography-line-height);--awb-caption-title-letter-spacing:var(--h2_typography-letter-spacing);\"><span class=\" fusion-imageframe imageframe-none imageframe-2 hover-type-none\"><img decoding=\"async\" width=\"300\" height=\"183\" title=\"Mammo\" src=\"https:\/\/www.service-public.pf\/dsp\/wp-content\/uploads\/sites\/12\/2023\/08\/Mammo-1-300x183.jpg\" alt class=\"img-responsive wp-image-50073\" srcset=\"https:\/\/www.service-public.pf\/dsp\/wp-content\/uploads\/sites\/12\/2023\/08\/Mammo-1-200x122.jpg 200w, https:\/\/www.service-public.pf\/dsp\/wp-content\/uploads\/sites\/12\/2023\/08\/Mammo-1-400x244.jpg 400w, https:\/\/www.service-public.pf\/dsp\/wp-content\/uploads\/sites\/12\/2023\/08\/Mammo-1-600x367.jpg 600w, https:\/\/www.service-public.pf\/dsp\/wp-content\/uploads\/sites\/12\/2023\/08\/Mammo-1-800x489.jpg 800w, https:\/\/www.service-public.pf\/dsp\/wp-content\/uploads\/sites\/12\/2023\/08\/Mammo-1.jpg 1200w\" sizes=\"(max-width: 1100px) 100vw, 600px\" \/><\/span><\/div><div class=\"fusion-clearfix\"><\/div><\/div><\/div><div class=\"fusion-layout-column fusion_builder_column_inner fusion-builder-nested-column-1 fusion_builder_column_inner_1_2 1_2 fusion-one-half fusion-column-last\" style=\"--awb-bg-size:cover;width:50%;width:calc(50% - ( ( 4% ) * 0.5 ) );\"><div class=\"fusion-column-wrapper fusion-column-has-shadow fusion-flex-column-wrapper-legacy\"><div class=\"fusion-image-element in-legacy-container\" style=\"--awb-caption-title-font-family:var(--h2_typography-font-family);--awb-caption-title-font-weight:var(--h2_typography-font-weight);--awb-caption-title-font-style:var(--h2_typography-font-style);--awb-caption-title-size:var(--h2_typography-font-size);--awb-caption-title-transform:var(--h2_typography-text-transform);--awb-caption-title-line-height:var(--h2_typography-line-height);--awb-caption-title-letter-spacing:var(--h2_typography-letter-spacing);\"><span class=\" fusion-imageframe imageframe-none imageframe-3 hover-type-none\"><img decoding=\"async\" width=\"300\" height=\"183\" title=\"2023 08 22 MSP MAMMOGRAPHE MARQUISES SUD 2 Scaled\" src=\"https:\/\/www.service-public.pf\/dsp\/wp-content\/uploads\/sites\/12\/2023\/08\/2023-08-22-MSP-MAMMOGRAPHE-MARQUISES-SUD-2-scaled-1-300x183.jpg\" alt class=\"img-responsive wp-image-50066\" srcset=\"https:\/\/www.service-public.pf\/dsp\/wp-content\/uploads\/sites\/12\/2023\/08\/2023-08-22-MSP-MAMMOGRAPHE-MARQUISES-SUD-2-scaled-1-200x122.jpg 200w, https:\/\/www.service-public.pf\/dsp\/wp-content\/uploads\/sites\/12\/2023\/08\/2023-08-22-MSP-MAMMOGRAPHE-MARQUISES-SUD-2-scaled-1-400x244.jpg 400w, https:\/\/www.service-public.pf\/dsp\/wp-content\/uploads\/sites\/12\/2023\/08\/2023-08-22-MSP-MAMMOGRAPHE-MARQUISES-SUD-2-scaled-1-600x367.jpg 600w, https:\/\/www.service-public.pf\/dsp\/wp-content\/uploads\/sites\/12\/2023\/08\/2023-08-22-MSP-MAMMOGRAPHE-MARQUISES-SUD-2-scaled-1-800x489.jpg 800w, https:\/\/www.service-public.pf\/dsp\/wp-content\/uploads\/sites\/12\/2023\/08\/2023-08-22-MSP-MAMMOGRAPHE-MARQUISES-SUD-2-scaled-1-1200x733.jpg 1200w\" sizes=\"(max-width: 1100px) 100vw, 600px\" \/><\/span><\/div><div class=\"fusion-clearfix\"><\/div><\/div><\/div><\/div><style>\n span {\n   width:100%;\n  \n}\nimg{\n   \t width:100%;\n   }\n\n<\/style><div class=\"fusion-clearfix\"><\/div><\/div><\/div><div class=\"fusion-layout-column fusion_builder_column fusion-builder-column-1 fusion_builder_column_1_4 1_4 fusion-one-fourth fusion-column-last fusion-column-no-min-height fusion-no-small-visibility fusion-no-medium-visibility\" style=\"--awb-padding-right:10px;--awb-padding-left:10px;--awb-bg-color:#f7f7f7;--awb-bg-color-hover:#f7f7f7;--awb-bg-size:cover;--awb-margin-bottom:0px;width:25%;width:calc(25% - ( ( 3% ) * 0.25 ) );\"><div class=\"fusion-column-wrapper fusion-column-has-shadow fusion-flex-column-wrapper-legacy\"><div class=\"fusion-column-content-centered\"><div class=\"fusion-column-content\"><div class=\"fusion-text fusion-text-2\"><h3 style=\"text-align: center\" data-fontsize=\"22\" data-lineheight=\"33\"><span style=\"color: #333333\">NOS ACTUALIT\u00c9S<\/span><\/h3>\n<div class=\"fusion-sep-clear\"><\/div><div class=\"fusion-separator fusion-no-small-visibility fusion-no-medium-visibility\" style=\"margin-left: auto;margin-right: auto;margin-top:-5%;margin-bottom:4%;width:100%;max-width:15%;\"><div class=\"fusion-separator-border sep-single sep-solid\" style=\"--awb-height:20px;--awb-amount:20px;--awb-sep-color:#3abfbf;border-color:#3abfbf;border-top-width:5px;\"><\/div><\/div><div class=\"fusion-sep-clear\"><\/div>\n<\/div><div class=\"fusion-sep-clear\"><\/div><div class=\"fusion-separator fusion-full-width-sep\" style=\"margin-left: auto;margin-right: auto;margin-bottom:2%;width:100%;\"><\/div><div class=\"fusion-sep-clear\"><\/div><div class=\"fusion-recent-posts fusion-recent-posts-1 avada-container layout-default layout-columns-1\"><section class=\"fusion-columns columns fusion-columns-1 columns-1\"><article class=\"post fusion-column column col col-lg-12 col-md-12 col-sm-12\"><div class=\"fusion-flexslider fusion-flexslider-loading flexslider flexslider-hover-type-none\"><ul class=\"slides\"><li><a href=\"https:\/\/www.service-public.pf\/dsp\/2026\/02\/16\/laccessibilite-la-representation-et-la-consommation-des-produits-locaux\/\" aria-label=\"Sondage sur l&rsquo;accessibilit\u00e9, la repr\u00e9sentation et la consommation des produits locaux\" class=\"hover-type-none\"><img decoding=\"async\" width=\"1172\" height=\"835\" src=\"https:\/\/www.service-public.pf\/dsp\/wp-content\/uploads\/sites\/12\/2026\/02\/saveurs.jpg\" class=\"attachment-full size-full\" alt=\"\" srcset=\"https:\/\/www.service-public.pf\/dsp\/wp-content\/uploads\/sites\/12\/2026\/02\/saveurs-200x142.jpg 200w, https:\/\/www.service-public.pf\/dsp\/wp-content\/uploads\/sites\/12\/2026\/02\/saveurs-400x285.jpg 400w, https:\/\/www.service-public.pf\/dsp\/wp-content\/uploads\/sites\/12\/2026\/02\/saveurs-600x427.jpg 600w, https:\/\/www.service-public.pf\/dsp\/wp-content\/uploads\/sites\/12\/2026\/02\/saveurs-800x570.jpg 800w, https:\/\/www.service-public.pf\/dsp\/wp-content\/uploads\/sites\/12\/2026\/02\/saveurs.jpg 1172w\" sizes=\"(min-width: 2200px) 100vw, (min-width: 640px) 1100px, \" \/><\/a><\/li><\/ul><\/div><div class=\"recent-posts-content\"><span class=\"vcard\" style=\"display: none;\"><span class=\"fn\"><a href=\"https:\/\/www.service-public.pf\/dsp\/author\/communicationds\/\" title=\"Articles par communicationds\" rel=\"author\">communicationds<\/a><\/span><\/span><span class=\"updated\" style=\"display:none;\">2026-02-17T08:09:46-10:00<\/span><h4 class=\"entry-title\"><a href=\"https:\/\/www.service-public.pf\/dsp\/2026\/02\/16\/laccessibilite-la-representation-et-la-consommation-des-produits-locaux\/\">Sondage sur l&rsquo;accessibilit\u00e9, la repr\u00e9sentation et la consommation des produits locaux<\/a><\/h4><\/div><\/article><article class=\"post fusion-column column col col-lg-12 col-md-12 col-sm-12\"><div class=\"fusion-flexslider fusion-flexslider-loading flexslider flexslider-hover-type-none\"><ul class=\"slides\"><li><a href=\"https:\/\/www.service-public.pf\/dsp\/2026\/02\/04\/charte-dutilisation-du-reseau-wifi-de-lhopital-duturoa\/\" aria-label=\"L&rsquo;h\u00f4pital d&rsquo;Uturoa s&rsquo;\u00e9quipe d&rsquo;un r\u00e9seau WiFi gratuit pour les patients et visiteurs\" class=\"hover-type-none\"><img decoding=\"async\" width=\"1920\" height=\"1080\" src=\"https:\/\/www.service-public.pf\/dsp\/wp-content\/uploads\/sites\/12\/2026\/02\/Hopital-de-Uturoa-Raiatea.png\" class=\"attachment-full size-full\" alt=\"\" srcset=\"https:\/\/www.service-public.pf\/dsp\/wp-content\/uploads\/sites\/12\/2026\/02\/Hopital-de-Uturoa-Raiatea-200x113.png 200w, https:\/\/www.service-public.pf\/dsp\/wp-content\/uploads\/sites\/12\/2026\/02\/Hopital-de-Uturoa-Raiatea-400x225.png 400w, https:\/\/www.service-public.pf\/dsp\/wp-content\/uploads\/sites\/12\/2026\/02\/Hopital-de-Uturoa-Raiatea-600x338.png 600w, https:\/\/www.service-public.pf\/dsp\/wp-content\/uploads\/sites\/12\/2026\/02\/Hopital-de-Uturoa-Raiatea-800x450.png 800w, https:\/\/www.service-public.pf\/dsp\/wp-content\/uploads\/sites\/12\/2026\/02\/Hopital-de-Uturoa-Raiatea-1200x675.png 1200w, https:\/\/www.service-public.pf\/dsp\/wp-content\/uploads\/sites\/12\/2026\/02\/Hopital-de-Uturoa-Raiatea.png 1920w\" sizes=\"(min-width: 2200px) 100vw, (min-width: 640px) 1100px, \" \/><\/a><\/li><\/ul><\/div><div class=\"recent-posts-content\"><span class=\"vcard\" style=\"display: none;\"><span class=\"fn\"><a href=\"https:\/\/www.service-public.pf\/dsp\/author\/communicationds\/\" title=\"Articles par communicationds\" rel=\"author\">communicationds<\/a><\/span><\/span><span class=\"updated\" style=\"display:none;\">2026-02-17T08:21:45-10:00<\/span><h4 class=\"entry-title\"><a href=\"https:\/\/www.service-public.pf\/dsp\/2026\/02\/04\/charte-dutilisation-du-reseau-wifi-de-lhopital-duturoa\/\">L&rsquo;h\u00f4pital d&rsquo;Uturoa s&rsquo;\u00e9quipe d&rsquo;un r\u00e9seau WiFi gratuit pour les patients et visiteurs<\/a><\/h4><\/div><\/article><article class=\"post fusion-column column col col-lg-12 col-md-12 col-sm-12\"><div class=\"fusion-flexslider fusion-flexslider-loading flexslider flexslider-hover-type-none\"><ul class=\"slides\"><li><a href=\"https:\/\/www.service-public.pf\/dsp\/2025\/12\/12\/felicitations-aux-premiers-diplomes-du-d-u-dechoscopie-de-depistage\/\" aria-label=\"F\u00e9licitations aux premiers dipl\u00f4m\u00e9s du D.U. d\u2019\u00e9choscopie de d\u00e9pistage !\" class=\"hover-type-none\"><img decoding=\"async\" width=\"2560\" height=\"2018\" src=\"https:\/\/www.service-public.pf\/dsp\/wp-content\/uploads\/sites\/12\/2025\/12\/DU-Equipe-RAA-1-scaled.jpg\" class=\"attachment-full size-full\" alt=\"\" srcset=\"https:\/\/www.service-public.pf\/dsp\/wp-content\/uploads\/sites\/12\/2025\/12\/DU-Equipe-RAA-1-200x158.jpg 200w, https:\/\/www.service-public.pf\/dsp\/wp-content\/uploads\/sites\/12\/2025\/12\/DU-Equipe-RAA-1-400x315.jpg 400w, https:\/\/www.service-public.pf\/dsp\/wp-content\/uploads\/sites\/12\/2025\/12\/DU-Equipe-RAA-1-600x473.jpg 600w, https:\/\/www.service-public.pf\/dsp\/wp-content\/uploads\/sites\/12\/2025\/12\/DU-Equipe-RAA-1-800x631.jpg 800w, https:\/\/www.service-public.pf\/dsp\/wp-content\/uploads\/sites\/12\/2025\/12\/DU-Equipe-RAA-1-1200x946.jpg 1200w, https:\/\/www.service-public.pf\/dsp\/wp-content\/uploads\/sites\/12\/2025\/12\/DU-Equipe-RAA-1-scaled.jpg 2560w\" sizes=\"(min-width: 2200px) 100vw, (min-width: 640px) 1100px, \" \/><\/a><\/li><\/ul><\/div><div class=\"recent-posts-content\"><span class=\"vcard\" style=\"display: none;\"><span class=\"fn\"><a href=\"https:\/\/www.service-public.pf\/dsp\/author\/communicationds\/\" title=\"Articles par communicationds\" rel=\"author\">communicationds<\/a><\/span><\/span><span class=\"updated\" style=\"display:none;\">2025-12-12T14:33:19-10:00<\/span><h4 class=\"entry-title\"><a href=\"https:\/\/www.service-public.pf\/dsp\/2025\/12\/12\/felicitations-aux-premiers-diplomes-du-d-u-dechoscopie-de-depistage\/\">F\u00e9licitations aux premiers dipl\u00f4m\u00e9s du D.U. d\u2019\u00e9choscopie de d\u00e9pistage !<\/a><\/h4><\/div><\/article><\/section><\/div><div class=\"fusion-sep-clear\"><\/div><div class=\"fusion-separator fusion-full-width-sep\" style=\"margin-left: auto;margin-right: auto;margin-bottom:2%;width:100%;\"><\/div><div class=\"fusion-sep-clear\"><\/div><div class=\"fusion-text fusion-text-3\"><h3 style=\"text-align: center\" data-fontsize=\"22\" data-lineheight=\"33\"><span style=\"color: #333333\">SUIVEZ-NOUS<br \/>\n<\/span><\/h3>\n<div class=\"fusion-sep-clear\"><\/div><div class=\"fusion-separator fusion-no-small-visibility fusion-no-medium-visibility\" style=\"margin-left: auto;margin-right: auto;margin-top:-5%;margin-bottom:4%;width:100%;max-width:15%;\"><div class=\"fusion-separator-border sep-single sep-solid\" style=\"--awb-height:20px;--awb-amount:20px;--awb-sep-color:#3abfbf;border-color:#3abfbf;border-top-width:5px;\"><\/div><\/div><div class=\"fusion-sep-clear\"><\/div>\n<\/div><div class=\"fusion-widget-area awb-widget-area-element fusion-widget-area-1 fusion-content-widget-area\" style=\"--awb-title-color:#333333;--awb-padding:0px 0px 0px 0px;\">\n\t\t<section id=\"recent-posts-7\" class=\"widget widget_recent_entries\">\n\t\t<div class=\"heading\"><h4 class=\"widget-title\">Articles r\u00e9cents<\/h4><\/div>\n\t\t<ul>\n\t\t\t\t\t\t\t\t\t\t\t<li>\n\t\t\t\t\t<a href=\"https:\/\/www.service-public.pf\/dsp\/2026\/04\/27\/bulletin-de-surveillance-sanitaire-de-la-s16-2026\/\">Bulletin de Surveillance Sanitaire de la S16 2026<\/a>\n\t\t\t\t\t\t\t\t\t<\/li>\n\t\t\t\t\t\t\t\t\t\t\t<li>\n\t\t\t\t\t<a href=\"https:\/\/www.service-public.pf\/dsp\/2026\/04\/20\/bulletin-de-surveillance-sanitaire-de-la-s15-2026\/\">Bulletin de Surveillance Sanitaire de la S15 2026<\/a>\n\t\t\t\t\t\t\t\t\t<\/li>\n\t\t\t\t\t\t\t\t\t\t\t<li>\n\t\t\t\t\t<a href=\"https:\/\/www.service-public.pf\/dsp\/2026\/04\/13\/bulletin-de-surveillance-sanitaire-de-la-s14-2026\/\">Bulletin de Surveillance Sanitaire de la S14 2026<\/a>\n\t\t\t\t\t\t\t\t\t<\/li>\n\t\t\t\t\t\t\t\t\t\t\t<li>\n\t\t\t\t\t<a href=\"https:\/\/www.service-public.pf\/dsp\/2026\/04\/08\/bulletin-de-surveillance-sanitaire-de-la-s13-2026\/\">Bulletin de Surveillance Sanitaire de la S13 2026<\/a>\n\t\t\t\t\t\t\t\t\t<\/li>\n\t\t\t\t\t\t\t\t\t\t\t<li>\n\t\t\t\t\t<a href=\"https:\/\/www.service-public.pf\/dsp\/2026\/03\/30\/bulletin-de-surveillance-sanitaire-de-la-s12-2026\/\">Bulletin de Surveillance Sanitaire de la S12 2026<\/a>\n\t\t\t\t\t\t\t\t\t<\/li>\n\t\t\t\t\t<\/ul>\n\n\t\t<\/section><div class=\"fusion-additional-widget-content\"><\/div><\/div><\/div><\/div><div class=\"fusion-clearfix\"><\/div><\/div><\/div><\/div><\/div><div class=\"fusion-fullwidth fullwidth-box fusion-builder-row-2 nonhundred-percent-fullwidth non-hundred-percent-height-scrolling fusion-no-large-visibility\" style=\"--awb-border-radius-top-left:0px;--awb-border-radius-top-right:0px;--awb-border-radius-bottom-right:0px;--awb-border-radius-bottom-left:0px;--awb-flex-wrap:wrap;\" ><div class=\"fusion-builder-row fusion-row\"><div class=\"fusion-layout-column fusion_builder_column fusion-builder-column-2 fusion_builder_column_1_1 1_1 fusion-one-full fusion-column-first fusion-column-last fusion-no-large-visibility\" style=\"--awb-bg-size:cover;--awb-margin-bottom:0px;\"><div class=\"fusion-column-wrapper fusion-column-has-shadow fusion-flex-column-wrapper-legacy\"><div class=\"fusion-title title fusion-title-2 fusion-sep-none fusion-title-center fusion-title-text fusion-title-size-one\" style=\"--awb-text-color:#3abfbf;--awb-margin-top-small:0px;--awb-margin-right-small:0px;--awb-margin-bottom-small:20px;--awb-margin-left-small:0px;\"><h1 class=\"fusion-title-heading title-heading-center fusion-responsive-typography-calculated\" style=\"margin:0;--fontSize:34;line-height:1.4;\"><p style=\"text-align: center\"><strong>C\u00e9r\u00e9monie de cl\u00f4ture de la plateforme Covid-19<\/strong><\/p><\/h1><\/div><div class=\"fusion-sep-clear\"><\/div><div class=\"fusion-separator fusion-full-width-sep\" style=\"margin-left: auto;margin-right: auto;margin-bottom:20px;width:100%;\"><\/div><div class=\"fusion-sep-clear\"><\/div><div class=\"fusion-text fusion-text-4\" style=\"--awb-content-alignment:justify;\"><p>La <em>Plateforme Covid-19<\/em> de la direction de la Sant\u00e9 a officiellement ferm\u00e9 ses portes ce mercredi 26 juillet. Pour l\u2019occasion, plusieurs personnalit\u00e9s et acteurs de la Sant\u00e9 ont \u00e9t\u00e9 convi\u00e9s \u00e0 la c\u00e9r\u00e9monie de cl\u00f4ture qui s\u2019est d\u00e9roul\u00e9e au 3\u00e8me \u00e9tage du b\u00e2timent de la direction de la Sant\u00e9 ce m\u00eame jour \u00e0 13h30 (immeuble Atitiafa, 56 rue du commandant Destremeau, \u00e0 c\u00f4t\u00e9 du mus\u00e9e de la perle Robert Wan).<\/p>\n<p>Depuis 2020, de nombreux acteurs du territoire se sont mobilis\u00e9s face \u00e0 cette crise sanitaire sans pr\u00e9c\u00e9dent. Cet \u00e9v\u00e9nement a permis de remercier ceux qui ont \u0153uvr\u00e9 durant trois ans \u00e0 prot\u00e9ger la population en informant, soignant et vaccinant contre la covid-19.<br \/>\nCette c\u00e9r\u00e9monie a \u00e9galement \u00e9t\u00e9 l\u2019occasion pour les responsables de la plateforme Covid-19 et de la vaccination de revenir sur les moments d\u00e9terminants de la crise sanitaire, depuis la d\u00e9couverte du premier cas \u00e0 Tahiti, \u00e0 la fin des syst\u00e8mes d\u2019information du pass sanitaire et des QR codes.<\/p>\n<\/div><div class=\"fusion-sep-clear\"><\/div><div class=\"fusion-separator fusion-full-width-sep\" style=\"margin-left: auto;margin-right: auto;margin-bottom:20px;width:100%;\"><\/div><div class=\"fusion-sep-clear\"><\/div><div class=\"fusion-clearfix\"><\/div><\/div><\/div><div class=\"fusion-layout-column fusion_builder_column fusion-builder-column-3 fusion_builder_column_1_1 1_1 fusion-one-full fusion-column-first fusion-column-last\" style=\"--awb-bg-size:cover;\"><div class=\"fusion-column-wrapper fusion-column-has-shadow fusion-flex-column-wrapper-legacy\"><div class=\"fusion-text fusion-text-5\"><h3 style=\"text-align: center\" data-fontsize=\"22\" data-lineheight=\"33\"><span style=\"color: #333333\">NOS ACTUALIT\u00c9S<\/span><\/h3>\n<div class=\"fusion-sep-clear\"><\/div><div class=\"fusion-separator fusion-no-small-visibility fusion-no-medium-visibility\" style=\"margin-left: auto;margin-right: auto;margin-top:-5%;margin-bottom:4%;width:100%;max-width:15%;\"><div class=\"fusion-separator-border sep-single sep-solid\" style=\"--awb-height:20px;--awb-amount:20px;--awb-sep-color:#3abfbf;border-color:#3abfbf;border-top-width:5px;\"><\/div><\/div><div class=\"fusion-sep-clear\"><\/div>\n<\/div><div class=\"fusion-sep-clear\"><\/div><div class=\"fusion-separator fusion-full-width-sep\" style=\"margin-left: auto;margin-right: auto;margin-bottom:2%;width:100%;\"><\/div><div class=\"fusion-sep-clear\"><\/div><div class=\"fusion-recent-posts fusion-recent-posts-2 avada-container layout-default layout-columns-1\"><section class=\"fusion-columns columns fusion-columns-1 columns-1\"><article class=\"post fusion-column column col col-lg-12 col-md-12 col-sm-12\"><div class=\"fusion-flexslider fusion-flexslider-loading flexslider flexslider-hover-type-none\"><ul class=\"slides\"><li><a href=\"https:\/\/www.service-public.pf\/dsp\/2026\/03\/19\/licence-commercialisation-tabac\/\" aria-label=\"Tabac et vapotage : la demande de licence peut d\u00e9sormais se faire en ligne\" class=\"hover-type-none\"><img decoding=\"async\" width=\"700\" height=\"441\" src=\"https:\/\/www.service-public.pf\/dsp\/wp-content\/uploads\/sites\/12\/2026\/03\/DSP-Tabac-700x441.png\" class=\"attachment-recent-posts size-recent-posts\" alt=\"\" srcset=\"https:\/\/www.service-public.pf\/dsp\/wp-content\/uploads\/sites\/12\/2026\/03\/DSP-Tabac-320x202.png 320w, https:\/\/www.service-public.pf\/dsp\/wp-content\/uploads\/sites\/12\/2026\/03\/DSP-Tabac-700x441.png 700w\" sizes=\"(max-width: 700px) 100vw, 700px\" \/><\/a><\/li><\/ul><\/div><div class=\"recent-posts-content\"><span class=\"vcard\" style=\"display: none;\"><span class=\"fn\"><a href=\"https:\/\/www.service-public.pf\/dsp\/author\/communicationds\/\" title=\"Articles par communicationds\" rel=\"author\">communicationds<\/a><\/span><\/span><span class=\"updated\" style=\"display:none;\">2026-03-26T07:30:09-10:00<\/span><h4 class=\"entry-title\"><a href=\"https:\/\/www.service-public.pf\/dsp\/2026\/03\/19\/licence-commercialisation-tabac\/\">Tabac et vapotage : la demande de licence peut d\u00e9sormais se faire en ligne<\/a><\/h4><p class=\"meta\"><span class=\"vcard\" style=\"display: none;\"><span class=\"fn\"><a href=\"https:\/\/www.service-public.pf\/dsp\/author\/communicationds\/\" title=\"Articles par communicationds\" rel=\"author\">communicationds<\/a><\/span><\/span><span class=\"updated\" style=\"display:none;\">2026-03-26T07:30:09-10:00<\/span><span>19 mars 2026<\/span><span class=\"fusion-inline-sep\">|<\/span><\/p><\/div><\/article><article class=\"post fusion-column column col col-lg-12 col-md-12 col-sm-12\"><div class=\"fusion-flexslider fusion-flexslider-loading flexslider flexslider-hover-type-none\"><ul class=\"slides\"><li><a href=\"https:\/\/www.service-public.pf\/dsp\/2026\/02\/16\/laccessibilite-la-representation-et-la-consommation-des-produits-locaux\/\" aria-label=\"Sondage sur l&rsquo;accessibilit\u00e9, la repr\u00e9sentation et la consommation des produits locaux\" class=\"hover-type-none\"><img decoding=\"async\" width=\"700\" height=\"441\" src=\"https:\/\/www.service-public.pf\/dsp\/wp-content\/uploads\/sites\/12\/2026\/02\/saveurs-700x441.jpg\" class=\"attachment-recent-posts size-recent-posts\" alt=\"\" srcset=\"https:\/\/www.service-public.pf\/dsp\/wp-content\/uploads\/sites\/12\/2026\/02\/saveurs-320x202.jpg 320w, https:\/\/www.service-public.pf\/dsp\/wp-content\/uploads\/sites\/12\/2026\/02\/saveurs-700x441.jpg 700w\" sizes=\"(max-width: 700px) 100vw, 700px\" \/><\/a><\/li><\/ul><\/div><div class=\"recent-posts-content\"><span class=\"vcard\" style=\"display: none;\"><span class=\"fn\"><a href=\"https:\/\/www.service-public.pf\/dsp\/author\/communicationds\/\" title=\"Articles par communicationds\" rel=\"author\">communicationds<\/a><\/span><\/span><span class=\"updated\" style=\"display:none;\">2026-02-17T08:09:46-10:00<\/span><h4 class=\"entry-title\"><a href=\"https:\/\/www.service-public.pf\/dsp\/2026\/02\/16\/laccessibilite-la-representation-et-la-consommation-des-produits-locaux\/\">Sondage sur l&rsquo;accessibilit\u00e9, la repr\u00e9sentation et la consommation des produits locaux<\/a><\/h4><p class=\"meta\"><span class=\"vcard\" style=\"display: none;\"><span class=\"fn\"><a href=\"https:\/\/www.service-public.pf\/dsp\/author\/communicationds\/\" title=\"Articles par communicationds\" rel=\"author\">communicationds<\/a><\/span><\/span><span class=\"updated\" style=\"display:none;\">2026-02-17T08:09:46-10:00<\/span><span>16 f\u00e9vrier 2026<\/span><span class=\"fusion-inline-sep\">|<\/span><\/p><\/div><\/article><article class=\"post fusion-column column col col-lg-12 col-md-12 col-sm-12\"><div class=\"fusion-flexslider fusion-flexslider-loading flexslider flexslider-hover-type-none\"><ul class=\"slides\"><li><a href=\"https:\/\/www.service-public.pf\/dsp\/2026\/02\/04\/charte-dutilisation-du-reseau-wifi-de-lhopital-duturoa\/\" aria-label=\"L&rsquo;h\u00f4pital d&rsquo;Uturoa s&rsquo;\u00e9quipe d&rsquo;un r\u00e9seau WiFi gratuit pour les patients et visiteurs\" class=\"hover-type-none\"><img decoding=\"async\" width=\"700\" height=\"441\" src=\"https:\/\/www.service-public.pf\/dsp\/wp-content\/uploads\/sites\/12\/2026\/02\/Hopital-de-Uturoa-Raiatea-700x441.png\" class=\"attachment-recent-posts size-recent-posts\" alt=\"\" srcset=\"https:\/\/www.service-public.pf\/dsp\/wp-content\/uploads\/sites\/12\/2026\/02\/Hopital-de-Uturoa-Raiatea-320x202.png 320w, https:\/\/www.service-public.pf\/dsp\/wp-content\/uploads\/sites\/12\/2026\/02\/Hopital-de-Uturoa-Raiatea-700x441.png 700w\" sizes=\"(max-width: 700px) 100vw, 700px\" \/><\/a><\/li><\/ul><\/div><div class=\"recent-posts-content\"><span class=\"vcard\" style=\"display: none;\"><span class=\"fn\"><a href=\"https:\/\/www.service-public.pf\/dsp\/author\/communicationds\/\" title=\"Articles par communicationds\" rel=\"author\">communicationds<\/a><\/span><\/span><span class=\"updated\" style=\"display:none;\">2026-02-17T08:21:45-10:00<\/span><h4 class=\"entry-title\"><a href=\"https:\/\/www.service-public.pf\/dsp\/2026\/02\/04\/charte-dutilisation-du-reseau-wifi-de-lhopital-duturoa\/\">L&rsquo;h\u00f4pital d&rsquo;Uturoa s&rsquo;\u00e9quipe d&rsquo;un r\u00e9seau WiFi gratuit pour les patients et visiteurs<\/a><\/h4><p class=\"meta\"><span class=\"vcard\" style=\"display: none;\"><span class=\"fn\"><a href=\"https:\/\/www.service-public.pf\/dsp\/author\/communicationds\/\" title=\"Articles par communicationds\" rel=\"author\">communicationds<\/a><\/span><\/span><span class=\"updated\" style=\"display:none;\">2026-02-17T08:21:45-10:00<\/span><span>4 f\u00e9vrier 2026<\/span><span class=\"fusion-inline-sep\">|<\/span><\/p><\/div><\/article><\/section><\/div><div class=\"fusion-sep-clear\"><\/div><div class=\"fusion-separator fusion-full-width-sep\" style=\"margin-left: auto;margin-right: auto;margin-bottom:2%;width:100%;\"><\/div><div class=\"fusion-sep-clear\"><\/div><div class=\"fusion-text fusion-text-6\"><h3 style=\"text-align: center\" data-fontsize=\"22\" data-lineheight=\"33\"><span style=\"color: #333333\">SUIVEZ-NOUS<br \/>\n<\/span><\/h3>\n<div class=\"fusion-sep-clear\"><\/div><div class=\"fusion-separator fusion-no-small-visibility fusion-no-medium-visibility\" style=\"margin-left: auto;margin-right: auto;margin-top:-5%;margin-bottom:4%;width:100%;max-width:15%;\"><div class=\"fusion-separator-border sep-single sep-solid\" style=\"--awb-height:20px;--awb-amount:20px;--awb-sep-color:#3abfbf;border-color:#3abfbf;border-top-width:5px;\"><\/div><\/div><div class=\"fusion-sep-clear\"><\/div>\n<\/div><div class=\"fusion-widget-area awb-widget-area-element fusion-widget-area-2 fusion-content-widget-area\" style=\"--awb-title-color:#333333;--awb-padding:0px 0px 0px 0px;\">\n\t\t<section id=\"recent-posts-7\" class=\"widget widget_recent_entries\">\n\t\t<div class=\"heading\"><h4 class=\"widget-title\">Articles r\u00e9cents<\/h4><\/div>\n\t\t<ul>\n\t\t\t\t\t\t\t\t\t\t\t<li>\n\t\t\t\t\t<a href=\"https:\/\/www.service-public.pf\/dsp\/2026\/04\/27\/bulletin-de-surveillance-sanitaire-de-la-s16-2026\/\">Bulletin de Surveillance Sanitaire de la S16 2026<\/a>\n\t\t\t\t\t\t\t\t\t<\/li>\n\t\t\t\t\t\t\t\t\t\t\t<li>\n\t\t\t\t\t<a href=\"https:\/\/www.service-public.pf\/dsp\/2026\/04\/20\/bulletin-de-surveillance-sanitaire-de-la-s15-2026\/\">Bulletin de Surveillance Sanitaire de la S15 2026<\/a>\n\t\t\t\t\t\t\t\t\t<\/li>\n\t\t\t\t\t\t\t\t\t\t\t<li>\n\t\t\t\t\t<a href=\"https:\/\/www.service-public.pf\/dsp\/2026\/04\/13\/bulletin-de-surveillance-sanitaire-de-la-s14-2026\/\">Bulletin de Surveillance Sanitaire de la S14 2026<\/a>\n\t\t\t\t\t\t\t\t\t<\/li>\n\t\t\t\t\t\t\t\t\t\t\t<li>\n\t\t\t\t\t<a href=\"https:\/\/www.service-public.pf\/dsp\/2026\/04\/08\/bulletin-de-surveillance-sanitaire-de-la-s13-2026\/\">Bulletin de Surveillance Sanitaire de la S13 2026<\/a>\n\t\t\t\t\t\t\t\t\t<\/li>\n\t\t\t\t\t\t\t\t\t\t\t<li>\n\t\t\t\t\t<a href=\"https:\/\/www.service-public.pf\/dsp\/2026\/03\/30\/bulletin-de-surveillance-sanitaire-de-la-s12-2026\/\">Bulletin de Surveillance Sanitaire de la S12 2026<\/a>\n\t\t\t\t\t\t\t\t\t<\/li>\n\t\t\t\t\t<\/ul>\n\n\t\t<\/section><div class=\"fusion-additional-widget-content\"><\/div><\/div><div class=\"fusion-sep-clear\"><\/div><div class=\"fusion-separator fusion-full-width-sep\" style=\"margin-left: auto;margin-right: auto;margin-bottom:2%;width:100%;\"><\/div><div class=\"fusion-sep-clear\"><\/div><div class=\"fusion-clearfix\"><\/div><\/div><\/div><\/div><\/div><\/p>\n","protected":false},"excerpt":{"rendered":"<p>C\u00e9r\u00e9monie de cl\u00f4ture de la plateforme Covid-19<\/p>\n","protected":false},"author":262,"featured_media":50067,"comment_status":"closed","ping_status":"closed","sticky":false,"template":"","format":"standard","meta":{"_seopress_robots_primary_cat":"54","_seopress_titles_title":"Mammographe des Marquises Sud : Partenariat entre le minist\u00e8re de la Sant\u00e9","_seopress_titles_desc":"Ce mardi 22 ao\u00fbt, C\u00e9dric Mercadal, ministre de la Sant\u00e9 en charge de la Pr\u00e9vention et de la Protection sociale g\u00e9n\u00e9ralis\u00e9e, a sign\u00e9 une convention de partenariat avec Natacha Helme, Pr\u00e9sidente de la ligue contre le cancer, en pr\u00e9sence de Patricia Grand, Pr\u00e9sidente d\u2019honneur de l\u2019association, et de Taote Pierre Catteau, vice-Pr\u00e9sident. ","_seopress_robots_index":"","footnotes":""},"categories":[36,54,80],"tags":[398,415,70],"class_list":["post-50064","post","type-post","status-publish","format-standard","has-post-thumbnail","hentry","category-actualite","category-communique-de-presse","category-dossier-de-presse","tag-actualites","tag-communique-de-presse","tag-sante"],"_links":{"self":[{"href":"https:\/\/www.service-public.pf\/dsp\/wp-json\/wp\/v2\/posts\/50064","targetHints":{"allow":["GET"]}}],"collection":[{"href":"https:\/\/www.service-public.pf\/dsp\/wp-json\/wp\/v2\/posts"}],"about":[{"href":"https:\/\/www.service-public.pf\/dsp\/wp-json\/wp\/v2\/types\/post"}],"author":[{"embeddable":true,"href":"https:\/\/www.service-public.pf\/dsp\/wp-json\/wp\/v2\/users\/262"}],"replies":[{"embeddable":true,"href":"https:\/\/www.service-public.pf\/dsp\/wp-json\/wp\/v2\/comments?post=50064"}],"version-history":[{"count":0,"href":"https:\/\/www.service-public.pf\/dsp\/wp-json\/wp\/v2\/posts\/50064\/revisions"}],"wp:featuredmedia":[{"embeddable":true,"href":"https:\/\/www.service-public.pf\/dsp\/wp-json\/wp\/v2\/media\/50067"}],"wp:attachment":[{"href":"https:\/\/www.service-public.pf\/dsp\/wp-json\/wp\/v2\/media?parent=50064"}],"wp:term":[{"taxonomy":"category","embeddable":true,"href":"https:\/\/www.service-public.pf\/dsp\/wp-json\/wp\/v2\/categories?post=50064"},{"taxonomy":"post_tag","embeddable":true,"href":"https:\/\/www.service-public.pf\/dsp\/wp-json\/wp\/v2\/tags?post=50064"}],"curies":[{"name":"wp","href":"https:\/\/api.w.org\/{rel}","templated":true}]}}