{"id":57370,"date":"2025-01-09T09:52:30","date_gmt":"2025-01-09T19:52:30","guid":{"rendered":"https:\/\/www.service-public.pf\/dsp\/?p=57370"},"modified":"2025-01-29T11:02:34","modified_gmt":"2025-01-29T21:02:34","slug":"recrutement-directeur-adjoint-medical-h-f","status":"publish","type":"post","link":"https:\/\/www.service-public.pf\/dsp\/2025\/01\/09\/recrutement-directeur-adjoint-medical-h-f\/","title":{"rendered":"Recrutement &#8211; Directeur adjoint m\u00e9dical (H\/F)"},"content":{"rendered":"<p><div class=\"fusion-fullwidth fullwidth-box fusion-builder-row-1 fusion-flex-container hundred-percent-fullwidth non-hundred-percent-height-scrolling\" style=\"--awb-border-radius-top-left:0px;--awb-border-radius-top-right:0px;--awb-border-radius-bottom-right:0px;--awb-border-radius-bottom-left:0px;--awb-padding-top:2%;--awb-padding-right:2%;--awb-padding-left:2%;--awb-flex-wrap:wrap;\" ><div class=\"fusion-builder-row fusion-row fusion-flex-align-items-flex-start fusion-flex-justify-content-center fusion-flex-content-wrap\" style=\"width:104% !important;max-width:104% !important;margin-left: calc(-4% \/ 2 );margin-right: calc(-4% \/ 2 );\"><div class=\"fusion-layout-column fusion_builder_column fusion-builder-column-0 fusion_builder_column_2_3 2_3 fusion-flex-column fusion-flex-align-self-flex-start fusion-column-no-min-height\" style=\"--awb-padding-right:2%;--awb-padding-left:2%;--awb-padding-right-medium:2%;--awb-padding-left-medium:2%;--awb-padding-right-small:2%;--awb-padding-left-small:2%;--awb-bg-size:cover;--awb-width-large:66.666666666667%;--awb-margin-top-large:0px;--awb-spacing-right-large:0px;--awb-margin-bottom-large:0px;--awb-spacing-left-large:2.88%;--awb-width-medium:100%;--awb-order-medium:0;--awb-spacing-right-medium:1.92%;--awb-spacing-left-medium:1.92%;--awb-width-small:100%;--awb-order-small:0;--awb-spacing-right-small:1.92%;--awb-spacing-left-small:1.92%;\"><div class=\"fusion-column-wrapper fusion-column-has-shadow fusion-flex-justify-content-flex-start fusion-content-layout-column\"><div class=\"fusion-title title fusion-title-1 fusion-sep-none fusion-title-text fusion-title-size-one\" style=\"--awb-text-color:#3abfbf;--awb-margin-top-small:0px;--awb-margin-right-small:0px;--awb-margin-bottom-small:20px;--awb-margin-left-small:0px;\"><h1 class=\"fusion-title-heading title-heading-left fusion-responsive-typography-calculated\" style=\"margin:0;--fontSize:34;line-height:1.4;\"><h1 class=\"fusion-responsive-typography-calculated\" style=\"text-align: center\" data-fontsize=\"34\" data-lineheight=\"47.6px\"><strong>[ACTUALIT\u00c9S]<\/strong><\/h1>\n<p style=\"text-align: center\"><strong>Recrutement &#8211; Directeur adjoint m\u00e9dical (H\/F)<br \/>\n<\/strong><\/p><\/h1><\/div><div class=\"fusion-separator fusion-full-width-sep\" style=\"align-self: center;margin-left: auto;margin-right: auto;margin-bottom:20px;width:100%;\"><\/div><div class=\"fusion-text fusion-text-1\" style=\"--awb-content-alignment:justify;\"><div class=\"html-div xdj266r x11i5rnm xat24cr x1mh8g0r xexx8yu x4uap5 x18d9i69 xkhd6sd\" dir=\"auto\">\n<div class=\"html-div xdj266r x11i5rnm xat24cr x1mh8g0r xexx8yu x4uap5 x18d9i69 xkhd6sd\" data-ad-rendering-role=\"story_message\">\n<div id=\":rsg:\" class=\"x1l90r2v x1pi30zi x1swvt13 x1iorvi4\" data-ad-comet-preview=\"message\" data-ad-preview=\"message\">\n<div class=\"x78zum5 xdt5ytf xz62fqu x16ldp7u\">\n<div class=\"xu06os2 x1ok221b\">\n<div class=\"xdj266r x11i5rnm xat24cr x1mh8g0r x1vvkbs x126k92a\">\n<div dir=\"auto\"><\/div>\n<\/div>\n<div class=\"x11i5rnm xat24cr x1mh8g0r x1vvkbs xtlvy1s x126k92a\">\n<div dir=\"auto\"><span class=\"html-span xexx8yu x4uap5 x18d9i69 xkhd6sd x1hl2dhg x16tdsg8 x1vvkbs x3nfvp2 x1j61x8r x1fcty0u xdj266r xat24cr xgzva0m xhhsvwb xxymvpz xlup9mm x1kky2od\"><img decoding=\"async\" class=\"xz74otr\" src=\"https:\/\/static.xx.fbcdn.net\/images\/emoji.php\/v9\/t39\/1\/16\/1f4e2.png\" alt=\"\ud83d\udce2\" width=\"16\" height=\"16\" \/><\/span> La Direction de la sant\u00e9 recrute un directeur adjoint m\u00e9dical H\/F !<\/div>\n<div dir=\"auto\"><\/div>\n<\/div>\n<div class=\"x11i5rnm xat24cr x1mh8g0r x1vvkbs xtlvy1s x126k92a\">\n<div dir=\"auto\"><span class=\"html-span xexx8yu x4uap5 x18d9i69 xkhd6sd x1hl2dhg x16tdsg8 x1vvkbs x3nfvp2 x1j61x8r x1fcty0u xdj266r xat24cr xgzva0m xhhsvwb xxymvpz xlup9mm x1kky2od\"><img decoding=\"async\" class=\"xz74otr\" src=\"https:\/\/static.xx.fbcdn.net\/images\/emoji.php\/v9\/tf3\/1\/16\/1f539.png\" alt=\"\ud83d\udd39\" width=\"16\" height=\"16\" \/><\/span> Les missions attendues :<\/div>\n<div dir=\"auto\"><span class=\"html-span xexx8yu x4uap5 x18d9i69 xkhd6sd x1hl2dhg x16tdsg8 x1vvkbs x3nfvp2 x1j61x8r x1fcty0u xdj266r xat24cr xgzva0m xhhsvwb xxymvpz xlup9mm x1kky2od\"><img decoding=\"async\" class=\"xz74otr\" src=\"https:\/\/static.xx.fbcdn.net\/images\/emoji.php\/v9\/t51\/1\/16\/1f449.png\" alt=\"\ud83d\udc49\" width=\"16\" height=\"16\" \/><\/span> Assister le directeur de la sant\u00e9 dans l\u2019ex\u00e9cution des missions assign\u00e9es \u00e0 la Direction de la sant\u00e9,<\/div>\n<div dir=\"auto\"><span class=\"html-span xexx8yu x4uap5 x18d9i69 xkhd6sd x1hl2dhg x16tdsg8 x1vvkbs x3nfvp2 x1j61x8r x1fcty0u xdj266r xat24cr xgzva0m xhhsvwb xxymvpz xlup9mm x1kky2od\"><img decoding=\"async\" class=\"xz74otr\" src=\"https:\/\/static.xx.fbcdn.net\/images\/emoji.php\/v9\/t51\/1\/16\/1f449.png\" alt=\"\ud83d\udc49\" width=\"16\" height=\"16\" \/><\/span> Participer \u00e0 l\u2019\u00e9laboration et \u00e0 la mise en \u0153uvre du sch\u00e9ma d\u2019organisation sanitaire,<\/div>\n<div dir=\"auto\"><span class=\"html-span xexx8yu x4uap5 x18d9i69 xkhd6sd x1hl2dhg x16tdsg8 x1vvkbs x3nfvp2 x1j61x8r x1fcty0u xdj266r xat24cr xgzva0m xhhsvwb xxymvpz xlup9mm x1kky2od\"><img decoding=\"async\" class=\"xz74otr\" src=\"https:\/\/static.xx.fbcdn.net\/images\/emoji.php\/v9\/t51\/1\/16\/1f449.png\" alt=\"\ud83d\udc49\" width=\"16\" height=\"16\" \/><\/span> Contribuer \u00e0 la gestion et \u00e0 la mise en \u0153uvre du sch\u00e9ma d\u2019organisation sanitaire,<\/div>\n<div dir=\"auto\"><span class=\"html-span xexx8yu x4uap5 x18d9i69 xkhd6sd x1hl2dhg x16tdsg8 x1vvkbs x3nfvp2 x1j61x8r x1fcty0u xdj266r xat24cr xgzva0m xhhsvwb xxymvpz xlup9mm x1kky2od\"><img decoding=\"async\" class=\"xz74otr\" src=\"https:\/\/static.xx.fbcdn.net\/images\/emoji.php\/v9\/t51\/1\/16\/1f449.png\" alt=\"\ud83d\udc49\" width=\"16\" height=\"16\" \/><\/span> Mettre en place les outils et proc\u00e9dures de management favorisant l\u2019efficience et la qualit\u00e9,<\/div>\n<div dir=\"auto\"><span class=\"html-span xexx8yu x4uap5 x18d9i69 xkhd6sd x1hl2dhg x16tdsg8 x1vvkbs x3nfvp2 x1j61x8r x1fcty0u xdj266r xat24cr xgzva0m xhhsvwb xxymvpz xlup9mm x1kky2od\"><img decoding=\"async\" class=\"xz74otr\" src=\"https:\/\/static.xx.fbcdn.net\/images\/emoji.php\/v9\/t51\/1\/16\/1f449.png\" alt=\"\ud83d\udc49\" width=\"16\" height=\"16\" \/><\/span> Animer les \u00e9quipes pour garantir la r\u00e9alisation des objectifs op\u00e9rationnels,<\/div>\n<div dir=\"auto\"><span class=\"html-span xexx8yu x4uap5 x18d9i69 xkhd6sd x1hl2dhg x16tdsg8 x1vvkbs x3nfvp2 x1j61x8r x1fcty0u xdj266r xat24cr xgzva0m xhhsvwb xxymvpz xlup9mm x1kky2od\"><img decoding=\"async\" class=\"xz74otr\" src=\"https:\/\/static.xx.fbcdn.net\/images\/emoji.php\/v9\/t51\/1\/16\/1f449.png\" alt=\"\ud83d\udc49\" width=\"16\" height=\"16\" \/><\/span> Assurer la supervision des actions de surveillance \u00e9pid\u00e9miologique et de sant\u00e9 publique,<\/div>\n<div dir=\"auto\"><span class=\"html-span xexx8yu x4uap5 x18d9i69 xkhd6sd x1hl2dhg x16tdsg8 x1vvkbs x3nfvp2 x1j61x8r x1fcty0u xdj266r xat24cr xgzva0m xhhsvwb xxymvpz xlup9mm x1kky2od\"><img decoding=\"async\" class=\"xz74otr\" src=\"https:\/\/static.xx.fbcdn.net\/images\/emoji.php\/v9\/t51\/1\/16\/1f449.png\" alt=\"\ud83d\udc49\" width=\"16\" height=\"16\" \/><\/span> Piloter les d\u00e9marches qualit\u00e9, de planification et d\u2019\u00e9valuation,<\/div>\n<div dir=\"auto\"><span class=\"html-span xexx8yu x4uap5 x18d9i69 xkhd6sd x1hl2dhg x16tdsg8 x1vvkbs x3nfvp2 x1j61x8r x1fcty0u xdj266r xat24cr xgzva0m xhhsvwb xxymvpz xlup9mm x1kky2od\"><img decoding=\"async\" class=\"xz74otr\" src=\"https:\/\/static.xx.fbcdn.net\/images\/emoji.php\/v9\/t51\/1\/16\/1f449.png\" alt=\"\ud83d\udc49\" width=\"16\" height=\"16\" \/><\/span> D\u00e9velopper les partenariats strat\u00e9giques pour am\u00e9liorer la couverture et l\u2019acc\u00e8s aux soins.<\/div>\n<div dir=\"auto\"><\/div>\n<\/div>\n<div class=\"x11i5rnm xat24cr x1mh8g0r x1vvkbs xtlvy1s x126k92a\">\n<div dir=\"auto\"><span class=\"html-span xexx8yu x4uap5 x18d9i69 xkhd6sd x1hl2dhg x16tdsg8 x1vvkbs x3nfvp2 x1j61x8r x1fcty0u xdj266r xat24cr xgzva0m xhhsvwb xxymvpz xlup9mm x1kky2od\"><img decoding=\"async\" class=\"xz74otr\" src=\"https:\/\/static.xx.fbcdn.net\/images\/emoji.php\/v9\/tf3\/1\/16\/1f539.png\" alt=\"\ud83d\udd39\" width=\"16\" height=\"16\" \/><\/span> Profil recherch\u00e9 :<\/div>\n<div dir=\"auto\">Dipl\u00f4m\u00e9(e) d\u2019Etat de Docteur en m\u00e9decine<\/div>\n<div dir=\"auto\">Dipl\u00f4m\u00e9(e) d\u2019\u00e9tudes sp\u00e9cialis\u00e9es (DES) de sant\u00e9 publique et m\u00e9decine sociale ou Certificat d\u2019\u00e9tudes sp\u00e9cialis\u00e9es (CES) de sant\u00e9 publique<\/div>\n<div dir=\"auto\">Titre(s) ou dipl\u00f4me(s) permettant l\u2019exercice de la profession de m\u00e9decin sp\u00e9cialis\u00e9 en sant\u00e9 publique sur le territoire fran\u00e7ais.<\/div>\n<div dir=\"auto\"><\/div>\n<\/div>\n<div class=\"x11i5rnm xat24cr x1mh8g0r x1vvkbs xtlvy1s x126k92a\">\n<div dir=\"auto\"><span class=\"html-span xexx8yu x4uap5 x18d9i69 xkhd6sd x1hl2dhg x16tdsg8 x1vvkbs x3nfvp2 x1j61x8r x1fcty0u xdj266r xat24cr xgzva0m xhhsvwb xxymvpz xlup9mm x1kky2od\"><img decoding=\"async\" class=\"xz74otr\" src=\"https:\/\/static.xx.fbcdn.net\/images\/emoji.php\/v9\/tf3\/1\/16\/1f539.png\" alt=\"\ud83d\udd39\" width=\"16\" height=\"16\" \/><\/span> Pr\u00e9sentation de la structure (de sant\u00e9) :<\/div>\n<div dir=\"auto\">La Direction de la sant\u00e9 compte pr\u00e8s de 1200 agents r\u00e9partis dans les 125 structures du service. En savoir plus sur la Direction de la sant\u00e9 : <span class=\"html-span xdj266r x11i5rnm xat24cr x1mh8g0r xexx8yu x4uap5 x18d9i69 xkhd6sd x1hl2dhg x16tdsg8 x1vvkbs\"><a class=\"x1i10hfl xjbqb8w x1ejq31n xd10rxx x1sy0etr x17r0tee x972fbf xcfux6l x1qhh985 xm0m39n x9f619 x1ypdohk xt0psk2 xe8uvvx xdj266r x11i5rnm xat24cr x1mh8g0r xexx8yu x4uap5 x18d9i69 xkhd6sd x16tdsg8 x1hl2dhg xggy1nq x1a2a7pz x1sur9pj xkrqix3 x1fey0fg x1s688f\" role=\"link\" href=\"https:\/\/l.facebook.com\/l.php?u=https%3A%2F%2Fwww.service-public.pf%2Fdsp%2F%3Ffbclid%3DIwZXh0bgNhZW0CMTAAAR3G4LXanvrUQEt4XbKJnrBYCGyV2n0YDl_ITPplvWKnuhwS1c14s0lyxQg_aem_QtYAw39PRVKsVoXialytyw&amp;h=AT0kNpdea7aBqRN3_F_9PifHnlhlwxhkS1XoLXWxQ0KOHQYHqtFBAqG5UKppjezs4C1j4Er8ofHbDV20bdNst5UqOtQt-8CnhmX4qyfBLDw-mwmxmtRugsUL0cRcPEOh008R&amp;__tn__=-UK-R&amp;c%5B0%5D=AT1rlDBX_hWWTdNQmCvjztOlD6YM6wrPCqzNzynl3Wtyu9-u5ME8GL32oVGXg0J8rFSb9mBvO6FIiyw5Qy3QM3iNWVDSVcCy7UTZWjIrU8t_jJGdsYnn3qEY9r4t11fI5ZidQIMu18VWyQ1pZJC8lxhbPkFJvKUK769wnzEsRtvhZl75wjyabTcqL_3v_fmWEeSSgqKf_SMrMLDBUnj9nAGJTw\" target=\"_blank\" rel=\"nofollow noopener noreferrer\">https:\/\/www.service-public.pf\/dsp\/<\/a><\/span><\/div>\n<div dir=\"auto\"><\/div>\n<\/div>\n<div class=\"x11i5rnm xat24cr x1mh8g0r x1vvkbs xtlvy1s x126k92a\">\n<div dir=\"auto\"><span class=\"html-span xexx8yu x4uap5 x18d9i69 xkhd6sd x1hl2dhg x16tdsg8 x1vvkbs x3nfvp2 x1j61x8r x1fcty0u xdj266r xat24cr xgzva0m xhhsvwb xxymvpz xlup9mm x1kky2od\"><img decoding=\"async\" class=\"xz74otr\" src=\"https:\/\/static.xx.fbcdn.net\/images\/emoji.php\/v9\/tf3\/1\/16\/1f539.png\" alt=\"\ud83d\udd39\" width=\"16\" height=\"16\" \/><\/span> Localisation du poste : TAHITI \u2013 PAPEETE \u2013 PAOFAI \u2013 Immeuble ATITIAFA &#8211; Direction de la sant\u00e9 \u2013 Direction centrale<\/div>\n<div dir=\"auto\"><\/div>\n<\/div>\n<div class=\"x11i5rnm xat24cr x1mh8g0r x1vvkbs xtlvy1s x126k92a\">\n<div dir=\"auto\"><span class=\"html-span xexx8yu x4uap5 x18d9i69 xkhd6sd x1hl2dhg x16tdsg8 x1vvkbs x3nfvp2 x1j61x8r x1fcty0u xdj266r xat24cr xgzva0m xhhsvwb xxymvpz xlup9mm x1kky2od\"><img decoding=\"async\" class=\"xz74otr\" src=\"https:\/\/static.xx.fbcdn.net\/images\/emoji.php\/v9\/td\/1\/16\/1f4bc.png\" alt=\"\ud83d\udcbc\" width=\"16\" height=\"16\" \/><\/span> Int\u00e9ress\u00e9(e) ?<\/div>\n<div dir=\"auto\">Rendez-vous sur la plateforme de recrutement ARAVIHI :<\/div>\n<div dir=\"auto\"><span class=\"html-span xdj266r x11i5rnm xat24cr x1mh8g0r xexx8yu x4uap5 x18d9i69 xkhd6sd x1hl2dhg x16tdsg8 x1vvkbs\"><a class=\"x1i10hfl xjbqb8w x1ejq31n xd10rxx x1sy0etr x17r0tee x972fbf xcfux6l x1qhh985 xm0m39n x9f619 x1ypdohk xt0psk2 xe8uvvx xdj266r x11i5rnm xat24cr x1mh8g0r xexx8yu x4uap5 x18d9i69 xkhd6sd x16tdsg8 x1hl2dhg xggy1nq x1a2a7pz x1sur9pj xkrqix3 x1fey0fg x1s688f\" role=\"link\" href=\"https:\/\/l.facebook.com\/l.php?u=https%3A%2F%2Fwww.aravihi.gov.pf%2Foffre-de-emploi%2Femploi-directeur-adjoint-medical-6557_934.aspx%3Ffbclid%3DIwZXh0bgNhZW0CMTAAAR1oJYm4FttBA4EzN3NpqqOSy8RZkxWXkXlDZlx2mhsOSTQ7xOfAWvANU3o_aem_qZgqG1mOr9wy0k6CXKn2mg&amp;h=AT19A-JLiDI_mEDEwmj82m-SR6iPPdFhftEN4_ZhgaauLTBV9Cl73KGx1R7FBsiqcbE3oHfEtyvfYny16FrNn3w3kp00FW6VxjdPmJWZ1r3wdpo_EfqBIWI_NQfULyad2mrO&amp;__tn__=-UK-R&amp;c%5B0%5D=AT1rlDBX_hWWTdNQmCvjztOlD6YM6wrPCqzNzynl3Wtyu9-u5ME8GL32oVGXg0J8rFSb9mBvO6FIiyw5Qy3QM3iNWVDSVcCy7UTZWjIrU8t_jJGdsYnn3qEY9r4t11fI5ZidQIMu18VWyQ1pZJC8lxhbPkFJvKUK769wnzEsRtvhZl75wjyabTcqL_3v_fmWEeSSgqKf_SMrMLDBUnj9nAGJTw\" target=\"_blank\" rel=\"nofollow noopener noreferrer\">https:\/\/www.aravihi.gov.pf\/&#8230;\/emploi-directeur-adjoint&#8230;<\/a><\/span><\/div>\n<div dir=\"auto\">Pour y d\u00e9poser vos CV, lettre de motivation et copie de votre(vos) dipl\u00f4me(s)<\/div>\n<div dir=\"auto\"><span class=\"html-span xdj266r x11i5rnm xat24cr x1mh8g0r xexx8yu x4uap5 x18d9i69 xkhd6sd x1hl2dhg x16tdsg8 x1vvkbs\"><a class=\"x1i10hfl xjbqb8w x1ejq31n xd10rxx x1sy0etr x17r0tee x972fbf xcfux6l x1qhh985 xm0m39n x9f619 x1ypdohk xt0psk2 xe8uvvx xdj266r x11i5rnm xat24cr x1mh8g0r xexx8yu x4uap5 x18d9i69 xkhd6sd x16tdsg8 x1hl2dhg xggy1nq x1a2a7pz x1sur9pj xkrqix3 x1fey0fg x1s688f\" role=\"link\" href=\"https:\/\/www.facebook.com\/hashtag\/recrutement?__eep__=6&amp;__cft__%5B0%5D=AZVNzem1f2BWbhB2aNO4_Vbew6eAvGcyLkCsVIeeTYGUz3UBduEK9UxIgFNCTwtp2YllGCoQWdFlIS24jpiBbIoIVeX4C5zGRNEAvU4NImLykaBVdDieEJrWLBhQ_dus3tVtiAFPm_O3j7k6Nz2s1lBThnBa-e55QI-4s4ZEx1eZqjVjK8z_5-RRibOgwVycXsc&amp;__tn__=*NK-R\">#Recrutement<\/a><\/span> <span class=\"html-span xdj266r x11i5rnm xat24cr x1mh8g0r xexx8yu x4uap5 x18d9i69 xkhd6sd x1hl2dhg x16tdsg8 x1vvkbs\"><a class=\"x1i10hfl xjbqb8w x1ejq31n xd10rxx x1sy0etr x17r0tee x972fbf xcfux6l x1qhh985 xm0m39n x9f619 x1ypdohk xt0psk2 xe8uvvx xdj266r x11i5rnm xat24cr x1mh8g0r xexx8yu x4uap5 x18d9i69 xkhd6sd x16tdsg8 x1hl2dhg xggy1nq x1a2a7pz x1sur9pj xkrqix3 x1fey0fg x1s688f\" role=\"link\" href=\"https:\/\/www.facebook.com\/hashtag\/directiondelasant%C3%A9?__eep__=6&amp;__cft__%5B0%5D=AZVNzem1f2BWbhB2aNO4_Vbew6eAvGcyLkCsVIeeTYGUz3UBduEK9UxIgFNCTwtp2YllGCoQWdFlIS24jpiBbIoIVeX4C5zGRNEAvU4NImLykaBVdDieEJrWLBhQ_dus3tVtiAFPm_O3j7k6Nz2s1lBThnBa-e55QI-4s4ZEx1eZqjVjK8z_5-RRibOgwVycXsc&amp;__tn__=*NK-R\">#DirectionDeLaSant\u00e9<\/a><\/span> <span class=\"html-span xdj266r x11i5rnm xat24cr x1mh8g0r xexx8yu x4uap5 x18d9i69 xkhd6sd x1hl2dhg x16tdsg8 x1vvkbs\"><a class=\"x1i10hfl xjbqb8w x1ejq31n xd10rxx x1sy0etr x17r0tee x972fbf xcfux6l x1qhh985 xm0m39n x9f619 x1ypdohk xt0psk2 xe8uvvx xdj266r x11i5rnm xat24cr x1mh8g0r xexx8yu x4uap5 x18d9i69 xkhd6sd x16tdsg8 x1hl2dhg xggy1nq x1a2a7pz x1sur9pj xkrqix3 x1fey0fg x1s688f\" role=\"link\" href=\"https:\/\/www.facebook.com\/hashtag\/opportunit%C3%A9?__eep__=6&amp;__cft__%5B0%5D=AZVNzem1f2BWbhB2aNO4_Vbew6eAvGcyLkCsVIeeTYGUz3UBduEK9UxIgFNCTwtp2YllGCoQWdFlIS24jpiBbIoIVeX4C5zGRNEAvU4NImLykaBVdDieEJrWLBhQ_dus3tVtiAFPm_O3j7k6Nz2s1lBThnBa-e55QI-4s4ZEx1eZqjVjK8z_5-RRibOgwVycXsc&amp;__tn__=*NK-R\">#Opportunit\u00e9<\/a><\/span> <span class=\"html-span xdj266r x11i5rnm xat24cr x1mh8g0r xexx8yu x4uap5 x18d9i69 xkhd6sd x1hl2dhg x16tdsg8 x1vvkbs\"><a class=\"x1i10hfl xjbqb8w x1ejq31n xd10rxx x1sy0etr x17r0tee x972fbf xcfux6l x1qhh985 xm0m39n x9f619 x1ypdohk xt0psk2 xe8uvvx xdj266r x11i5rnm xat24cr x1mh8g0r xexx8yu x4uap5 x18d9i69 xkhd6sd x16tdsg8 x1hl2dhg xggy1nq x1a2a7pz x1sur9pj xkrqix3 x1fey0fg x1s688f\" role=\"link\" href=\"https:\/\/www.facebook.com\/hashtag\/polynesiefrancaise?__eep__=6&amp;__cft__%5B0%5D=AZVNzem1f2BWbhB2aNO4_Vbew6eAvGcyLkCsVIeeTYGUz3UBduEK9UxIgFNCTwtp2YllGCoQWdFlIS24jpiBbIoIVeX4C5zGRNEAvU4NImLykaBVdDieEJrWLBhQ_dus3tVtiAFPm_O3j7k6Nz2s1lBThnBa-e55QI-4s4ZEx1eZqjVjK8z_5-RRibOgwVycXsc&amp;__tn__=*NK-R\">#polynesiefrancaise<\/a><\/span><\/div>\n<\/div>\n<\/div>\n<\/div>\n<\/div>\n<\/div>\n<\/div>\n<\/div><\/div><\/div><div class=\"fusion-layout-column fusion_builder_column fusion-builder-column-1 fusion_builder_column_1_4 1_4 fusion-flex-column fusion-flex-align-self-flex-start fusion-column-no-min-height\" style=\"--awb-padding-right:10px;--awb-padding-left:10px;--awb-padding-right-medium:2%;--awb-padding-left-medium:2%;--awb-padding-right-small:2%;--awb-padding-left-small:2%;--awb-bg-color:#f7f7f7;--awb-bg-color-hover:#f7f7f7;--awb-bg-size:cover;--awb-width-large:25%;--awb-margin-top-large:0px;--awb-spacing-right-large:7.68%;--awb-margin-bottom-large:0px;--awb-spacing-left-large:2.88%;--awb-width-medium:100%;--awb-order-medium:0;--awb-spacing-right-medium:1.92%;--awb-spacing-left-medium:1.92%;--awb-width-small:100%;--awb-order-small:0;--awb-spacing-right-small:1.92%;--awb-spacing-left-small:1.92%;\"><div class=\"fusion-column-wrapper fusion-column-has-shadow fusion-flex-justify-content-flex-start fusion-content-layout-column\"><div class=\"fusion-text fusion-text-2\"><h3 style=\"text-align: center\" data-fontsize=\"22\" data-lineheight=\"33\"><span style=\"color: #333333\">NOS ACTUALIT\u00c9S<\/span><\/h3>\n<div class=\"fusion-separator fusion-no-small-visibility fusion-no-medium-visibility\" style=\"align-self: center;margin-left: auto;margin-right: auto;margin-top:-5%;margin-bottom:4%;width:100%;max-width:15%;\"><div class=\"fusion-separator-border sep-single sep-solid\" style=\"--awb-height:20px;--awb-amount:20px;--awb-sep-color:#3abfbf;border-color:#3abfbf;border-top-width:5px;\"><\/div><\/div>\n<\/div><div class=\"fusion-separator fusion-full-width-sep\" style=\"align-self: center;margin-left: auto;margin-right: auto;margin-bottom:2%;width:100%;\"><\/div><div class=\"fusion-recent-posts fusion-recent-posts-1 avada-container layout-default layout-columns-1\"><section class=\"fusion-columns columns fusion-columns-1 columns-1\"><article class=\"post fusion-column column col col-lg-12 col-md-12 col-sm-12\"><div class=\"fusion-flexslider fusion-flexslider-loading flexslider flexslider-hover-type-none\"><ul class=\"slides\"><li><a href=\"https:\/\/www.service-public.pf\/dsp\/2026\/02\/16\/laccessibilite-la-representation-et-la-consommation-des-produits-locaux\/\" aria-label=\"Sondage sur l&rsquo;accessibilit\u00e9, la repr\u00e9sentation et la consommation des produits locaux\" class=\"hover-type-none\"><img decoding=\"async\" width=\"1172\" height=\"835\" src=\"https:\/\/www.service-public.pf\/dsp\/wp-content\/uploads\/sites\/12\/2026\/02\/saveurs.jpg\" class=\"attachment-full size-full\" alt=\"\" srcset=\"https:\/\/www.service-public.pf\/dsp\/wp-content\/uploads\/sites\/12\/2026\/02\/saveurs-200x142.jpg 200w, https:\/\/www.service-public.pf\/dsp\/wp-content\/uploads\/sites\/12\/2026\/02\/saveurs-400x285.jpg 400w, https:\/\/www.service-public.pf\/dsp\/wp-content\/uploads\/sites\/12\/2026\/02\/saveurs-600x427.jpg 600w, https:\/\/www.service-public.pf\/dsp\/wp-content\/uploads\/sites\/12\/2026\/02\/saveurs-800x570.jpg 800w, https:\/\/www.service-public.pf\/dsp\/wp-content\/uploads\/sites\/12\/2026\/02\/saveurs.jpg 1172w\" sizes=\"(min-width: 2200px) 100vw, (min-width: 640px) 1100px, \" \/><\/a><\/li><\/ul><\/div><div class=\"recent-posts-content\"><span class=\"vcard\" style=\"display: none;\"><span class=\"fn\"><a href=\"https:\/\/www.service-public.pf\/dsp\/author\/communicationds\/\" title=\"Articles par communicationds\" rel=\"author\">communicationds<\/a><\/span><\/span><span class=\"updated\" style=\"display:none;\">2026-02-17T08:09:46-10:00<\/span><h4 class=\"entry-title\"><a href=\"https:\/\/www.service-public.pf\/dsp\/2026\/02\/16\/laccessibilite-la-representation-et-la-consommation-des-produits-locaux\/\">Sondage sur l&rsquo;accessibilit\u00e9, la repr\u00e9sentation et la consommation des produits locaux<\/a><\/h4><\/div><\/article><article class=\"post fusion-column column col col-lg-12 col-md-12 col-sm-12\"><div class=\"fusion-flexslider fusion-flexslider-loading flexslider flexslider-hover-type-none\"><ul class=\"slides\"><li><a href=\"https:\/\/www.service-public.pf\/dsp\/2026\/02\/04\/charte-dutilisation-du-reseau-wifi-de-lhopital-duturoa\/\" aria-label=\"L&rsquo;h\u00f4pital d&rsquo;Uturoa s&rsquo;\u00e9quipe d&rsquo;un r\u00e9seau WiFi gratuit pour les patients et visiteurs\" class=\"hover-type-none\"><img decoding=\"async\" width=\"1920\" height=\"1080\" src=\"https:\/\/www.service-public.pf\/dsp\/wp-content\/uploads\/sites\/12\/2026\/02\/Hopital-de-Uturoa-Raiatea.png\" class=\"attachment-full size-full\" alt=\"\" srcset=\"https:\/\/www.service-public.pf\/dsp\/wp-content\/uploads\/sites\/12\/2026\/02\/Hopital-de-Uturoa-Raiatea-200x113.png 200w, https:\/\/www.service-public.pf\/dsp\/wp-content\/uploads\/sites\/12\/2026\/02\/Hopital-de-Uturoa-Raiatea-400x225.png 400w, https:\/\/www.service-public.pf\/dsp\/wp-content\/uploads\/sites\/12\/2026\/02\/Hopital-de-Uturoa-Raiatea-600x338.png 600w, https:\/\/www.service-public.pf\/dsp\/wp-content\/uploads\/sites\/12\/2026\/02\/Hopital-de-Uturoa-Raiatea-800x450.png 800w, https:\/\/www.service-public.pf\/dsp\/wp-content\/uploads\/sites\/12\/2026\/02\/Hopital-de-Uturoa-Raiatea-1200x675.png 1200w, https:\/\/www.service-public.pf\/dsp\/wp-content\/uploads\/sites\/12\/2026\/02\/Hopital-de-Uturoa-Raiatea.png 1920w\" sizes=\"(min-width: 2200px) 100vw, (min-width: 640px) 1100px, \" \/><\/a><\/li><\/ul><\/div><div class=\"recent-posts-content\"><span class=\"vcard\" style=\"display: none;\"><span class=\"fn\"><a href=\"https:\/\/www.service-public.pf\/dsp\/author\/communicationds\/\" title=\"Articles par communicationds\" rel=\"author\">communicationds<\/a><\/span><\/span><span class=\"updated\" style=\"display:none;\">2026-02-17T08:21:45-10:00<\/span><h4 class=\"entry-title\"><a href=\"https:\/\/www.service-public.pf\/dsp\/2026\/02\/04\/charte-dutilisation-du-reseau-wifi-de-lhopital-duturoa\/\">L&rsquo;h\u00f4pital d&rsquo;Uturoa s&rsquo;\u00e9quipe d&rsquo;un r\u00e9seau WiFi gratuit pour les patients et visiteurs<\/a><\/h4><\/div><\/article><article class=\"post fusion-column column col col-lg-12 col-md-12 col-sm-12\"><div class=\"fusion-flexslider fusion-flexslider-loading flexslider flexslider-hover-type-none\"><ul class=\"slides\"><li><a href=\"https:\/\/www.service-public.pf\/dsp\/2025\/12\/12\/felicitations-aux-premiers-diplomes-du-d-u-dechoscopie-de-depistage\/\" aria-label=\"F\u00e9licitations aux premiers dipl\u00f4m\u00e9s du D.U. d\u2019\u00e9choscopie de d\u00e9pistage !\" class=\"hover-type-none\"><img decoding=\"async\" width=\"2560\" height=\"2018\" src=\"https:\/\/www.service-public.pf\/dsp\/wp-content\/uploads\/sites\/12\/2025\/12\/DU-Equipe-RAA-1-scaled.jpg\" class=\"attachment-full size-full\" alt=\"\" srcset=\"https:\/\/www.service-public.pf\/dsp\/wp-content\/uploads\/sites\/12\/2025\/12\/DU-Equipe-RAA-1-200x158.jpg 200w, https:\/\/www.service-public.pf\/dsp\/wp-content\/uploads\/sites\/12\/2025\/12\/DU-Equipe-RAA-1-400x315.jpg 400w, https:\/\/www.service-public.pf\/dsp\/wp-content\/uploads\/sites\/12\/2025\/12\/DU-Equipe-RAA-1-600x473.jpg 600w, https:\/\/www.service-public.pf\/dsp\/wp-content\/uploads\/sites\/12\/2025\/12\/DU-Equipe-RAA-1-800x631.jpg 800w, https:\/\/www.service-public.pf\/dsp\/wp-content\/uploads\/sites\/12\/2025\/12\/DU-Equipe-RAA-1-1200x946.jpg 1200w, https:\/\/www.service-public.pf\/dsp\/wp-content\/uploads\/sites\/12\/2025\/12\/DU-Equipe-RAA-1-scaled.jpg 2560w\" sizes=\"(min-width: 2200px) 100vw, (min-width: 640px) 1100px, \" \/><\/a><\/li><\/ul><\/div><div class=\"recent-posts-content\"><span class=\"vcard\" style=\"display: none;\"><span class=\"fn\"><a href=\"https:\/\/www.service-public.pf\/dsp\/author\/communicationds\/\" title=\"Articles par communicationds\" rel=\"author\">communicationds<\/a><\/span><\/span><span class=\"updated\" style=\"display:none;\">2025-12-12T14:33:19-10:00<\/span><h4 class=\"entry-title\"><a href=\"https:\/\/www.service-public.pf\/dsp\/2025\/12\/12\/felicitations-aux-premiers-diplomes-du-d-u-dechoscopie-de-depistage\/\">F\u00e9licitations aux premiers dipl\u00f4m\u00e9s du D.U. d\u2019\u00e9choscopie de d\u00e9pistage !<\/a><\/h4><\/div><\/article><\/section><\/div><div class=\"fusion-separator fusion-full-width-sep\" style=\"align-self: center;margin-left: auto;margin-right: auto;margin-bottom:2%;width:100%;\"><\/div><div class=\"fusion-text fusion-text-3\"><h3 style=\"text-align: center\" data-fontsize=\"22\" data-lineheight=\"33\"><span style=\"color: #333333\">SUIVEZ-NOUS<br \/>\n<\/span><\/h3>\n<div class=\"fusion-separator fusion-no-small-visibility fusion-no-medium-visibility\" style=\"align-self: center;margin-left: auto;margin-right: auto;margin-top:-5%;margin-bottom:4%;width:100%;max-width:15%;\"><div class=\"fusion-separator-border sep-single sep-solid\" style=\"--awb-height:20px;--awb-amount:20px;--awb-sep-color:#3abfbf;border-color:#3abfbf;border-top-width:5px;\"><\/div><\/div>\n<\/div><div class=\"fusion-widget-area awb-widget-area-element fusion-widget-area-1 fusion-content-widget-area\" style=\"--awb-title-color:#333333;--awb-padding:0px 0px 0px 0px;\">\n\t\t<section id=\"recent-posts-7\" class=\"widget widget_recent_entries\">\n\t\t<div class=\"heading\"><h4 class=\"widget-title\">Articles r\u00e9cents<\/h4><\/div>\n\t\t<ul>\n\t\t\t\t\t\t\t\t\t\t\t<li>\n\t\t\t\t\t<a href=\"https:\/\/www.service-public.pf\/dsp\/2026\/04\/27\/bulletin-de-surveillance-sanitaire-de-la-s16-2026\/\">Bulletin de Surveillance Sanitaire de la S16 2026<\/a>\n\t\t\t\t\t\t\t\t\t<\/li>\n\t\t\t\t\t\t\t\t\t\t\t<li>\n\t\t\t\t\t<a href=\"https:\/\/www.service-public.pf\/dsp\/2026\/04\/20\/bulletin-de-surveillance-sanitaire-de-la-s15-2026\/\">Bulletin de Surveillance Sanitaire de la S15 2026<\/a>\n\t\t\t\t\t\t\t\t\t<\/li>\n\t\t\t\t\t\t\t\t\t\t\t<li>\n\t\t\t\t\t<a href=\"https:\/\/www.service-public.pf\/dsp\/2026\/04\/13\/bulletin-de-surveillance-sanitaire-de-la-s14-2026\/\">Bulletin de Surveillance Sanitaire de la S14 2026<\/a>\n\t\t\t\t\t\t\t\t\t<\/li>\n\t\t\t\t\t\t\t\t\t\t\t<li>\n\t\t\t\t\t<a href=\"https:\/\/www.service-public.pf\/dsp\/2026\/04\/08\/bulletin-de-surveillance-sanitaire-de-la-s13-2026\/\">Bulletin de Surveillance Sanitaire de la S13 2026<\/a>\n\t\t\t\t\t\t\t\t\t<\/li>\n\t\t\t\t\t\t\t\t\t\t\t<li>\n\t\t\t\t\t<a href=\"https:\/\/www.service-public.pf\/dsp\/2026\/03\/30\/bulletin-de-surveillance-sanitaire-de-la-s12-2026\/\">Bulletin de Surveillance Sanitaire de la S12 2026<\/a>\n\t\t\t\t\t\t\t\t\t<\/li>\n\t\t\t\t\t<\/ul>\n\n\t\t<\/section><div class=\"fusion-additional-widget-content\"><\/div><\/div><\/div><\/div><\/div><\/div><div class=\"fusion-fullwidth fullwidth-box fusion-builder-row-2 nonhundred-percent-fullwidth non-hundred-percent-height-scrolling fusion-no-medium-visibility fusion-no-large-visibility d-none\" style=\"--awb-border-radius-top-left:0px;--awb-border-radius-top-right:0px;--awb-border-radius-bottom-right:0px;--awb-border-radius-bottom-left:0px;--awb-flex-wrap:wrap;\" ><div class=\"fusion-builder-row fusion-row\"><div class=\"fusion-layout-column fusion_builder_column fusion-builder-column-2 fusion_builder_column_1_1 1_1 fusion-one-full fusion-column-first fusion-column-last fusion-no-large-visibility\" style=\"--awb-bg-size:cover;--awb-margin-bottom:0px;\"><div class=\"fusion-column-wrapper fusion-column-has-shadow fusion-flex-column-wrapper-legacy\"><div class=\"fusion-title title fusion-title-2 fusion-sep-none fusion-title-center fusion-title-text fusion-title-size-one\" style=\"--awb-text-color:#3abfbf;--awb-margin-top-small:0px;--awb-margin-right-small:0px;--awb-margin-bottom-small:20px;--awb-margin-left-small:0px;\"><h1 class=\"fusion-title-heading title-heading-center fusion-responsive-typography-calculated\" style=\"margin:0;--fontSize:34;line-height:1.4;\"><p><strong> Droit de r\u00e9ponse de la Direction de la sant\u00e9 &#8211; Uturoa<\/strong><\/p>\n<p><strong>\u00a0<\/strong><\/p>\n<p><strong>\u00a0<\/strong><\/p>\n<p style=\"text-align: center\"><strong>\u00a0<\/strong><\/p><\/h1><\/div><div class=\"fusion-sep-clear\"><\/div><div class=\"fusion-separator fusion-full-width-sep\" style=\"margin-left: auto;margin-right: auto;margin-bottom:20px;width:100%;\"><\/div><div class=\"fusion-sep-clear\"><\/div><div class=\"fusion-text fusion-text-4\" style=\"--awb-content-alignment:justify;\"><p>Lors de son d\u00e9placement du 5 d\u00e9cembre 2024 \u00e0 l\u2019h\u00f4pital de Uturoa, la Direction de la sant\u00e9 a pu prendre la pleine mesure de la souffrance caus\u00e9e \u00e0 ses agents par la publication du \u00ab\u00a0Relev\u00e9 d\u2019\u00e9changes et d\u2019observations\u00a0\u00bb r\u00e9cemment paru dans les m\u00e9dias.<\/p>\n<p>Apr\u00e8s s\u2019\u00eatre excus\u00e9e des maladresses de communication interne ayant g\u00e9n\u00e9r\u00e9 une telle situation, elle tient \u00e0 rassurer la population quant \u00e0 la qualit\u00e9 des soins fournis aux patients des Raromatai par un personnel d\u00e9vou\u00e9 au sein de cet \u00e9tablissement de r\u00e9f\u00e9rence.<\/p>\n<p>Par ce communiqu\u00e9, la Directrice de la Sant\u00e9 r\u00e9affirme son soutien \u00e0 l\u2019h\u00f4pital de Uturoa et \u00e0 ses \u00e9quipes et insiste sur l\u2019importance de poursuivre le travail collectif pour garantir des conditions optimales de soins et renforcer la confiance du public dans l\u2019h\u00f4pital et ses professionnels.<\/p>\n<p><strong>Pour plus d\u2019informations\u202f<\/strong> : Cellule communication<br \/>\nT\u00e9l\u00e9phone : 40 46 61 79 \u2013 40 46 61 83<br \/>\nEmail : <a href=\"mailto:communication.dsp@administration.gov.pf\">communication.dsp@administration.gov.pf<\/a><\/p>\n<\/div><div class=\"fusion-sep-clear\"><\/div><div class=\"fusion-separator fusion-full-width-sep\" style=\"margin-left: auto;margin-right: auto;margin-bottom:20px;width:100%;\"><\/div><div class=\"fusion-sep-clear\"><\/div><div class=\"fusion-clearfix\"><\/div><\/div><\/div><div class=\"fusion-layout-column fusion_builder_column fusion-builder-column-3 fusion_builder_column_1_1 1_1 fusion-one-full fusion-column-first fusion-column-last\" style=\"--awb-bg-size:cover;\"><div class=\"fusion-column-wrapper fusion-column-has-shadow fusion-flex-column-wrapper-legacy\"><div class=\"fusion-sep-clear\"><\/div><div class=\"fusion-separator fusion-full-width-sep\" style=\"margin-left: auto;margin-right: auto;margin-bottom:2%;width:100%;\"><\/div><div class=\"fusion-sep-clear\"><\/div><div class=\"fusion-text fusion-text-5\"><h3 style=\"text-align: center\" data-fontsize=\"22\" data-lineheight=\"33\"><span style=\"color: #333333\">NOS ACTUALIT\u00c9S<\/span><\/h3>\n<div class=\"fusion-sep-clear\"><\/div><div class=\"fusion-separator fusion-no-small-visibility fusion-no-medium-visibility\" style=\"margin-left: auto;margin-right: auto;margin-top:-5%;margin-bottom:4%;width:100%;max-width:15%;\"><div class=\"fusion-separator-border sep-single sep-solid\" style=\"--awb-height:20px;--awb-amount:20px;--awb-sep-color:#3abfbf;border-color:#3abfbf;border-top-width:5px;\"><\/div><\/div><div class=\"fusion-sep-clear\"><\/div>\n<\/div><div class=\"fusion-recent-posts fusion-recent-posts-2 avada-container layout-default layout-columns-1\"><section class=\"fusion-columns columns fusion-columns-1 columns-1\"><article class=\"post fusion-column column col col-lg-12 col-md-12 col-sm-12\"><div class=\"fusion-flexslider fusion-flexslider-loading flexslider flexslider-hover-type-none\"><ul class=\"slides\"><li><a href=\"https:\/\/www.service-public.pf\/dsp\/2026\/03\/19\/licence-commercialisation-tabac\/\" aria-label=\"Tabac et vapotage : la demande de licence peut d\u00e9sormais se faire en ligne\" class=\"hover-type-none\"><img decoding=\"async\" width=\"700\" height=\"441\" src=\"https:\/\/www.service-public.pf\/dsp\/wp-content\/uploads\/sites\/12\/2026\/03\/DSP-Tabac-700x441.png\" class=\"attachment-recent-posts size-recent-posts\" alt=\"\" srcset=\"https:\/\/www.service-public.pf\/dsp\/wp-content\/uploads\/sites\/12\/2026\/03\/DSP-Tabac-320x202.png 320w, https:\/\/www.service-public.pf\/dsp\/wp-content\/uploads\/sites\/12\/2026\/03\/DSP-Tabac-700x441.png 700w\" sizes=\"(max-width: 700px) 100vw, 700px\" \/><\/a><\/li><\/ul><\/div><div class=\"recent-posts-content\"><span class=\"vcard\" style=\"display: none;\"><span class=\"fn\"><a href=\"https:\/\/www.service-public.pf\/dsp\/author\/communicationds\/\" title=\"Articles par communicationds\" rel=\"author\">communicationds<\/a><\/span><\/span><span class=\"updated\" style=\"display:none;\">2026-03-26T07:30:09-10:00<\/span><h4 class=\"entry-title\"><a href=\"https:\/\/www.service-public.pf\/dsp\/2026\/03\/19\/licence-commercialisation-tabac\/\">Tabac et vapotage : la demande de licence peut d\u00e9sormais se faire en ligne<\/a><\/h4><p class=\"meta\"><span class=\"vcard\" style=\"display: none;\"><span class=\"fn\"><a href=\"https:\/\/www.service-public.pf\/dsp\/author\/communicationds\/\" title=\"Articles par communicationds\" rel=\"author\">communicationds<\/a><\/span><\/span><span class=\"updated\" style=\"display:none;\">2026-03-26T07:30:09-10:00<\/span><span>19 mars 2026<\/span><span class=\"fusion-inline-sep\">|<\/span><\/p><\/div><\/article><article class=\"post fusion-column column col col-lg-12 col-md-12 col-sm-12\"><div class=\"fusion-flexslider fusion-flexslider-loading flexslider flexslider-hover-type-none\"><ul class=\"slides\"><li><a href=\"https:\/\/www.service-public.pf\/dsp\/2026\/02\/16\/laccessibilite-la-representation-et-la-consommation-des-produits-locaux\/\" aria-label=\"Sondage sur l&rsquo;accessibilit\u00e9, la repr\u00e9sentation et la consommation des produits locaux\" class=\"hover-type-none\"><img decoding=\"async\" width=\"700\" height=\"441\" src=\"https:\/\/www.service-public.pf\/dsp\/wp-content\/uploads\/sites\/12\/2026\/02\/saveurs-700x441.jpg\" class=\"attachment-recent-posts size-recent-posts\" alt=\"\" srcset=\"https:\/\/www.service-public.pf\/dsp\/wp-content\/uploads\/sites\/12\/2026\/02\/saveurs-320x202.jpg 320w, https:\/\/www.service-public.pf\/dsp\/wp-content\/uploads\/sites\/12\/2026\/02\/saveurs-700x441.jpg 700w\" sizes=\"(max-width: 700px) 100vw, 700px\" \/><\/a><\/li><\/ul><\/div><div class=\"recent-posts-content\"><span class=\"vcard\" style=\"display: none;\"><span class=\"fn\"><a href=\"https:\/\/www.service-public.pf\/dsp\/author\/communicationds\/\" title=\"Articles par communicationds\" rel=\"author\">communicationds<\/a><\/span><\/span><span class=\"updated\" style=\"display:none;\">2026-02-17T08:09:46-10:00<\/span><h4 class=\"entry-title\"><a href=\"https:\/\/www.service-public.pf\/dsp\/2026\/02\/16\/laccessibilite-la-representation-et-la-consommation-des-produits-locaux\/\">Sondage sur l&rsquo;accessibilit\u00e9, la repr\u00e9sentation et la consommation des produits locaux<\/a><\/h4><p class=\"meta\"><span class=\"vcard\" style=\"display: none;\"><span class=\"fn\"><a href=\"https:\/\/www.service-public.pf\/dsp\/author\/communicationds\/\" title=\"Articles par communicationds\" rel=\"author\">communicationds<\/a><\/span><\/span><span class=\"updated\" style=\"display:none;\">2026-02-17T08:09:46-10:00<\/span><span>16 f\u00e9vrier 2026<\/span><span class=\"fusion-inline-sep\">|<\/span><\/p><\/div><\/article><article class=\"post fusion-column column col col-lg-12 col-md-12 col-sm-12\"><div class=\"fusion-flexslider fusion-flexslider-loading flexslider flexslider-hover-type-none\"><ul class=\"slides\"><li><a href=\"https:\/\/www.service-public.pf\/dsp\/2026\/02\/04\/charte-dutilisation-du-reseau-wifi-de-lhopital-duturoa\/\" aria-label=\"L&rsquo;h\u00f4pital d&rsquo;Uturoa s&rsquo;\u00e9quipe d&rsquo;un r\u00e9seau WiFi gratuit pour les patients et visiteurs\" class=\"hover-type-none\"><img decoding=\"async\" width=\"700\" height=\"441\" src=\"https:\/\/www.service-public.pf\/dsp\/wp-content\/uploads\/sites\/12\/2026\/02\/Hopital-de-Uturoa-Raiatea-700x441.png\" class=\"attachment-recent-posts size-recent-posts\" alt=\"\" srcset=\"https:\/\/www.service-public.pf\/dsp\/wp-content\/uploads\/sites\/12\/2026\/02\/Hopital-de-Uturoa-Raiatea-320x202.png 320w, https:\/\/www.service-public.pf\/dsp\/wp-content\/uploads\/sites\/12\/2026\/02\/Hopital-de-Uturoa-Raiatea-700x441.png 700w\" sizes=\"(max-width: 700px) 100vw, 700px\" \/><\/a><\/li><\/ul><\/div><div class=\"recent-posts-content\"><span class=\"vcard\" style=\"display: none;\"><span class=\"fn\"><a href=\"https:\/\/www.service-public.pf\/dsp\/author\/communicationds\/\" title=\"Articles par communicationds\" rel=\"author\">communicationds<\/a><\/span><\/span><span class=\"updated\" style=\"display:none;\">2026-02-17T08:21:45-10:00<\/span><h4 class=\"entry-title\"><a href=\"https:\/\/www.service-public.pf\/dsp\/2026\/02\/04\/charte-dutilisation-du-reseau-wifi-de-lhopital-duturoa\/\">L&rsquo;h\u00f4pital d&rsquo;Uturoa s&rsquo;\u00e9quipe d&rsquo;un r\u00e9seau WiFi gratuit pour les patients et visiteurs<\/a><\/h4><p class=\"meta\"><span class=\"vcard\" style=\"display: none;\"><span class=\"fn\"><a href=\"https:\/\/www.service-public.pf\/dsp\/author\/communicationds\/\" title=\"Articles par communicationds\" rel=\"author\">communicationds<\/a><\/span><\/span><span class=\"updated\" style=\"display:none;\">2026-02-17T08:21:45-10:00<\/span><span>4 f\u00e9vrier 2026<\/span><span class=\"fusion-inline-sep\">|<\/span><\/p><\/div><\/article><\/section><\/div><div class=\"fusion-sep-clear\"><\/div><div class=\"fusion-separator fusion-full-width-sep\" style=\"margin-left: auto;margin-right: auto;margin-bottom:2%;width:100%;\"><\/div><div class=\"fusion-sep-clear\"><\/div><div class=\"fusion-text fusion-text-6\"><h3 style=\"text-align: center\" data-fontsize=\"22\" data-lineheight=\"33\"><span style=\"color: #333333\">SUIVEZ-NOUS<br \/>\n<\/span><\/h3>\n<div class=\"fusion-sep-clear\"><\/div><div class=\"fusion-separator fusion-no-small-visibility fusion-no-medium-visibility\" style=\"margin-left: auto;margin-right: auto;margin-top:-5%;margin-bottom:4%;width:100%;max-width:15%;\"><div class=\"fusion-separator-border sep-single sep-solid\" style=\"--awb-height:20px;--awb-amount:20px;--awb-sep-color:#3abfbf;border-color:#3abfbf;border-top-width:5px;\"><\/div><\/div><div class=\"fusion-sep-clear\"><\/div>\n<\/div><div class=\"fusion-widget-area awb-widget-area-element fusion-widget-area-2 fusion-content-widget-area\" style=\"--awb-title-color:#333333;--awb-padding:0px 0px 0px 0px;\">\n\t\t<section id=\"recent-posts-7\" class=\"widget widget_recent_entries\">\n\t\t<div class=\"heading\"><h4 class=\"widget-title\">Articles r\u00e9cents<\/h4><\/div>\n\t\t<ul>\n\t\t\t\t\t\t\t\t\t\t\t<li>\n\t\t\t\t\t<a href=\"https:\/\/www.service-public.pf\/dsp\/2026\/04\/27\/bulletin-de-surveillance-sanitaire-de-la-s16-2026\/\">Bulletin de Surveillance Sanitaire de la S16 2026<\/a>\n\t\t\t\t\t\t\t\t\t<\/li>\n\t\t\t\t\t\t\t\t\t\t\t<li>\n\t\t\t\t\t<a href=\"https:\/\/www.service-public.pf\/dsp\/2026\/04\/20\/bulletin-de-surveillance-sanitaire-de-la-s15-2026\/\">Bulletin de Surveillance Sanitaire de la S15 2026<\/a>\n\t\t\t\t\t\t\t\t\t<\/li>\n\t\t\t\t\t\t\t\t\t\t\t<li>\n\t\t\t\t\t<a href=\"https:\/\/www.service-public.pf\/dsp\/2026\/04\/13\/bulletin-de-surveillance-sanitaire-de-la-s14-2026\/\">Bulletin de Surveillance Sanitaire de la S14 2026<\/a>\n\t\t\t\t\t\t\t\t\t<\/li>\n\t\t\t\t\t\t\t\t\t\t\t<li>\n\t\t\t\t\t<a href=\"https:\/\/www.service-public.pf\/dsp\/2026\/04\/08\/bulletin-de-surveillance-sanitaire-de-la-s13-2026\/\">Bulletin de Surveillance Sanitaire de la S13 2026<\/a>\n\t\t\t\t\t\t\t\t\t<\/li>\n\t\t\t\t\t\t\t\t\t\t\t<li>\n\t\t\t\t\t<a href=\"https:\/\/www.service-public.pf\/dsp\/2026\/03\/30\/bulletin-de-surveillance-sanitaire-de-la-s12-2026\/\">Bulletin de Surveillance Sanitaire de la S12 2026<\/a>\n\t\t\t\t\t\t\t\t\t<\/li>\n\t\t\t\t\t<\/ul>\n\n\t\t<\/section><div class=\"fusion-additional-widget-content\"><\/div><\/div><div class=\"fusion-sep-clear\"><\/div><div class=\"fusion-separator fusion-full-width-sep\" style=\"margin-left: auto;margin-right: auto;margin-bottom:2%;width:100%;\"><\/div><div class=\"fusion-sep-clear\"><\/div><div class=\"fusion-clearfix\"><\/div><\/div><\/div><\/div><\/div><\/p>\n","protected":false},"excerpt":{"rendered":"<p>La Direction de la sant\u00e9 recrute un directeur adjoint m\u00e9dical H\/F !<\/p>\n","protected":false},"author":263,"featured_media":57363,"comment_status":"closed","ping_status":"closed","sticky":false,"template":"","format":"standard","meta":{"_seopress_robots_primary_cat":"54","_seopress_titles_title":"Droit de r\u00e9ponse de la Direction de la sant\u00e9 - Uturoa \u00a0","_seopress_titles_desc":"La Directrice de la Sant\u00e9 r\u00e9affirme son soutien \u00e0 l\u2019h\u00f4pital de Uturoa et \u00e0 ses \u00e9quipes et insiste sur l\u2019importance de poursuivre le travail collectif pour garantir des conditions optimales de soins et renforcer la confiance du public dans l\u2019h\u00f4pital et ses professionnels.","_seopress_robots_index":"","footnotes":""},"categories":[36,54,80],"tags":[398,415,70],"class_list":["post-57370","post","type-post","status-publish","format-standard","has-post-thumbnail","hentry","category-actualite","category-communique-de-presse","category-dossier-de-presse","tag-actualites","tag-communique-de-presse","tag-sante"],"_links":{"self":[{"href":"https:\/\/www.service-public.pf\/dsp\/wp-json\/wp\/v2\/posts\/57370","targetHints":{"allow":["GET"]}}],"collection":[{"href":"https:\/\/www.service-public.pf\/dsp\/wp-json\/wp\/v2\/posts"}],"about":[{"href":"https:\/\/www.service-public.pf\/dsp\/wp-json\/wp\/v2\/types\/post"}],"author":[{"embeddable":true,"href":"https:\/\/www.service-public.pf\/dsp\/wp-json\/wp\/v2\/users\/263"}],"replies":[{"embeddable":true,"href":"https:\/\/www.service-public.pf\/dsp\/wp-json\/wp\/v2\/comments?post=57370"}],"version-history":[{"count":5,"href":"https:\/\/www.service-public.pf\/dsp\/wp-json\/wp\/v2\/posts\/57370\/revisions"}],"predecessor-version":[{"id":57464,"href":"https:\/\/www.service-public.pf\/dsp\/wp-json\/wp\/v2\/posts\/57370\/revisions\/57464"}],"wp:featuredmedia":[{"embeddable":true,"href":"https:\/\/www.service-public.pf\/dsp\/wp-json\/wp\/v2\/media\/57363"}],"wp:attachment":[{"href":"https:\/\/www.service-public.pf\/dsp\/wp-json\/wp\/v2\/media?parent=57370"}],"wp:term":[{"taxonomy":"category","embeddable":true,"href":"https:\/\/www.service-public.pf\/dsp\/wp-json\/wp\/v2\/categories?post=57370"},{"taxonomy":"post_tag","embeddable":true,"href":"https:\/\/www.service-public.pf\/dsp\/wp-json\/wp\/v2\/tags?post=57370"}],"curies":[{"name":"wp","href":"https:\/\/api.w.org\/{rel}","templated":true}]}}