{"id":57571,"date":"2025-02-28T14:15:45","date_gmt":"2025-03-01T00:15:45","guid":{"rendered":"https:\/\/www.service-public.pf\/dsp\/?p=57571"},"modified":"2025-03-03T08:40:59","modified_gmt":"2025-03-03T18:40:59","slug":"enquete-ea-piahi-sante-jeune-2024-un-etat-des-lieux-sur-la-sante-et-les-comportements-des-jeunes-en-polynesie","status":"publish","type":"post","link":"https:\/\/www.service-public.pf\/dsp\/2025\/02\/28\/enquete-ea-piahi-sante-jeune-2024-un-etat-des-lieux-sur-la-sante-et-les-comportements-des-jeunes-en-polynesie\/","title":{"rendered":"Enqu\u00eate Ea Piahi &#8211; Sant\u00e9 jeune 2024"},"content":{"rendered":"<p><div class=\"fusion-fullwidth fullwidth-box fusion-builder-row-1 hundred-percent-fullwidth non-hundred-percent-height-scrolling fusion-no-small-visibility fusion-no-medium-visibility\" style=\"--awb-border-radius-top-left:0px;--awb-border-radius-top-right:0px;--awb-border-radius-bottom-right:0px;--awb-border-radius-bottom-left:0px;--awb-padding-top:2%;--awb-padding-right:2%;--awb-padding-left:2%;--awb-flex-wrap:wrap;\" ><div class=\"fusion-builder-row fusion-row\"><div class=\"fusion-layout-column fusion_builder_column fusion-builder-column-0 fusion_builder_column_2_3 2_3 fusion-two-third fusion-column-first fusion-column-no-min-height fusion-no-small-visibility\" style=\"--awb-padding-left:100px;--awb-bg-size:cover;--awb-margin-bottom:0px;width:66.666666666667%;width:calc(66.666666666667% - ( ( 3% ) * 0.66666666666667 ) );margin-right: 3%;\"><div class=\"fusion-column-wrapper fusion-column-has-shadow fusion-flex-column-wrapper-legacy\"><div class=\"fusion-title title fusion-title-1 fusion-sep-none fusion-title-text fusion-title-size-one\" style=\"--awb-text-color:#3abfbf;--awb-margin-top-small:0px;--awb-margin-right-small:0px;--awb-margin-bottom-small:20px;--awb-margin-left-small:0px;\"><h1 class=\"fusion-title-heading title-heading-left fusion-responsive-typography-calculated\" style=\"margin:0;--fontSize:34;line-height:1.4;\">[ACTUALIT\u00c9]\n<strong>Enqu\u00eate Ea Piahi &#8211; Sant\u00e9 jeune 2024 :<br \/>\nUn \u00e9tat des lieux sur la sant\u00e9 et les comportements des jeunes en Polyn\u00e9sie<\/strong><\/p><\/h1><\/div><div class=\"fusion-sep-clear\"><\/div><div class=\"fusion-separator fusion-full-width-sep\" style=\"margin-left: auto;margin-right: auto;margin-bottom:20px;width:100%;\"><\/div><div class=\"fusion-sep-clear\"><\/div><div class=\"fusion-text fusion-text-1\" style=\"--awb-content-alignment:justify;\"><p>L\u2019enqu\u00eate Ea Piahi &#8211; Sant\u00e9 jeune 2024, est un outil essentiel pour comprendre l\u2019\u00e9volution de la sant\u00e9 et des comportements des jeunes sur le territoire. Men\u00e9e du 27 f\u00e9vrier au 17 avril 2024, cette enqu\u00eate cible les \u00e9l\u00e8ves de la 5\u00e8me \u00e0 la 1\u00e8re dans les \u00e9tablissements scolaires publics et priv\u00e9s des diff\u00e9rents archipels de la Polyn\u00e9sie. Avec la participation de 3118 \u00e9l\u00e8ves, cette \u00e9tude permet de dresser un \u00e9tat des lieux des comportements des adolescents polyn\u00e9siens, tout en mettant en lumi\u00e8re des tendances importantes en mati\u00e8re de sant\u00e9 publique.<\/p>\n<p><strong>Des r\u00e9sultats positifs mais des d\u00e9fis persistants<\/strong><\/p>\n<p>L\u2019enqu\u00eate de 2024 r\u00e9v\u00e8le des r\u00e9sultats encourageants, mais aussi des probl\u00e9matiques inqui\u00e9tantes qui n\u00e9cessitent des r\u00e9ponses adapt\u00e9es.<\/p>\n<p><strong>Des signaux positifs :<\/strong> <strong>un engagement croissant pour une vie saine<\/strong><\/p>\n<p>L\u2019enqu\u00eate met en \u00e9vidence plusieurs tendances positives. Une grande majorit\u00e9 des jeunes interrog\u00e9s affirment pratiquer une activit\u00e9 physique r\u00e9guli\u00e8re, ce qui est essentiel pour la pr\u00e9vention des maladies chroniques et la promotion de la sant\u00e9 mentale. De plus, les \u00e9l\u00e8ves b\u00e9n\u00e9ficient en majorit\u00e9 d\u2019un bon soutien familial, et se d\u00e9clarent g\u00e9n\u00e9ralement en bonne sant\u00e9. Ces r\u00e9sultats t\u00e9moignent de l\u2019efficacit\u00e9 des actions de sensibilisation men\u00e9es ces derni\u00e8res ann\u00e9es pour encourager les comportements favorables \u00e0 une bonne sant\u00e9. Cela souligne \u00e9galement l\u2019importance des initiatives \u00e9ducatives et sociales mises en place pour soutenir les jeunes.<\/p>\n<p><strong>Des pr\u00e9occupations grandissantes : le cannabis, les \u00e9crans et la sant\u00e9 mentale<\/strong><\/p>\n<p>Cependant, des pr\u00e9occupations majeures subsistent, et l\u2019enqu\u00eate soul\u00e8ve des signaux<br \/>\nd\u2019alerte concernant certaines habitudes des jeunes polyn\u00e9siens.<\/p>\n<p><strong>&#8211; La consommation de cannabis<\/strong> : 40 % des adolescents interrog\u00e9s d\u00e9clarent avoir d\u00e9j\u00e0 fum\u00e9 du cannabis. Des chiffres en augmentation de 7% par rapport \u00e0 2016.<\/p>\n<p><strong>&#8211; L\u2019usage excessif des \u00e9crans<\/strong> : l\u2019utilisation excessive des \u00e9crans est un autre point pr\u00e9occupant. Les adolescents passent de plus en plus de temps connect\u00e9s, ce qui a des cons\u00e9quences notables sur leur sommeil et leur concentration. Une tendance qui soul\u00e8ve des questions sur l\u2019\u00e9quilibre entre la vie en ligne et hors ligne des jeunes.<\/p>\n<p><strong>-La sant\u00e9 mentale :<\/strong> l\u2019un des r\u00e9sultats les plus alarmants de cette enqu\u00eate concerne la sant\u00e9 mentale des adolescents polyn\u00e9siens. Les donn\u00e9es montrent une progression inqui\u00e9tante des signes de mal-\u00eatre, avec un taux croissant d\u2019isolement social et des pens\u00e9es suicidaires.<\/p>\n<p><strong>&#8211; L\u2019ob\u00e9sit\u00e9 et le surpoids<\/strong>\u00a0: un autre d\u00e9fi majeur reste l\u2019ob\u00e9sit\u00e9 et le surpoids chez les jeunes. Les taux d\u2019ob\u00e9sit\u00e9 et de surpoids ne montrent aucune am\u00e9lioration significative depuis 2016, ce qui reste pr\u00e9occupant au regard des risques \u00e0 long terme pour la sant\u00e9 physique des jeunes.<\/p>\n<p>Les r\u00e9sultats de cette enqu\u00eate offrent cependant des leviers importants pour la mise en \u0153uvre de politiques de pr\u00e9vention en mati\u00e8re de sant\u00e9 mentale, d\u2019alimentation, d\u2019activit\u00e9 physique, et de pr\u00e9vention des addictions.<\/p>\n<p>Retrouvez l&rsquo;enqu\u00eate via ce lien : <a href=\"https:\/\/www.calameo.com\/read\/0074445001db78a204940\">https:\/\/www.calameo.com\/read\/0074445001db78a204940<\/a><\/p>\n<\/div><div class=\"fusion-clearfix\"><\/div><\/div><\/div><div class=\"fusion-layout-column fusion_builder_column fusion-builder-column-1 fusion_builder_column_1_4 1_4 fusion-one-fourth fusion-column-last fusion-column-no-min-height fusion-no-small-visibility fusion-no-medium-visibility\" style=\"--awb-padding-right:10px;--awb-padding-left:10px;--awb-bg-color:#f7f7f7;--awb-bg-color-hover:#f7f7f7;--awb-bg-size:cover;--awb-margin-bottom:0px;width:25%;width:calc(25% - ( ( 3% ) * 0.25 ) );\"><div class=\"fusion-column-wrapper fusion-column-has-shadow fusion-flex-column-wrapper-legacy\"><div class=\"fusion-column-content-centered\"><div class=\"fusion-column-content\"><div class=\"fusion-text fusion-text-2\"><h3 style=\"text-align: center\" data-fontsize=\"22\" data-lineheight=\"33\"><span style=\"color: #333333\">NOS ACTUALIT\u00c9S<\/span><\/h3>\n<div class=\"fusion-sep-clear\"><\/div><div class=\"fusion-separator fusion-no-small-visibility fusion-no-medium-visibility\" style=\"margin-left: auto;margin-right: auto;margin-top:-5%;margin-bottom:4%;width:100%;max-width:15%;\"><div class=\"fusion-separator-border sep-single sep-solid\" style=\"--awb-height:20px;--awb-amount:20px;--awb-sep-color:#3abfbf;border-color:#3abfbf;border-top-width:5px;\"><\/div><\/div><div class=\"fusion-sep-clear\"><\/div>\n<\/div><div class=\"fusion-sep-clear\"><\/div><div class=\"fusion-separator fusion-full-width-sep\" style=\"margin-left: auto;margin-right: auto;margin-bottom:2%;width:100%;\"><\/div><div class=\"fusion-sep-clear\"><\/div><div class=\"fusion-recent-posts fusion-recent-posts-1 avada-container layout-default layout-columns-1\"><section class=\"fusion-columns columns fusion-columns-1 columns-1\"><article class=\"post fusion-column column col col-lg-12 col-md-12 col-sm-12\"><div class=\"fusion-flexslider fusion-flexslider-loading flexslider flexslider-hover-type-none\"><ul class=\"slides\"><li><a href=\"https:\/\/www.service-public.pf\/dsp\/2026\/02\/16\/laccessibilite-la-representation-et-la-consommation-des-produits-locaux\/\" aria-label=\"Sondage sur l&rsquo;accessibilit\u00e9, la repr\u00e9sentation et la consommation des produits locaux\" class=\"hover-type-none\"><img decoding=\"async\" width=\"1172\" height=\"835\" src=\"https:\/\/www.service-public.pf\/dsp\/wp-content\/uploads\/sites\/12\/2026\/02\/saveurs.jpg\" class=\"attachment-full size-full\" alt=\"\" srcset=\"https:\/\/www.service-public.pf\/dsp\/wp-content\/uploads\/sites\/12\/2026\/02\/saveurs-200x142.jpg 200w, https:\/\/www.service-public.pf\/dsp\/wp-content\/uploads\/sites\/12\/2026\/02\/saveurs-400x285.jpg 400w, https:\/\/www.service-public.pf\/dsp\/wp-content\/uploads\/sites\/12\/2026\/02\/saveurs-600x427.jpg 600w, https:\/\/www.service-public.pf\/dsp\/wp-content\/uploads\/sites\/12\/2026\/02\/saveurs-800x570.jpg 800w, https:\/\/www.service-public.pf\/dsp\/wp-content\/uploads\/sites\/12\/2026\/02\/saveurs.jpg 1172w\" sizes=\"(min-width: 2200px) 100vw, (min-width: 640px) 1100px, \" \/><\/a><\/li><\/ul><\/div><div class=\"recent-posts-content\"><span class=\"vcard\" style=\"display: none;\"><span class=\"fn\"><a href=\"https:\/\/www.service-public.pf\/dsp\/author\/communicationds\/\" title=\"Articles par communicationds\" rel=\"author\">communicationds<\/a><\/span><\/span><span class=\"updated\" style=\"display:none;\">2026-02-17T08:09:46-10:00<\/span><h4 class=\"entry-title\"><a href=\"https:\/\/www.service-public.pf\/dsp\/2026\/02\/16\/laccessibilite-la-representation-et-la-consommation-des-produits-locaux\/\">Sondage sur l&rsquo;accessibilit\u00e9, la repr\u00e9sentation et la consommation des produits locaux<\/a><\/h4><\/div><\/article><article class=\"post fusion-column column col col-lg-12 col-md-12 col-sm-12\"><div class=\"fusion-flexslider fusion-flexslider-loading flexslider flexslider-hover-type-none\"><ul class=\"slides\"><li><a href=\"https:\/\/www.service-public.pf\/dsp\/2026\/02\/04\/charte-dutilisation-du-reseau-wifi-de-lhopital-duturoa\/\" aria-label=\"L&rsquo;h\u00f4pital d&rsquo;Uturoa s&rsquo;\u00e9quipe d&rsquo;un r\u00e9seau WiFi gratuit pour les patients et visiteurs\" class=\"hover-type-none\"><img decoding=\"async\" width=\"1920\" height=\"1080\" src=\"https:\/\/www.service-public.pf\/dsp\/wp-content\/uploads\/sites\/12\/2026\/02\/Hopital-de-Uturoa-Raiatea.png\" class=\"attachment-full size-full\" alt=\"\" srcset=\"https:\/\/www.service-public.pf\/dsp\/wp-content\/uploads\/sites\/12\/2026\/02\/Hopital-de-Uturoa-Raiatea-200x113.png 200w, https:\/\/www.service-public.pf\/dsp\/wp-content\/uploads\/sites\/12\/2026\/02\/Hopital-de-Uturoa-Raiatea-400x225.png 400w, https:\/\/www.service-public.pf\/dsp\/wp-content\/uploads\/sites\/12\/2026\/02\/Hopital-de-Uturoa-Raiatea-600x338.png 600w, https:\/\/www.service-public.pf\/dsp\/wp-content\/uploads\/sites\/12\/2026\/02\/Hopital-de-Uturoa-Raiatea-800x450.png 800w, https:\/\/www.service-public.pf\/dsp\/wp-content\/uploads\/sites\/12\/2026\/02\/Hopital-de-Uturoa-Raiatea-1200x675.png 1200w, https:\/\/www.service-public.pf\/dsp\/wp-content\/uploads\/sites\/12\/2026\/02\/Hopital-de-Uturoa-Raiatea.png 1920w\" sizes=\"(min-width: 2200px) 100vw, (min-width: 640px) 1100px, \" \/><\/a><\/li><\/ul><\/div><div class=\"recent-posts-content\"><span class=\"vcard\" style=\"display: none;\"><span class=\"fn\"><a href=\"https:\/\/www.service-public.pf\/dsp\/author\/communicationds\/\" title=\"Articles par communicationds\" rel=\"author\">communicationds<\/a><\/span><\/span><span class=\"updated\" style=\"display:none;\">2026-02-17T08:21:45-10:00<\/span><h4 class=\"entry-title\"><a href=\"https:\/\/www.service-public.pf\/dsp\/2026\/02\/04\/charte-dutilisation-du-reseau-wifi-de-lhopital-duturoa\/\">L&rsquo;h\u00f4pital d&rsquo;Uturoa s&rsquo;\u00e9quipe d&rsquo;un r\u00e9seau WiFi gratuit pour les patients et visiteurs<\/a><\/h4><\/div><\/article><article class=\"post fusion-column column col col-lg-12 col-md-12 col-sm-12\"><div class=\"fusion-flexslider fusion-flexslider-loading flexslider flexslider-hover-type-none\"><ul class=\"slides\"><li><a href=\"https:\/\/www.service-public.pf\/dsp\/2025\/12\/12\/felicitations-aux-premiers-diplomes-du-d-u-dechoscopie-de-depistage\/\" aria-label=\"F\u00e9licitations aux premiers dipl\u00f4m\u00e9s du D.U. d\u2019\u00e9choscopie de d\u00e9pistage !\" class=\"hover-type-none\"><img decoding=\"async\" width=\"2560\" height=\"2018\" src=\"https:\/\/www.service-public.pf\/dsp\/wp-content\/uploads\/sites\/12\/2025\/12\/DU-Equipe-RAA-1-scaled.jpg\" class=\"attachment-full size-full\" alt=\"\" srcset=\"https:\/\/www.service-public.pf\/dsp\/wp-content\/uploads\/sites\/12\/2025\/12\/DU-Equipe-RAA-1-200x158.jpg 200w, https:\/\/www.service-public.pf\/dsp\/wp-content\/uploads\/sites\/12\/2025\/12\/DU-Equipe-RAA-1-400x315.jpg 400w, https:\/\/www.service-public.pf\/dsp\/wp-content\/uploads\/sites\/12\/2025\/12\/DU-Equipe-RAA-1-600x473.jpg 600w, https:\/\/www.service-public.pf\/dsp\/wp-content\/uploads\/sites\/12\/2025\/12\/DU-Equipe-RAA-1-800x631.jpg 800w, https:\/\/www.service-public.pf\/dsp\/wp-content\/uploads\/sites\/12\/2025\/12\/DU-Equipe-RAA-1-1200x946.jpg 1200w, https:\/\/www.service-public.pf\/dsp\/wp-content\/uploads\/sites\/12\/2025\/12\/DU-Equipe-RAA-1-scaled.jpg 2560w\" sizes=\"(min-width: 2200px) 100vw, (min-width: 640px) 1100px, \" \/><\/a><\/li><\/ul><\/div><div class=\"recent-posts-content\"><span class=\"vcard\" style=\"display: none;\"><span class=\"fn\"><a href=\"https:\/\/www.service-public.pf\/dsp\/author\/communicationds\/\" title=\"Articles par communicationds\" rel=\"author\">communicationds<\/a><\/span><\/span><span class=\"updated\" style=\"display:none;\">2025-12-12T14:33:19-10:00<\/span><h4 class=\"entry-title\"><a href=\"https:\/\/www.service-public.pf\/dsp\/2025\/12\/12\/felicitations-aux-premiers-diplomes-du-d-u-dechoscopie-de-depistage\/\">F\u00e9licitations aux premiers dipl\u00f4m\u00e9s du D.U. d\u2019\u00e9choscopie de d\u00e9pistage !<\/a><\/h4><\/div><\/article><\/section><\/div><div class=\"fusion-sep-clear\"><\/div><div class=\"fusion-separator fusion-full-width-sep\" style=\"margin-left: auto;margin-right: auto;margin-bottom:2%;width:100%;\"><\/div><div class=\"fusion-sep-clear\"><\/div><div class=\"fusion-text fusion-text-3\"><h3 style=\"text-align: center\" data-fontsize=\"22\" data-lineheight=\"33\"><span style=\"color: #333333\">SUIVEZ-NOUS<br \/>\n<\/span><\/h3>\n<div class=\"fusion-sep-clear\"><\/div><div class=\"fusion-separator fusion-no-small-visibility fusion-no-medium-visibility\" style=\"margin-left: auto;margin-right: auto;margin-top:-5%;margin-bottom:4%;width:100%;max-width:15%;\"><div class=\"fusion-separator-border sep-single sep-solid\" style=\"--awb-height:20px;--awb-amount:20px;--awb-sep-color:#3abfbf;border-color:#3abfbf;border-top-width:5px;\"><\/div><\/div><div class=\"fusion-sep-clear\"><\/div>\n<\/div><div class=\"fusion-widget-area awb-widget-area-element fusion-widget-area-1 fusion-content-widget-area\" style=\"--awb-title-color:#333333;--awb-padding:0px 0px 0px 0px;\">\n\t\t<section id=\"recent-posts-7\" class=\"widget widget_recent_entries\">\n\t\t<div class=\"heading\"><h4 class=\"widget-title\">Articles r\u00e9cents<\/h4><\/div>\n\t\t<ul>\n\t\t\t\t\t\t\t\t\t\t\t<li>\n\t\t\t\t\t<a href=\"https:\/\/www.service-public.pf\/dsp\/2026\/04\/27\/bulletin-de-surveillance-sanitaire-de-la-s16-2026\/\">Bulletin de Surveillance Sanitaire de la S16 2026<\/a>\n\t\t\t\t\t\t\t\t\t<\/li>\n\t\t\t\t\t\t\t\t\t\t\t<li>\n\t\t\t\t\t<a href=\"https:\/\/www.service-public.pf\/dsp\/2026\/04\/20\/bulletin-de-surveillance-sanitaire-de-la-s15-2026\/\">Bulletin de Surveillance Sanitaire de la S15 2026<\/a>\n\t\t\t\t\t\t\t\t\t<\/li>\n\t\t\t\t\t\t\t\t\t\t\t<li>\n\t\t\t\t\t<a href=\"https:\/\/www.service-public.pf\/dsp\/2026\/04\/13\/bulletin-de-surveillance-sanitaire-de-la-s14-2026\/\">Bulletin de Surveillance Sanitaire de la S14 2026<\/a>\n\t\t\t\t\t\t\t\t\t<\/li>\n\t\t\t\t\t\t\t\t\t\t\t<li>\n\t\t\t\t\t<a href=\"https:\/\/www.service-public.pf\/dsp\/2026\/04\/08\/bulletin-de-surveillance-sanitaire-de-la-s13-2026\/\">Bulletin de Surveillance Sanitaire de la S13 2026<\/a>\n\t\t\t\t\t\t\t\t\t<\/li>\n\t\t\t\t\t\t\t\t\t\t\t<li>\n\t\t\t\t\t<a href=\"https:\/\/www.service-public.pf\/dsp\/2026\/03\/30\/bulletin-de-surveillance-sanitaire-de-la-s12-2026\/\">Bulletin de Surveillance Sanitaire de la S12 2026<\/a>\n\t\t\t\t\t\t\t\t\t<\/li>\n\t\t\t\t\t<\/ul>\n\n\t\t<\/section><div class=\"fusion-additional-widget-content\"><\/div><\/div><\/div><\/div><div class=\"fusion-clearfix\"><\/div><\/div><\/div><\/div><\/div><div class=\"fusion-fullwidth fullwidth-box fusion-builder-row-2 nonhundred-percent-fullwidth non-hundred-percent-height-scrolling fusion-no-large-visibility\" style=\"--awb-border-radius-top-left:0px;--awb-border-radius-top-right:0px;--awb-border-radius-bottom-right:0px;--awb-border-radius-bottom-left:0px;--awb-flex-wrap:wrap;\" ><div class=\"fusion-builder-row fusion-row\"><div class=\"fusion-layout-column fusion_builder_column fusion-builder-column-2 fusion_builder_column_1_1 1_1 fusion-one-full fusion-column-first fusion-column-last fusion-no-large-visibility\" style=\"--awb-bg-size:cover;--awb-margin-bottom:0px;\"><div class=\"fusion-column-wrapper fusion-column-has-shadow fusion-flex-column-wrapper-legacy\"><div class=\"fusion-title title fusion-title-2 fusion-sep-none fusion-title-center fusion-title-text fusion-title-size-one\" style=\"--awb-text-color:#3abfbf;--awb-margin-top-small:0px;--awb-margin-right-small:0px;--awb-margin-bottom-small:20px;--awb-margin-left-small:0px;\"><h1 class=\"fusion-title-heading title-heading-center fusion-responsive-typography-calculated\" style=\"margin:0;--fontSize:34;line-height:1.4;\"><p style=\"text-align: center\">[ACTUALIT\u00c9]\n<strong>Enqu\u00eate Ea Piahi &#8211; Sant\u00e9 jeune 2024 :<br \/>\nUn \u00e9tat des lieux sur la sant\u00e9 et les comportements des jeunes en Polyn\u00e9sie<\/strong><\/p><\/h1><\/div><div class=\"fusion-sep-clear\"><\/div><div class=\"fusion-separator fusion-full-width-sep\" style=\"margin-left: auto;margin-right: auto;margin-bottom:20px;width:100%;\"><\/div><div class=\"fusion-sep-clear\"><\/div><div class=\"fusion-text fusion-text-4\" style=\"--awb-content-alignment:justify;\"><p>L\u2019enqu\u00eate Ea Piahi &#8211; Sant\u00e9 jeune 2024, est un outil essentiel pour comprendre l\u2019\u00e9volution de la sant\u00e9 et des comportements des jeunes sur le territoire. Men\u00e9e du 27 f\u00e9vrier au 17 avril 2024, cette enqu\u00eate cible les \u00e9l\u00e8ves de la 5\u00e8me \u00e0 la 1\u00e8re dans les \u00e9tablissements scolaires publics et priv\u00e9s des diff\u00e9rents archipels de la Polyn\u00e9sie. Avec la participation de 3118 \u00e9l\u00e8ves, cette \u00e9tude permet de dresser un \u00e9tat des lieux des comportements des adolescents polyn\u00e9siens, tout en mettant en lumi\u00e8re des tendances importantes en mati\u00e8re de sant\u00e9 publique.<\/p>\n<p><strong>Des r\u00e9sultats positifs mais des d\u00e9fis persistants<\/strong><\/p>\n<p>L\u2019enqu\u00eate de 2024 r\u00e9v\u00e8le des r\u00e9sultats encourageants, mais aussi des probl\u00e9matiques inqui\u00e9tantes qui n\u00e9cessitent des r\u00e9ponses adapt\u00e9es.<\/p>\n<p><strong>Des signaux positifs :<\/strong> <strong>un engagement croissant pour une vie saine<\/strong><\/p>\n<p>L\u2019enqu\u00eate met en \u00e9vidence plusieurs tendances positives. Une grande majorit\u00e9 des jeunes interrog\u00e9s affirment pratiquer une activit\u00e9 physique r\u00e9guli\u00e8re, ce qui est essentiel pour la pr\u00e9vention des maladies chroniques et la promotion de la sant\u00e9 mentale. De plus, les \u00e9l\u00e8ves b\u00e9n\u00e9ficient en majorit\u00e9 d\u2019un bon soutien familial, et se d\u00e9clarent g\u00e9n\u00e9ralement en bonne sant\u00e9. Ces r\u00e9sultats t\u00e9moignent de l\u2019efficacit\u00e9 des actions de sensibilisation men\u00e9es ces derni\u00e8res ann\u00e9es pour encourager les comportements favorables \u00e0 une bonne sant\u00e9. Cela souligne \u00e9galement l\u2019importance des initiatives \u00e9ducatives et sociales mises en place pour soutenir les jeunes.<\/p>\n<p><strong>Des pr\u00e9occupations grandissantes : le cannabis, les \u00e9crans et la sant\u00e9 mentale<\/strong><\/p>\n<p>Cependant, des pr\u00e9occupations majeures subsistent, et l\u2019enqu\u00eate soul\u00e8ve des signaux<br \/>\nd\u2019alerte concernant certaines habitudes des jeunes polyn\u00e9siens.<\/p>\n<p><strong>&#8211; La consommation de cannabis<\/strong> : 40 % des adolescents interrog\u00e9s d\u00e9clarent avoir d\u00e9j\u00e0 fum\u00e9 du cannabis. Des chiffres en augmentation de 7% par rapport \u00e0 2016.<\/p>\n<p><strong>&#8211; L\u2019usage excessif des \u00e9crans<\/strong> : l\u2019utilisation excessive des \u00e9crans est un autre point pr\u00e9occupant. Les adolescents passent de plus en plus de temps connect\u00e9s, ce qui a des cons\u00e9quences notables sur leur sommeil et leur concentration. Une tendance qui soul\u00e8ve des questions sur l\u2019\u00e9quilibre entre la vie en ligne et hors ligne des jeunes.<\/p>\n<p><strong>-La sant\u00e9 mentale :<\/strong> l\u2019un des r\u00e9sultats les plus alarmants de cette enqu\u00eate concerne la sant\u00e9 mentale des adolescents polyn\u00e9siens. Les donn\u00e9es montrent une progression inqui\u00e9tante des signes de mal-\u00eatre, avec un taux croissant d\u2019isolement social et des pens\u00e9es suicidaires.<\/p>\n<p><strong>&#8211; L\u2019ob\u00e9sit\u00e9 et le surpoids<\/strong>\u00a0: un autre d\u00e9fi majeur reste l\u2019ob\u00e9sit\u00e9 et le surpoids chez les jeunes. Les taux d\u2019ob\u00e9sit\u00e9 et de surpoids ne montrent aucune am\u00e9lioration significative depuis 2016, ce qui reste pr\u00e9occupant au regard des risques \u00e0 long terme pour la sant\u00e9 physique des jeunes.<\/p>\n<p>Les r\u00e9sultats de cette enqu\u00eate offrent cependant des leviers importants pour la mise en \u0153uvre de politiques de pr\u00e9vention en mati\u00e8re de sant\u00e9 mentale, d\u2019alimentation, d\u2019activit\u00e9 physique, et de pr\u00e9vention des addictions.<\/p>\n<p>Retrouvez l&rsquo;enqu\u00eate via ce lien : <a href=\"https:\/\/www.calameo.com\/read\/0074445001db78a204940\">https:\/\/www.calameo.com\/read\/0074445001db78a204940<\/a><\/p>\n<\/div><div class=\"fusion-sep-clear\"><\/div><div class=\"fusion-separator fusion-full-width-sep\" style=\"margin-left: auto;margin-right: auto;margin-bottom:20px;width:100%;\"><\/div><div class=\"fusion-sep-clear\"><\/div><div class=\"fusion-clearfix\"><\/div><\/div><\/div><div class=\"fusion-layout-column fusion_builder_column fusion-builder-column-3 fusion_builder_column_1_1 1_1 fusion-one-full fusion-column-first fusion-column-last\" style=\"--awb-bg-size:cover;\"><div class=\"fusion-column-wrapper fusion-column-has-shadow fusion-flex-column-wrapper-legacy\"><div class=\"fusion-text fusion-text-5\"><h3 style=\"text-align: center\" data-fontsize=\"22\" data-lineheight=\"33\"><span style=\"color: #333333\">NOS ACTUALIT\u00c9S<\/span><\/h3>\n<div class=\"fusion-sep-clear\"><\/div><div class=\"fusion-separator fusion-no-small-visibility fusion-no-medium-visibility\" style=\"margin-left: auto;margin-right: auto;margin-top:-5%;margin-bottom:4%;width:100%;max-width:15%;\"><div class=\"fusion-separator-border sep-single sep-solid\" style=\"--awb-height:20px;--awb-amount:20px;--awb-sep-color:#3abfbf;border-color:#3abfbf;border-top-width:5px;\"><\/div><\/div><div class=\"fusion-sep-clear\"><\/div>\n<\/div><div class=\"fusion-sep-clear\"><\/div><div class=\"fusion-separator fusion-full-width-sep\" style=\"margin-left: auto;margin-right: auto;margin-bottom:2%;width:100%;\"><\/div><div class=\"fusion-sep-clear\"><\/div><div class=\"fusion-recent-posts fusion-recent-posts-2 avada-container layout-default layout-columns-1\"><section class=\"fusion-columns columns fusion-columns-1 columns-1\"><article class=\"post fusion-column column col col-lg-12 col-md-12 col-sm-12\"><div class=\"fusion-flexslider fusion-flexslider-loading flexslider flexslider-hover-type-none\"><ul class=\"slides\"><li><a href=\"https:\/\/www.service-public.pf\/dsp\/2026\/03\/19\/licence-commercialisation-tabac\/\" aria-label=\"Tabac et vapotage : la demande de licence peut d\u00e9sormais se faire en ligne\" class=\"hover-type-none\"><img decoding=\"async\" width=\"700\" height=\"441\" src=\"https:\/\/www.service-public.pf\/dsp\/wp-content\/uploads\/sites\/12\/2026\/03\/DSP-Tabac-700x441.png\" class=\"attachment-recent-posts size-recent-posts\" alt=\"\" srcset=\"https:\/\/www.service-public.pf\/dsp\/wp-content\/uploads\/sites\/12\/2026\/03\/DSP-Tabac-320x202.png 320w, https:\/\/www.service-public.pf\/dsp\/wp-content\/uploads\/sites\/12\/2026\/03\/DSP-Tabac-700x441.png 700w\" sizes=\"(max-width: 700px) 100vw, 700px\" \/><\/a><\/li><\/ul><\/div><div class=\"recent-posts-content\"><span class=\"vcard\" style=\"display: none;\"><span class=\"fn\"><a href=\"https:\/\/www.service-public.pf\/dsp\/author\/communicationds\/\" title=\"Articles par communicationds\" rel=\"author\">communicationds<\/a><\/span><\/span><span class=\"updated\" style=\"display:none;\">2026-03-26T07:30:09-10:00<\/span><h4 class=\"entry-title\"><a href=\"https:\/\/www.service-public.pf\/dsp\/2026\/03\/19\/licence-commercialisation-tabac\/\">Tabac et vapotage : la demande de licence peut d\u00e9sormais se faire en ligne<\/a><\/h4><p class=\"meta\"><span class=\"vcard\" style=\"display: none;\"><span class=\"fn\"><a href=\"https:\/\/www.service-public.pf\/dsp\/author\/communicationds\/\" title=\"Articles par communicationds\" rel=\"author\">communicationds<\/a><\/span><\/span><span class=\"updated\" style=\"display:none;\">2026-03-26T07:30:09-10:00<\/span><span>19 mars 2026<\/span><span class=\"fusion-inline-sep\">|<\/span><\/p><\/div><\/article><article class=\"post fusion-column column col col-lg-12 col-md-12 col-sm-12\"><div class=\"fusion-flexslider fusion-flexslider-loading flexslider flexslider-hover-type-none\"><ul class=\"slides\"><li><a href=\"https:\/\/www.service-public.pf\/dsp\/2026\/02\/16\/laccessibilite-la-representation-et-la-consommation-des-produits-locaux\/\" aria-label=\"Sondage sur l&rsquo;accessibilit\u00e9, la repr\u00e9sentation et la consommation des produits locaux\" class=\"hover-type-none\"><img decoding=\"async\" width=\"700\" height=\"441\" src=\"https:\/\/www.service-public.pf\/dsp\/wp-content\/uploads\/sites\/12\/2026\/02\/saveurs-700x441.jpg\" class=\"attachment-recent-posts size-recent-posts\" alt=\"\" srcset=\"https:\/\/www.service-public.pf\/dsp\/wp-content\/uploads\/sites\/12\/2026\/02\/saveurs-320x202.jpg 320w, https:\/\/www.service-public.pf\/dsp\/wp-content\/uploads\/sites\/12\/2026\/02\/saveurs-700x441.jpg 700w\" sizes=\"(max-width: 700px) 100vw, 700px\" \/><\/a><\/li><\/ul><\/div><div class=\"recent-posts-content\"><span class=\"vcard\" style=\"display: none;\"><span class=\"fn\"><a href=\"https:\/\/www.service-public.pf\/dsp\/author\/communicationds\/\" title=\"Articles par communicationds\" rel=\"author\">communicationds<\/a><\/span><\/span><span class=\"updated\" style=\"display:none;\">2026-02-17T08:09:46-10:00<\/span><h4 class=\"entry-title\"><a href=\"https:\/\/www.service-public.pf\/dsp\/2026\/02\/16\/laccessibilite-la-representation-et-la-consommation-des-produits-locaux\/\">Sondage sur l&rsquo;accessibilit\u00e9, la repr\u00e9sentation et la consommation des produits locaux<\/a><\/h4><p class=\"meta\"><span class=\"vcard\" style=\"display: none;\"><span class=\"fn\"><a href=\"https:\/\/www.service-public.pf\/dsp\/author\/communicationds\/\" title=\"Articles par communicationds\" rel=\"author\">communicationds<\/a><\/span><\/span><span class=\"updated\" style=\"display:none;\">2026-02-17T08:09:46-10:00<\/span><span>16 f\u00e9vrier 2026<\/span><span class=\"fusion-inline-sep\">|<\/span><\/p><\/div><\/article><article class=\"post fusion-column column col col-lg-12 col-md-12 col-sm-12\"><div class=\"fusion-flexslider fusion-flexslider-loading flexslider flexslider-hover-type-none\"><ul class=\"slides\"><li><a href=\"https:\/\/www.service-public.pf\/dsp\/2026\/02\/04\/charte-dutilisation-du-reseau-wifi-de-lhopital-duturoa\/\" aria-label=\"L&rsquo;h\u00f4pital d&rsquo;Uturoa s&rsquo;\u00e9quipe d&rsquo;un r\u00e9seau WiFi gratuit pour les patients et visiteurs\" class=\"hover-type-none\"><img decoding=\"async\" width=\"700\" height=\"441\" src=\"https:\/\/www.service-public.pf\/dsp\/wp-content\/uploads\/sites\/12\/2026\/02\/Hopital-de-Uturoa-Raiatea-700x441.png\" class=\"attachment-recent-posts size-recent-posts\" alt=\"\" srcset=\"https:\/\/www.service-public.pf\/dsp\/wp-content\/uploads\/sites\/12\/2026\/02\/Hopital-de-Uturoa-Raiatea-320x202.png 320w, https:\/\/www.service-public.pf\/dsp\/wp-content\/uploads\/sites\/12\/2026\/02\/Hopital-de-Uturoa-Raiatea-700x441.png 700w\" sizes=\"(max-width: 700px) 100vw, 700px\" \/><\/a><\/li><\/ul><\/div><div class=\"recent-posts-content\"><span class=\"vcard\" style=\"display: none;\"><span class=\"fn\"><a href=\"https:\/\/www.service-public.pf\/dsp\/author\/communicationds\/\" title=\"Articles par communicationds\" rel=\"author\">communicationds<\/a><\/span><\/span><span class=\"updated\" style=\"display:none;\">2026-02-17T08:21:45-10:00<\/span><h4 class=\"entry-title\"><a href=\"https:\/\/www.service-public.pf\/dsp\/2026\/02\/04\/charte-dutilisation-du-reseau-wifi-de-lhopital-duturoa\/\">L&rsquo;h\u00f4pital d&rsquo;Uturoa s&rsquo;\u00e9quipe d&rsquo;un r\u00e9seau WiFi gratuit pour les patients et visiteurs<\/a><\/h4><p class=\"meta\"><span class=\"vcard\" style=\"display: none;\"><span class=\"fn\"><a href=\"https:\/\/www.service-public.pf\/dsp\/author\/communicationds\/\" title=\"Articles par communicationds\" rel=\"author\">communicationds<\/a><\/span><\/span><span class=\"updated\" style=\"display:none;\">2026-02-17T08:21:45-10:00<\/span><span>4 f\u00e9vrier 2026<\/span><span class=\"fusion-inline-sep\">|<\/span><\/p><\/div><\/article><\/section><\/div><div class=\"fusion-sep-clear\"><\/div><div class=\"fusion-separator fusion-full-width-sep\" style=\"margin-left: auto;margin-right: auto;margin-bottom:2%;width:100%;\"><\/div><div class=\"fusion-sep-clear\"><\/div><div class=\"fusion-text fusion-text-6\"><h3 style=\"text-align: center\" data-fontsize=\"22\" data-lineheight=\"33\"><span style=\"color: #333333\">SUIVEZ-NOUS<br \/>\n<\/span><\/h3>\n<div class=\"fusion-sep-clear\"><\/div><div class=\"fusion-separator fusion-no-small-visibility fusion-no-medium-visibility\" style=\"margin-left: auto;margin-right: auto;margin-top:-5%;margin-bottom:4%;width:100%;max-width:15%;\"><div class=\"fusion-separator-border sep-single sep-solid\" style=\"--awb-height:20px;--awb-amount:20px;--awb-sep-color:#3abfbf;border-color:#3abfbf;border-top-width:5px;\"><\/div><\/div><div class=\"fusion-sep-clear\"><\/div>\n<\/div><div class=\"fusion-widget-area awb-widget-area-element fusion-widget-area-2 fusion-content-widget-area\" style=\"--awb-title-color:#333333;--awb-padding:0px 0px 0px 0px;\">\n\t\t<section id=\"recent-posts-7\" class=\"widget widget_recent_entries\">\n\t\t<div class=\"heading\"><h4 class=\"widget-title\">Articles r\u00e9cents<\/h4><\/div>\n\t\t<ul>\n\t\t\t\t\t\t\t\t\t\t\t<li>\n\t\t\t\t\t<a href=\"https:\/\/www.service-public.pf\/dsp\/2026\/04\/27\/bulletin-de-surveillance-sanitaire-de-la-s16-2026\/\">Bulletin de Surveillance Sanitaire de la S16 2026<\/a>\n\t\t\t\t\t\t\t\t\t<\/li>\n\t\t\t\t\t\t\t\t\t\t\t<li>\n\t\t\t\t\t<a href=\"https:\/\/www.service-public.pf\/dsp\/2026\/04\/20\/bulletin-de-surveillance-sanitaire-de-la-s15-2026\/\">Bulletin de Surveillance Sanitaire de la S15 2026<\/a>\n\t\t\t\t\t\t\t\t\t<\/li>\n\t\t\t\t\t\t\t\t\t\t\t<li>\n\t\t\t\t\t<a href=\"https:\/\/www.service-public.pf\/dsp\/2026\/04\/13\/bulletin-de-surveillance-sanitaire-de-la-s14-2026\/\">Bulletin de Surveillance Sanitaire de la S14 2026<\/a>\n\t\t\t\t\t\t\t\t\t<\/li>\n\t\t\t\t\t\t\t\t\t\t\t<li>\n\t\t\t\t\t<a href=\"https:\/\/www.service-public.pf\/dsp\/2026\/04\/08\/bulletin-de-surveillance-sanitaire-de-la-s13-2026\/\">Bulletin de Surveillance Sanitaire de la S13 2026<\/a>\n\t\t\t\t\t\t\t\t\t<\/li>\n\t\t\t\t\t\t\t\t\t\t\t<li>\n\t\t\t\t\t<a href=\"https:\/\/www.service-public.pf\/dsp\/2026\/03\/30\/bulletin-de-surveillance-sanitaire-de-la-s12-2026\/\">Bulletin de Surveillance Sanitaire de la S12 2026<\/a>\n\t\t\t\t\t\t\t\t\t<\/li>\n\t\t\t\t\t<\/ul>\n\n\t\t<\/section><div class=\"fusion-additional-widget-content\"><\/div><\/div><div class=\"fusion-sep-clear\"><\/div><div class=\"fusion-separator fusion-full-width-sep\" style=\"margin-left: auto;margin-right: auto;margin-bottom:2%;width:100%;\"><\/div><div class=\"fusion-sep-clear\"><\/div><div class=\"fusion-clearfix\"><\/div><\/div><\/div><\/div><\/div><\/p>\n","protected":false},"excerpt":{"rendered":"<p>Un \u00e9tat des lieux sur la sant\u00e9 et les comportements des jeunes en Polyn\u00e9sie<\/p>\n","protected":false},"author":262,"featured_media":57557,"comment_status":"closed","ping_status":"closed","sticky":false,"template":"","format":"standard","meta":{"_seopress_robots_primary_cat":"54","_seopress_titles_title":"Enqu\u00eate Ea Piahi - Sant\u00e9 jeune 2024","_seopress_titles_desc":"Un \u00e9tat des lieux sur la sant\u00e9 et les comportements des jeunes en Polyn\u00e9sie","_seopress_robots_index":"","footnotes":""},"categories":[36,54,80],"tags":[398,415,70],"class_list":["post-57571","post","type-post","status-publish","format-standard","has-post-thumbnail","hentry","category-actualite","category-communique-de-presse","category-dossier-de-presse","tag-actualites","tag-communique-de-presse","tag-sante"],"_links":{"self":[{"href":"https:\/\/www.service-public.pf\/dsp\/wp-json\/wp\/v2\/posts\/57571","targetHints":{"allow":["GET"]}}],"collection":[{"href":"https:\/\/www.service-public.pf\/dsp\/wp-json\/wp\/v2\/posts"}],"about":[{"href":"https:\/\/www.service-public.pf\/dsp\/wp-json\/wp\/v2\/types\/post"}],"author":[{"embeddable":true,"href":"https:\/\/www.service-public.pf\/dsp\/wp-json\/wp\/v2\/users\/262"}],"replies":[{"embeddable":true,"href":"https:\/\/www.service-public.pf\/dsp\/wp-json\/wp\/v2\/comments?post=57571"}],"version-history":[{"count":2,"href":"https:\/\/www.service-public.pf\/dsp\/wp-json\/wp\/v2\/posts\/57571\/revisions"}],"predecessor-version":[{"id":57580,"href":"https:\/\/www.service-public.pf\/dsp\/wp-json\/wp\/v2\/posts\/57571\/revisions\/57580"}],"wp:featuredmedia":[{"embeddable":true,"href":"https:\/\/www.service-public.pf\/dsp\/wp-json\/wp\/v2\/media\/57557"}],"wp:attachment":[{"href":"https:\/\/www.service-public.pf\/dsp\/wp-json\/wp\/v2\/media?parent=57571"}],"wp:term":[{"taxonomy":"category","embeddable":true,"href":"https:\/\/www.service-public.pf\/dsp\/wp-json\/wp\/v2\/categories?post=57571"},{"taxonomy":"post_tag","embeddable":true,"href":"https:\/\/www.service-public.pf\/dsp\/wp-json\/wp\/v2\/tags?post=57571"}],"curies":[{"name":"wp","href":"https:\/\/api.w.org\/{rel}","templated":true}]}}