{"id":57918,"date":"2025-06-13T13:47:36","date_gmt":"2025-06-13T23:47:36","guid":{"rendered":"https:\/\/www.service-public.pf\/dsp\/?p=57918"},"modified":"2025-06-24T10:16:33","modified_gmt":"2025-06-24T20:16:33","slug":"vaccination-hpv","status":"publish","type":"post","link":"https:\/\/www.service-public.pf\/dsp\/2025\/06\/13\/vaccination-hpv\/","title":{"rendered":"Contre le cancer du col de l&rsquo;ut\u00e9rus, la vaccination contre le papillomavirus"},"content":{"rendered":"<p><div class=\"fusion-fullwidth fullwidth-box fusion-builder-row-1 hundred-percent-fullwidth non-hundred-percent-height-scrolling fusion-no-small-visibility fusion-no-medium-visibility\" style=\"--awb-border-radius-top-left:0px;--awb-border-radius-top-right:0px;--awb-border-radius-bottom-right:0px;--awb-border-radius-bottom-left:0px;--awb-padding-top:2%;--awb-padding-right:2%;--awb-padding-left:2%;--awb-flex-wrap:wrap;\" ><div class=\"fusion-builder-row fusion-row\"><div class=\"fusion-layout-column fusion_builder_column fusion-builder-column-0 fusion_builder_column_2_3 2_3 fusion-two-third fusion-column-first fusion-column-no-min-height fusion-no-small-visibility\" style=\"--awb-padding-left:100px;--awb-bg-size:cover;--awb-margin-bottom:0px;width:66.666666666667%;width:calc(66.666666666667% - ( ( 3% ) * 0.66666666666667 ) );margin-right: 3%;\"><div class=\"fusion-column-wrapper fusion-column-has-shadow fusion-flex-column-wrapper-legacy\"><div class=\"fusion-title title fusion-title-1 fusion-sep-none fusion-title-text fusion-title-size-one\" style=\"--awb-text-color:#3abfbf;--awb-margin-top-small:0px;--awb-margin-right-small:0px;--awb-margin-bottom-small:20px;--awb-margin-left-small:0px;\"><h1 class=\"fusion-title-heading title-heading-left fusion-responsive-typography-calculated\" style=\"margin:0;--fontSize:34;line-height:1.4;\"><strong>[ACTUALIT\u00c9]<\/strong><br \/>\nContre le cancer du col de l\u2019ut\u00e9rus, la vaccination contre le papillomavirus (HPV)<\/h1><\/div><div class=\"fusion-sep-clear\"><\/div><div class=\"fusion-separator fusion-full-width-sep\" style=\"margin-left: auto;margin-right: auto;margin-bottom:20px;width:100%;\"><\/div><div class=\"fusion-sep-clear\"><\/div><div class=\"fusion-text fusion-text-1\" style=\"--awb-content-alignment:justify;\"><p><span style=\"font-size: 18pt;color: #3bafbf\">Qu&rsquo;est ce que le HPV ?<\/span><\/p>\n<p>Les papillomavirus humains (HPV) sont des\u00a0 virus tr\u00e8s courants qui touchent environ 80% des hommes et des femmes au cours de leur vie. Il existe environ 200 g\u00e9notypes diff\u00e9rents d&rsquo;HPV. Certains se transmettent par contact avec la peau, d&rsquo;autres par voie sexuelle.<\/p>\n<p>L&rsquo;infection par HPV peut passer totalement inaper\u00e7ue ou provoquer des verrues g\u00e9nitales (condylomes acumin\u00e9s) pour certains types (6 et 11). La plupart du temps, le corps \u00e9limine le virus naturellement (dans 90% des cas). Cependant, pour certains types (16, 18, 31, 35), l&rsquo;infection peut persister et \u00e9voluer vers un cancer.<\/p>\n<p>Bien que la plupart des infections \u00e0 HPV disparaissent d&rsquo;elles-m\u00eames, certaines peuvent entra\u00eener des maladies graves, comme des cancers. Les cancers caus\u00e9s par HPV peuvent affecter le col de l&rsquo;ut\u00e9rus (100% des cas), le vagin (75%), la vulve (70%), l&rsquo;anus (90%), le p\u00e9nis (60%) et l&rsquo;oropharynx (amygdales et cavit\u00e9 buccale, en augmentation depuis les ann\u00e9es 1970). Ces cancers touchent aussi bien les hommes que les femmes (les hommes repr\u00e9sentent 25% des cas).<\/p>\n<p>La vaccination contre les HPV et donc essentielle pour pr\u00e9venir ces cancers et prot\u00e9ger la sant\u00e9 publique.<\/p>\n<p><span style=\"font-size: 18pt;color: #3bafbf\">La vaccination HPV : une protection efficace et accessible<\/span><\/p>\n<p>La vaccination contre le HPV est recommand\u00e9e par la Haute Autorit\u00e9 de Sant\u00e9 d\u00e8s l&rsquo;\u00e2ge de 11 ans pour les filles et les gar\u00e7ons, offrant une protection presque totale contre les types de HPV les plus dangereux. Le vaccin actuellement utilis\u00e9, Gardasil 9\u00ae, cible 9 types de HPV, couvrant ceux souvent li\u00e9s aux cancers (oncog\u00e8nes) (7) et aux verrues g\u00e9nitales (condylomes) (2).<\/p>\n<p>Pour une efficacit\u00e9 optimale, il faut r\u00e9aliser deux injections espac\u00e9es de 6 \u00e0 13 mois pour les jeunes de 11 \u00e0 14 ans r\u00e9solus, gar\u00e7ons et filles.<\/p>\n<p>Depuis le 1er juin 2024, ces 2 doses de vaccins sont prises en charge \u00e0 100% par l&rsquo;Institut du Cancer de Polyn\u00e9sie fran\u00e7aise via un financement du Fonds de pr\u00e9vention sanitaire et social (FPSS).<\/p>\n<p>Les vaccins sont d\u00e9livr\u00e9s, sur prescription m\u00e9dicale, dans les pharmacies d&rsquo;officine ayant sign\u00e9 une convention avec l&rsquo;ICPF (actuellement 37 pharmacies sur les 45 recens\u00e9es en Polyn\u00e9sie fran\u00e7aise).<\/p>\n<p><span data-olk-copy-source=\"MessageBody\">La vaccination est \u00e9galement gratuite dans les structures de soins de la Direction de la sant\u00e9 (dispensaire, infirmerie, h\u00f4pital).<\/span><\/p>\n<p><span data-olk-copy-source=\"MessageBody\"> Pour les adolescents de 15 \u00e0 19 ans, trois injections \u00e0 0, 1 mois et 6 mois sont n\u00e9cessaires mais les doses ne sont actuellement pas prises en charge.<br \/>\n<\/span><\/p>\n<p>Cette vaccination peut \u00eatre r\u00e9alis\u00e9e en m\u00eame temps que d&rsquo;autres vaccins, ce qui facilite le respect du calendrier vaccinal.<\/p>\n<p><span style=\"font-size: 18pt;color: #3bafbf\">Pourquoi se faire vacciner ?<\/span><\/p>\n<ul>\n<li>\u00a0Se faire vacciner permet d&rsquo;\u00e9viter les infections HPV, e prot\u00e9ger sa sant\u00e9 et celles des autres, et de pr\u00e9venir certains cancers.<\/li>\n<li>Les vaccins sur prescription m\u00e9dicale sont enti\u00e8rement pris en charge par l&rsquo;Institut du Cancer de Polyn\u00e9sie fran\u00e7aise pour les filles et gar\u00e7ons de 11 \u00e0 14 ans r\u00e9volus.<\/li>\n<li>Le vaccin contre le HPV est utilis\u00e9 avec succ\u00e8s depuis 2007 dans le monde entier, offrant des ann\u00e9es de recul sur son efficacit\u00e9 et sa s\u00e9curit\u00e9.<\/li>\n<\/ul>\n<p><span style=\"color: #3bafbf\"><strong>LA VACCINATION ANTI-HPV, UN BOUCLIER CONTRE LES CANCERS.<\/strong><\/span><\/p>\n<p>Venez rencontrer nos professionnels de sant\u00e9 pour discuter et\/ou vacciner vos enfants :<\/p>\n<ul>\n<li>Tous les mercredis du mois de juin entre 12h30 et 15h30 au CPM de l&rsquo;h\u00f4pital de Taravao<\/li>\n<li>Le mardi 24 juin entre 09h00 et 15h30 au CPM de l&rsquo;h\u00f4pital de Taravao<\/li>\n<li>Le mercredi 25 juin entre 08h00 et 15h00 au CPM du Centre de la M\u00e8re et de l&rsquo;Enfant \u00e0 Hamuta<\/li>\n<li>Tous les mercredis apr\u00e8s-midi entre 13h00 et 15h00 en consultation p\u00e9diatrique de l&rsquo;H\u00f4pital d&rsquo;Uturoa.<\/li>\n<\/ul>\n<p>La vaccination y sera gratuite pour toutes les filles et les gar\u00e7ons \u00e2g\u00e9es\u00a0 entre 11 et 14 ans qui s&rsquo;y pr\u00e9senteront avec au moins un repr\u00e9sentant l\u00e9gal.<\/p>\n<p>Pur plus de renseignements : <a href=\"https:\/\/www.icpf.pf\/vaccination-hpv\/\">https:\/\/www.icpf.pf\/vaccination-hpv\/ <\/a><\/p>\n<\/div><div class=\"fusion-slider-sc fusion-flexslider-loading flexslider flexslider-hover-type-none\" data-slideshow_autoplay=\"1\" data-slideshow_smooth_height=\"0\" data-slideshow_speed=\"7000\" style=\"max-width:100%;height:100%;\"><ul class=\"slides\"><li class=\"image\"><span class=\"fusion-image-hover-element hover-type-none\"><img decoding=\"async\" src=\"https:\/\/www.service-public.pf\/dsp\/wp-content\/uploads\/sites\/12\/2025\/06\/Etapes-de-vaccination-en-PF_liberal.png\" width=\"2000\" height=\"800\" class=\"wp-image-57933\" srcset=\"https:\/\/www.service-public.pf\/dsp\/wp-content\/uploads\/sites\/12\/2025\/06\/Etapes-de-vaccination-en-PF_liberal-200x80.png 200w, https:\/\/www.service-public.pf\/dsp\/wp-content\/uploads\/sites\/12\/2025\/06\/Etapes-de-vaccination-en-PF_liberal-400x160.png 400w, https:\/\/www.service-public.pf\/dsp\/wp-content\/uploads\/sites\/12\/2025\/06\/Etapes-de-vaccination-en-PF_liberal-600x240.png 600w, https:\/\/www.service-public.pf\/dsp\/wp-content\/uploads\/sites\/12\/2025\/06\/Etapes-de-vaccination-en-PF_liberal-800x320.png 800w, https:\/\/www.service-public.pf\/dsp\/wp-content\/uploads\/sites\/12\/2025\/06\/Etapes-de-vaccination-en-PF_liberal-1200x480.png 1200w, https:\/\/www.service-public.pf\/dsp\/wp-content\/uploads\/sites\/12\/2025\/06\/Etapes-de-vaccination-en-PF_liberal.png 2000w\" sizes=\"(max-width: 1100px) 100vw, 800px\" \/><\/span><\/li><li class=\"image\"><span class=\"fusion-image-hover-element hover-type-none\"><img decoding=\"async\" src=\"https:\/\/www.service-public.pf\/dsp\/wp-content\/uploads\/sites\/12\/2025\/06\/Etapes-de-vaccination-en-PF_DS.png\" width=\"2000\" height=\"800\" class=\"wp-image-57932\" srcset=\"https:\/\/www.service-public.pf\/dsp\/wp-content\/uploads\/sites\/12\/2025\/06\/Etapes-de-vaccination-en-PF_DS-200x80.png 200w, https:\/\/www.service-public.pf\/dsp\/wp-content\/uploads\/sites\/12\/2025\/06\/Etapes-de-vaccination-en-PF_DS-400x160.png 400w, https:\/\/www.service-public.pf\/dsp\/wp-content\/uploads\/sites\/12\/2025\/06\/Etapes-de-vaccination-en-PF_DS-600x240.png 600w, https:\/\/www.service-public.pf\/dsp\/wp-content\/uploads\/sites\/12\/2025\/06\/Etapes-de-vaccination-en-PF_DS-800x320.png 800w, https:\/\/www.service-public.pf\/dsp\/wp-content\/uploads\/sites\/12\/2025\/06\/Etapes-de-vaccination-en-PF_DS-1200x480.png 1200w, https:\/\/www.service-public.pf\/dsp\/wp-content\/uploads\/sites\/12\/2025\/06\/Etapes-de-vaccination-en-PF_DS.png 2000w\" sizes=\"(max-width: 1100px) 100vw, 800px\" \/><\/span><\/li><\/ul><\/div><div class=\"fusion-recent-works fusion-portfolio-element fusion-portfolio fusion-portfolio-1 fusion-portfolio-carousel fusion-portfolio-paging-pagination recent-works-carousel portfolio-carousel fusion-portfolio-rollover\" data-id=\"-rw-1\"><div class=\"awb-carousel awb-swiper awb-swiper-carousel fusion-portfolio-carousel-fixed\" style=\"--awb-columns:2;\" data-autoplay=\"no\" data-columns=\"2\" data-itemmargin=\"0.0\" data-itemwidth=\"180\" data-touchscroll=\"no\" data-imagesize=\"fixed\"><div class=\"swiper-wrapper\"><div class=\"swiper-slide\"><div class=\"fusion-carousel-item-wrapper\"><span class=\"entry-title rich-snippet-hidden\">HPV-d\u00e9pliant<\/span><span class=\"vcard rich-snippet-hidden\"><span class=\"fn\"><a href=\"https:\/\/www.service-public.pf\/dsp\/author\/communicationds\/\" title=\"Articles par communicationds\" rel=\"author\">communicationds<\/a><\/span><\/span><span class=\"updated rich-snippet-hidden\">2025-06-13T14:43:48-10:00<\/span><div  class=\"fusion-image-wrapper fusion-image-size-fixed\" aria-haspopup=\"true\">\n\t\t\t\t<img decoding=\"async\" width=\"460\" height=\"295\" src=\"https:\/\/www.service-public.pf\/dsp\/wp-content\/uploads\/sites\/12\/2025\/06\/Depliants-VACCINATION-HPV-DSP_Page_1-460x295.png\" class=\"attachment-portfolio-two size-portfolio-two wp-post-image\" alt=\"\" \/><div class=\"fusion-rollover\">\n\t<div class=\"fusion-rollover-content\">\n\n\t\t\t\t\t\t\t\t\t\t\t\t\t\t<a class=\"fusion-rollover-link\" href=\"https:\/\/www.service-public.pf\/dsp\/wp-content\/uploads\/sites\/12\/2025\/06\/Depliants-VACCINATION-HPV-DSP.pdf\" target=\"_blank\">https:\/\/www.service-public.pf\/dsp\/wp-content\/uploads\/sites\/12\/2025\/06\/Depliants-VACCINATION-HPV-DSP.pdf<\/a>\n\t\t\t\n\t\t\t\t\t\t\t\t\n\t\t\n\t\t\t\t\t\t\t\t\t\t\t\t<h4 class=\"fusion-rollover-title\">\n\t\t\t\t\t<a class=\"fusion-rollover-title-link\" href=\"https:\/\/www.service-public.pf\/dsp\/wp-content\/uploads\/sites\/12\/2025\/06\/Depliants-VACCINATION-HPV-DSP.pdf\" target=\"_blank\">\n\t\t\t\t\t\tHPV-d\u00e9pliant\t\t\t\t\t<\/a>\n\t\t\t\t<\/h4>\n\t\t\t\n\t\t\t\t\t\t\t\t\t\t\t\t\t\t\t\n\t\t\n\t\t\t\t\t\t<a class=\"fusion-link-wrapper\" href=\"https:\/\/www.service-public.pf\/dsp\/wp-content\/uploads\/sites\/12\/2025\/06\/Depliants-VACCINATION-HPV-DSP.pdf\" target=\"_blank\" aria-label=\"HPV-d\u00e9pliant\"><\/a>\n\t<\/div>\n<\/div>\n<\/div>\n<\/div><\/div><div class=\"swiper-slide\"><div class=\"fusion-carousel-item-wrapper\"><span class=\"entry-title rich-snippet-hidden\">HPV-Affiche<\/span><span class=\"vcard rich-snippet-hidden\"><span class=\"fn\"><a href=\"https:\/\/www.service-public.pf\/dsp\/author\/communicationds\/\" title=\"Articles par communicationds\" rel=\"author\">communicationds<\/a><\/span><\/span><span class=\"updated rich-snippet-hidden\">2025-06-13T14:36:16-10:00<\/span><div  class=\"fusion-image-wrapper fusion-image-size-fixed\" aria-haspopup=\"true\">\n\t\t\t\t<img decoding=\"async\" width=\"460\" height=\"295\" src=\"https:\/\/www.service-public.pf\/dsp\/wp-content\/uploads\/sites\/12\/2025\/06\/affiche-HPV-ICPF-DS-460x295.png\" class=\"attachment-portfolio-two size-portfolio-two wp-post-image\" alt=\"\" \/><div class=\"fusion-rollover\">\n\t<div class=\"fusion-rollover-content\">\n\n\t\t\t\t\t\t\t\t\t\t\t\t\t\t<a class=\"fusion-rollover-link\" href=\"https:\/\/www.service-public.pf\/dsp\/wp-content\/uploads\/sites\/12\/2025\/06\/affiche-HPV-ICPF-DS.pdf\" target=\"_blank\">https:\/\/www.service-public.pf\/dsp\/wp-content\/uploads\/sites\/12\/2025\/06\/affiche-HPV-ICPF-DS.pdf<\/a>\n\t\t\t\n\t\t\t\t\t\t\t\t\n\t\t\n\t\t\t\t\t\t\t\t\t\t\t\t<h4 class=\"fusion-rollover-title\">\n\t\t\t\t\t<a class=\"fusion-rollover-title-link\" href=\"https:\/\/www.service-public.pf\/dsp\/wp-content\/uploads\/sites\/12\/2025\/06\/affiche-HPV-ICPF-DS.pdf\" target=\"_blank\">\n\t\t\t\t\t\tHPV-Affiche\t\t\t\t\t<\/a>\n\t\t\t\t<\/h4>\n\t\t\t\n\t\t\t\t\t\t\t\t\t\t\t\t\t\t\t\n\t\t\n\t\t\t\t\t\t<a class=\"fusion-link-wrapper\" href=\"https:\/\/www.service-public.pf\/dsp\/wp-content\/uploads\/sites\/12\/2025\/06\/affiche-HPV-ICPF-DS.pdf\" target=\"_blank\" aria-label=\"HPV-Affiche\"><\/a>\n\t<\/div>\n<\/div>\n<\/div>\n<\/div><\/div><\/div><div class=\"awb-swiper-button awb-swiper-button-prev\"><i class=\"awb-icon-angle-left\" aria-hidden=\"true\"><\/i><\/div><div class=\"awb-swiper-button awb-swiper-button-next\"><i class=\"awb-icon-angle-right\" aria-hidden=\"true\"><\/i><\/div><\/div><\/div><div class=\"fusion-clearfix\"><\/div><\/div><\/div><div class=\"fusion-layout-column fusion_builder_column fusion-builder-column-1 fusion_builder_column_1_4 1_4 fusion-one-fourth fusion-column-last fusion-column-no-min-height fusion-no-small-visibility fusion-no-medium-visibility\" style=\"--awb-padding-right:10px;--awb-padding-left:10px;--awb-bg-color:#f7f7f7;--awb-bg-color-hover:#f7f7f7;--awb-bg-size:cover;--awb-margin-bottom:0px;width:25%;width:calc(25% - ( ( 3% ) * 0.25 ) );\"><div class=\"fusion-column-wrapper fusion-column-has-shadow fusion-flex-column-wrapper-legacy\"><div class=\"fusion-column-content-centered\"><div class=\"fusion-column-content\"><div class=\"fusion-text fusion-text-2\"><h3 style=\"text-align: center\" data-fontsize=\"22\" data-lineheight=\"33\"><span style=\"color: #333333\">NOS ACTUALIT\u00c9S<\/span><\/h3>\n<div class=\"fusion-sep-clear\"><\/div><div class=\"fusion-separator fusion-no-small-visibility fusion-no-medium-visibility\" style=\"margin-left: auto;margin-right: auto;margin-top:-5%;margin-bottom:4%;width:100%;max-width:15%;\"><div class=\"fusion-separator-border sep-single sep-solid\" style=\"--awb-height:20px;--awb-amount:20px;--awb-sep-color:#3abfbf;border-color:#3abfbf;border-top-width:5px;\"><\/div><\/div><div class=\"fusion-sep-clear\"><\/div>\n<\/div><div class=\"fusion-sep-clear\"><\/div><div class=\"fusion-separator fusion-full-width-sep\" style=\"margin-left: auto;margin-right: auto;margin-bottom:2%;width:100%;\"><\/div><div class=\"fusion-sep-clear\"><\/div><div class=\"fusion-recent-posts fusion-recent-posts-1 avada-container layout-default layout-columns-1\"><section class=\"fusion-columns columns fusion-columns-1 columns-1\"><article class=\"post fusion-column column col col-lg-12 col-md-12 col-sm-12\"><div class=\"fusion-flexslider fusion-flexslider-loading flexslider flexslider-hover-type-none\"><ul class=\"slides\"><li><a href=\"https:\/\/www.service-public.pf\/dsp\/2026\/02\/16\/laccessibilite-la-representation-et-la-consommation-des-produits-locaux\/\" aria-label=\"Sondage sur l&rsquo;accessibilit\u00e9, la repr\u00e9sentation et la consommation des produits locaux\" class=\"hover-type-none\"><img decoding=\"async\" width=\"1172\" height=\"835\" src=\"https:\/\/www.service-public.pf\/dsp\/wp-content\/uploads\/sites\/12\/2026\/02\/saveurs.jpg\" class=\"attachment-full size-full\" alt=\"\" srcset=\"https:\/\/www.service-public.pf\/dsp\/wp-content\/uploads\/sites\/12\/2026\/02\/saveurs-200x142.jpg 200w, https:\/\/www.service-public.pf\/dsp\/wp-content\/uploads\/sites\/12\/2026\/02\/saveurs-400x285.jpg 400w, https:\/\/www.service-public.pf\/dsp\/wp-content\/uploads\/sites\/12\/2026\/02\/saveurs-600x427.jpg 600w, https:\/\/www.service-public.pf\/dsp\/wp-content\/uploads\/sites\/12\/2026\/02\/saveurs-800x570.jpg 800w, https:\/\/www.service-public.pf\/dsp\/wp-content\/uploads\/sites\/12\/2026\/02\/saveurs.jpg 1172w\" sizes=\"(min-width: 2200px) 100vw, (min-width: 640px) 1100px, \" \/><\/a><\/li><\/ul><\/div><div class=\"recent-posts-content\"><span class=\"vcard\" style=\"display: none;\"><span class=\"fn\"><a href=\"https:\/\/www.service-public.pf\/dsp\/author\/communicationds\/\" title=\"Articles par communicationds\" rel=\"author\">communicationds<\/a><\/span><\/span><span class=\"updated\" style=\"display:none;\">2026-02-17T08:09:46-10:00<\/span><h4 class=\"entry-title\"><a href=\"https:\/\/www.service-public.pf\/dsp\/2026\/02\/16\/laccessibilite-la-representation-et-la-consommation-des-produits-locaux\/\">Sondage sur l&rsquo;accessibilit\u00e9, la repr\u00e9sentation et la consommation des produits locaux<\/a><\/h4><\/div><\/article><article class=\"post fusion-column column col col-lg-12 col-md-12 col-sm-12\"><div class=\"fusion-flexslider fusion-flexslider-loading flexslider flexslider-hover-type-none\"><ul class=\"slides\"><li><a href=\"https:\/\/www.service-public.pf\/dsp\/2026\/02\/04\/charte-dutilisation-du-reseau-wifi-de-lhopital-duturoa\/\" aria-label=\"L&rsquo;h\u00f4pital d&rsquo;Uturoa s&rsquo;\u00e9quipe d&rsquo;un r\u00e9seau WiFi gratuit pour les patients et visiteurs\" class=\"hover-type-none\"><img decoding=\"async\" width=\"1920\" height=\"1080\" src=\"https:\/\/www.service-public.pf\/dsp\/wp-content\/uploads\/sites\/12\/2026\/02\/Hopital-de-Uturoa-Raiatea.png\" class=\"attachment-full size-full\" alt=\"\" srcset=\"https:\/\/www.service-public.pf\/dsp\/wp-content\/uploads\/sites\/12\/2026\/02\/Hopital-de-Uturoa-Raiatea-200x113.png 200w, https:\/\/www.service-public.pf\/dsp\/wp-content\/uploads\/sites\/12\/2026\/02\/Hopital-de-Uturoa-Raiatea-400x225.png 400w, https:\/\/www.service-public.pf\/dsp\/wp-content\/uploads\/sites\/12\/2026\/02\/Hopital-de-Uturoa-Raiatea-600x338.png 600w, https:\/\/www.service-public.pf\/dsp\/wp-content\/uploads\/sites\/12\/2026\/02\/Hopital-de-Uturoa-Raiatea-800x450.png 800w, https:\/\/www.service-public.pf\/dsp\/wp-content\/uploads\/sites\/12\/2026\/02\/Hopital-de-Uturoa-Raiatea-1200x675.png 1200w, https:\/\/www.service-public.pf\/dsp\/wp-content\/uploads\/sites\/12\/2026\/02\/Hopital-de-Uturoa-Raiatea.png 1920w\" sizes=\"(min-width: 2200px) 100vw, (min-width: 640px) 1100px, \" \/><\/a><\/li><\/ul><\/div><div class=\"recent-posts-content\"><span class=\"vcard\" style=\"display: none;\"><span class=\"fn\"><a href=\"https:\/\/www.service-public.pf\/dsp\/author\/communicationds\/\" title=\"Articles par communicationds\" rel=\"author\">communicationds<\/a><\/span><\/span><span class=\"updated\" style=\"display:none;\">2026-02-17T08:21:45-10:00<\/span><h4 class=\"entry-title\"><a href=\"https:\/\/www.service-public.pf\/dsp\/2026\/02\/04\/charte-dutilisation-du-reseau-wifi-de-lhopital-duturoa\/\">L&rsquo;h\u00f4pital d&rsquo;Uturoa s&rsquo;\u00e9quipe d&rsquo;un r\u00e9seau WiFi gratuit pour les patients et visiteurs<\/a><\/h4><\/div><\/article><article class=\"post fusion-column column col col-lg-12 col-md-12 col-sm-12\"><div class=\"fusion-flexslider fusion-flexslider-loading flexslider flexslider-hover-type-none\"><ul class=\"slides\"><li><a href=\"https:\/\/www.service-public.pf\/dsp\/2025\/12\/12\/felicitations-aux-premiers-diplomes-du-d-u-dechoscopie-de-depistage\/\" aria-label=\"F\u00e9licitations aux premiers dipl\u00f4m\u00e9s du D.U. d\u2019\u00e9choscopie de d\u00e9pistage !\" class=\"hover-type-none\"><img decoding=\"async\" width=\"2560\" height=\"2018\" src=\"https:\/\/www.service-public.pf\/dsp\/wp-content\/uploads\/sites\/12\/2025\/12\/DU-Equipe-RAA-1-scaled.jpg\" class=\"attachment-full size-full\" alt=\"\" srcset=\"https:\/\/www.service-public.pf\/dsp\/wp-content\/uploads\/sites\/12\/2025\/12\/DU-Equipe-RAA-1-200x158.jpg 200w, https:\/\/www.service-public.pf\/dsp\/wp-content\/uploads\/sites\/12\/2025\/12\/DU-Equipe-RAA-1-400x315.jpg 400w, https:\/\/www.service-public.pf\/dsp\/wp-content\/uploads\/sites\/12\/2025\/12\/DU-Equipe-RAA-1-600x473.jpg 600w, https:\/\/www.service-public.pf\/dsp\/wp-content\/uploads\/sites\/12\/2025\/12\/DU-Equipe-RAA-1-800x631.jpg 800w, https:\/\/www.service-public.pf\/dsp\/wp-content\/uploads\/sites\/12\/2025\/12\/DU-Equipe-RAA-1-1200x946.jpg 1200w, https:\/\/www.service-public.pf\/dsp\/wp-content\/uploads\/sites\/12\/2025\/12\/DU-Equipe-RAA-1-scaled.jpg 2560w\" sizes=\"(min-width: 2200px) 100vw, (min-width: 640px) 1100px, \" \/><\/a><\/li><\/ul><\/div><div class=\"recent-posts-content\"><span class=\"vcard\" style=\"display: none;\"><span class=\"fn\"><a href=\"https:\/\/www.service-public.pf\/dsp\/author\/communicationds\/\" title=\"Articles par communicationds\" rel=\"author\">communicationds<\/a><\/span><\/span><span class=\"updated\" style=\"display:none;\">2025-12-12T14:33:19-10:00<\/span><h4 class=\"entry-title\"><a href=\"https:\/\/www.service-public.pf\/dsp\/2025\/12\/12\/felicitations-aux-premiers-diplomes-du-d-u-dechoscopie-de-depistage\/\">F\u00e9licitations aux premiers dipl\u00f4m\u00e9s du D.U. d\u2019\u00e9choscopie de d\u00e9pistage !<\/a><\/h4><\/div><\/article><\/section><\/div><div class=\"fusion-sep-clear\"><\/div><div class=\"fusion-separator fusion-full-width-sep\" style=\"margin-left: auto;margin-right: auto;margin-bottom:2%;width:100%;\"><\/div><div class=\"fusion-sep-clear\"><\/div><div class=\"fusion-text fusion-text-3\"><h3 style=\"text-align: center\" data-fontsize=\"22\" data-lineheight=\"33\"><span style=\"color: #333333\">SUIVEZ-NOUS<br \/>\n<\/span><\/h3>\n<div class=\"fusion-sep-clear\"><\/div><div class=\"fusion-separator fusion-no-small-visibility fusion-no-medium-visibility\" style=\"margin-left: auto;margin-right: auto;margin-top:-5%;margin-bottom:4%;width:100%;max-width:15%;\"><div class=\"fusion-separator-border sep-single sep-solid\" style=\"--awb-height:20px;--awb-amount:20px;--awb-sep-color:#3abfbf;border-color:#3abfbf;border-top-width:5px;\"><\/div><\/div><div class=\"fusion-sep-clear\"><\/div>\n<\/div><div class=\"fusion-widget-area awb-widget-area-element fusion-widget-area-1 fusion-content-widget-area\" style=\"--awb-title-color:#333333;--awb-padding:0px 0px 0px 0px;\">\n\t\t<section id=\"recent-posts-7\" class=\"widget widget_recent_entries\">\n\t\t<div class=\"heading\"><h4 class=\"widget-title\">Articles r\u00e9cents<\/h4><\/div>\n\t\t<ul>\n\t\t\t\t\t\t\t\t\t\t\t<li>\n\t\t\t\t\t<a href=\"https:\/\/www.service-public.pf\/dsp\/2026\/04\/27\/bulletin-de-surveillance-sanitaire-de-la-s16-2026\/\">Bulletin de Surveillance Sanitaire de la S16 2026<\/a>\n\t\t\t\t\t\t\t\t\t<\/li>\n\t\t\t\t\t\t\t\t\t\t\t<li>\n\t\t\t\t\t<a href=\"https:\/\/www.service-public.pf\/dsp\/2026\/04\/20\/bulletin-de-surveillance-sanitaire-de-la-s15-2026\/\">Bulletin de Surveillance Sanitaire de la S15 2026<\/a>\n\t\t\t\t\t\t\t\t\t<\/li>\n\t\t\t\t\t\t\t\t\t\t\t<li>\n\t\t\t\t\t<a href=\"https:\/\/www.service-public.pf\/dsp\/2026\/04\/13\/bulletin-de-surveillance-sanitaire-de-la-s14-2026\/\">Bulletin de Surveillance Sanitaire de la S14 2026<\/a>\n\t\t\t\t\t\t\t\t\t<\/li>\n\t\t\t\t\t\t\t\t\t\t\t<li>\n\t\t\t\t\t<a href=\"https:\/\/www.service-public.pf\/dsp\/2026\/04\/08\/bulletin-de-surveillance-sanitaire-de-la-s13-2026\/\">Bulletin de Surveillance Sanitaire de la S13 2026<\/a>\n\t\t\t\t\t\t\t\t\t<\/li>\n\t\t\t\t\t\t\t\t\t\t\t<li>\n\t\t\t\t\t<a href=\"https:\/\/www.service-public.pf\/dsp\/2026\/03\/30\/bulletin-de-surveillance-sanitaire-de-la-s12-2026\/\">Bulletin de Surveillance Sanitaire de la S12 2026<\/a>\n\t\t\t\t\t\t\t\t\t<\/li>\n\t\t\t\t\t<\/ul>\n\n\t\t<\/section><div class=\"fusion-additional-widget-content\"><\/div><\/div><\/div><\/div><div class=\"fusion-clearfix\"><\/div><\/div><\/div><\/div><\/div><div class=\"fusion-fullwidth fullwidth-box fusion-builder-row-2 nonhundred-percent-fullwidth non-hundred-percent-height-scrolling fusion-no-large-visibility\" style=\"--awb-border-radius-top-left:0px;--awb-border-radius-top-right:0px;--awb-border-radius-bottom-right:0px;--awb-border-radius-bottom-left:0px;--awb-flex-wrap:wrap;\" ><div class=\"fusion-builder-row fusion-row\"><div class=\"fusion-layout-column fusion_builder_column fusion-builder-column-2 fusion_builder_column_1_1 1_1 fusion-one-full fusion-column-first fusion-column-last fusion-no-large-visibility\" style=\"--awb-bg-size:cover;--awb-margin-bottom:0px;\"><div class=\"fusion-column-wrapper fusion-column-has-shadow fusion-flex-column-wrapper-legacy\"><div class=\"fusion-title title fusion-title-2 fusion-sep-none fusion-title-text fusion-title-size-one\" style=\"--awb-text-color:#3abfbf;--awb-margin-top-small:0px;--awb-margin-right-small:0px;--awb-margin-bottom-small:20px;--awb-margin-left-small:0px;\"><h1 class=\"fusion-title-heading title-heading-left fusion-responsive-typography-calculated\" style=\"margin:0;--fontSize:34;line-height:1.4;\"><p style=\"text-align: center\"><strong>[ACTUALIT\u00c9]<\/strong><br \/>\n<strong>Contre le cancer du col de l\u2019ut\u00e9rus, la vaccination contre le papillomavirus (HPV)<\/strong><\/p><\/h1><\/div><div class=\"fusion-sep-clear\"><\/div><div class=\"fusion-separator fusion-full-width-sep\" style=\"margin-left: auto;margin-right: auto;margin-bottom:20px;width:100%;\"><\/div><div class=\"fusion-sep-clear\"><\/div><div class=\"fusion-text fusion-text-4\" style=\"--awb-content-alignment:justify;\"><p><span style=\"font-size: 18pt;color: #3bafbf\">Qu&rsquo;est ce que le HPV ?<\/span><\/p>\n<p>Les papillomavirus humains (HPV) sont des\u00a0 virus tr\u00e8s courants qui touchent environ 80% des hommes et des femmes au cours de leur vie. Il existe environ 200 g\u00e9notypes diff\u00e9rents d&rsquo;HPV. Certains se transmettent par contact avec la peau, d&rsquo;autres par voie sexuelle.<\/p>\n<p>L&rsquo;infection par HPV peut passer totalement inaper\u00e7ue ou provoquer des verrues g\u00e9nitales (condylomes acumin\u00e9s) pour certains types (6 et 11). La plupart du temps, le corps \u00e9limine le virus naturellement (dans 90% des cas). Cependant, pour certains types (16, 18, 31, 35), l&rsquo;infection peut persister et \u00e9voluer vers un cancer.<\/p>\n<p>Bien que la plupart des infections \u00e0 HPV disparaissent d&rsquo;elles-m\u00eames, certaines peuvent entra\u00eener des maladies graves, comme des cancers. Les cancers caus\u00e9s par HPV peuvent affecter le col de l&rsquo;ut\u00e9rus (100% des cas), le vagin (75%), la vulve (70%), l&rsquo;anus (90%), le p\u00e9nis (60%) et l&rsquo;oropharynx (amygdales et cavit\u00e9 buccale, en augmentation depuis les ann\u00e9es 1970). Ces cancers touchent aussi bien les hommes que les femmes (les hommes repr\u00e9sentent 25% des cas).<\/p>\n<p>La vaccination contre les HPV et donc essentielle pour pr\u00e9venir ces cancers et prot\u00e9ger la sant\u00e9 publique.<\/p>\n<p><span style=\"font-size: 18pt;color: #3bafbf\">La vaccination HPV : une protection efficace et accessible<\/span><\/p>\n<p>La vaccination contre le HPV est recommand\u00e9e par la Haute Autorit\u00e9 de Sant\u00e9 d\u00e8s l&rsquo;\u00e2ge de 11 ans pour les filles et les gar\u00e7ons, offrant une protection presque totale contre les types de HPV les plus dangereux. Le vaccin actuellement utilis\u00e9, Gardasil 9\u00ae, cible 9 types de HPV, couvrant ceux souvent li\u00e9s aux cancers (oncog\u00e8nes) (7) et aux verrues g\u00e9nitales (condylomes) (2).<\/p>\n<p>Pour une efficacit\u00e9 optimale, il faut r\u00e9aliser deux injections espac\u00e9es de 6 \u00e0 13 mois pour les jeunes de 11 \u00e0 14 ans r\u00e9solus, gar\u00e7ons et filles.<\/p>\n<p>Depuis le 1er juin 2024, ces 2 doses de vaccins sont prises en charge \u00e0 100% par l&rsquo;Institut du Cancer de Polyn\u00e9sie fran\u00e7aise via un financement du Fonds de pr\u00e9vention sanitaire et social (FPSS).<\/p>\n<p>Les vaccins sont d\u00e9livr\u00e9s, sur prescription m\u00e9dicale, dans les pharmacies d&rsquo;officine ayant sign\u00e9 une convention avec l&rsquo;ICPF (actuellement 37 pharmacies sur les 45 recens\u00e9es en Polyn\u00e9sie fran\u00e7aise).<\/p>\n<p><span data-olk-copy-source=\"MessageBody\">La vaccination est \u00e9galement gratuite dans les structures de soins de la Direction de la sant\u00e9 (dispensaire, infirmerie, h\u00f4pital). <\/span><\/p>\n<p><span data-olk-copy-source=\"MessageBody\">Pour les adolescents de 15 \u00e0 19 ans, trois injections \u00e0 0, 1 mois et 6 mois sont n\u00e9cessaires mais les doses ne sont actuellement pas prises en charge.<br \/>\n<\/span><\/p>\n<p>Cette vaccination peut \u00eatre r\u00e9alis\u00e9e en m\u00eame temps que d&rsquo;autres vaccins, ce qui facilite le respect du calendrier vaccinal.<\/p>\n<p><span style=\"font-size: 18pt;color: #3bafbf\">Pourquoi se faire vacciner ?<\/span><\/p>\n<ul>\n<li>\u00a0Se faire vacciner permet d&rsquo;\u00e9viter les infections HPV, e prot\u00e9ger sa sant\u00e9 et celles des autres, et de pr\u00e9venir certains cancers.<\/li>\n<li>Les vaccins sur prescription m\u00e9dicale sont enti\u00e8rement pris en charge par l&rsquo;Institut du Cancer de Polyn\u00e9sie fran\u00e7aise pour les filles et gar\u00e7ons de 11 \u00e0 14 ans r\u00e9volus.<\/li>\n<li>Le vaccin contre le HPV est utilis\u00e9 avec succ\u00e8s depuis 2007 dans le monde entier, offrant des ann\u00e9es de recul sur son efficacit\u00e9 et sa s\u00e9curit\u00e9.<\/li>\n<\/ul>\n<p><span style=\"color: #3bafbf\"><strong>LA VACCINATION ANTI-HPV, UN BOUCLIER CONTRE LES CANCERS.<\/strong><\/span><\/p>\n<p>Venez rencontrer nos professionnels de sant\u00e9 pour discuter et\/ou vacciner vos enfants :<\/p>\n<ul>\n<li>Tous les mercredis du mois de juin entre 12h30 et 15h30 au CPM de l&rsquo;h\u00f4pital de Taravao<\/li>\n<li>Le mardi 24 juin entre 09h00 et 15h30 au CPM de l&rsquo;h\u00f4pital de Taravao<\/li>\n<li>Le mercredi 25 juin entre 08h00 et 15h00 au CPM du Centre de la M\u00e8re et de l&rsquo;Enfant \u00e0 Hamuta<\/li>\n<li>Tous les mercredis apr\u00e8s-midi entre 13h00 et 15h00 en consultation p\u00e9diatrique de l&rsquo;H\u00f4pital d&rsquo;Uturoa.<\/li>\n<\/ul>\n<p>La vaccination y sera gratuite pour toutes les filles et les gar\u00e7ons \u00e2g\u00e9es\u00a0 entre 11 et 14 ans qui s&rsquo;y pr\u00e9senteront avec au moins un repr\u00e9sentant l\u00e9gal.<\/p>\n<p>Pur plus de renseignements : <a href=\"https:\/\/www.icpf.pf\/vaccination-hpv\/\">https:\/\/www.icpf.pf\/vaccination-hpv\/ <\/a><\/p>\n<\/div><div class=\"fusion-sep-clear\"><\/div><div class=\"fusion-separator fusion-full-width-sep\" style=\"margin-left: auto;margin-right: auto;margin-bottom:20px;width:100%;\"><\/div><div class=\"fusion-sep-clear\"><\/div><div class=\"fusion-slider-sc fusion-flexslider-loading flexslider flexslider-hover-type-none\" data-slideshow_autoplay=\"1\" data-slideshow_smooth_height=\"0\" data-slideshow_speed=\"7000\" style=\"max-width:100%;height:100%;\"><ul class=\"slides\"><li class=\"image\"><span class=\"fusion-image-hover-element hover-type-none\"><img decoding=\"async\" src=\"https:\/\/www.service-public.pf\/dsp\/wp-content\/uploads\/sites\/12\/2025\/06\/Etapes-de-vaccination-en-PF_liberal.png\" width=\"2000\" height=\"800\" class=\"wp-image-57933\" srcset=\"https:\/\/www.service-public.pf\/dsp\/wp-content\/uploads\/sites\/12\/2025\/06\/Etapes-de-vaccination-en-PF_liberal-200x80.png 200w, https:\/\/www.service-public.pf\/dsp\/wp-content\/uploads\/sites\/12\/2025\/06\/Etapes-de-vaccination-en-PF_liberal-400x160.png 400w, https:\/\/www.service-public.pf\/dsp\/wp-content\/uploads\/sites\/12\/2025\/06\/Etapes-de-vaccination-en-PF_liberal-600x240.png 600w, https:\/\/www.service-public.pf\/dsp\/wp-content\/uploads\/sites\/12\/2025\/06\/Etapes-de-vaccination-en-PF_liberal-800x320.png 800w, https:\/\/www.service-public.pf\/dsp\/wp-content\/uploads\/sites\/12\/2025\/06\/Etapes-de-vaccination-en-PF_liberal-1200x480.png 1200w, https:\/\/www.service-public.pf\/dsp\/wp-content\/uploads\/sites\/12\/2025\/06\/Etapes-de-vaccination-en-PF_liberal.png 2000w\" sizes=\"(max-width: 1100px) 100vw, 1200px\" \/><\/span><\/li><li class=\"image\"><span class=\"fusion-image-hover-element hover-type-none\"><img decoding=\"async\" src=\"https:\/\/www.service-public.pf\/dsp\/wp-content\/uploads\/sites\/12\/2025\/06\/Etapes-de-vaccination-en-PF_DS.png\" width=\"2000\" height=\"800\" class=\"wp-image-57932\" srcset=\"https:\/\/www.service-public.pf\/dsp\/wp-content\/uploads\/sites\/12\/2025\/06\/Etapes-de-vaccination-en-PF_DS-200x80.png 200w, https:\/\/www.service-public.pf\/dsp\/wp-content\/uploads\/sites\/12\/2025\/06\/Etapes-de-vaccination-en-PF_DS-400x160.png 400w, https:\/\/www.service-public.pf\/dsp\/wp-content\/uploads\/sites\/12\/2025\/06\/Etapes-de-vaccination-en-PF_DS-600x240.png 600w, https:\/\/www.service-public.pf\/dsp\/wp-content\/uploads\/sites\/12\/2025\/06\/Etapes-de-vaccination-en-PF_DS-800x320.png 800w, https:\/\/www.service-public.pf\/dsp\/wp-content\/uploads\/sites\/12\/2025\/06\/Etapes-de-vaccination-en-PF_DS-1200x480.png 1200w, https:\/\/www.service-public.pf\/dsp\/wp-content\/uploads\/sites\/12\/2025\/06\/Etapes-de-vaccination-en-PF_DS.png 2000w\" sizes=\"(max-width: 1100px) 100vw, 1200px\" \/><\/span><\/li><\/ul><\/div><div class=\"fusion-clearfix\"><\/div><\/div><\/div><div class=\"fusion-layout-column fusion_builder_column fusion-builder-column-3 fusion_builder_column_1_1 1_1 fusion-one-full fusion-column-first fusion-column-last\" style=\"--awb-bg-size:cover;\"><div class=\"fusion-column-wrapper fusion-column-has-shadow fusion-flex-column-wrapper-legacy\"><div class=\"fusion-text fusion-text-5\"><h3 style=\"text-align: center\" data-fontsize=\"22\" data-lineheight=\"33\"><span style=\"color: #333333\">NOS ACTUALIT\u00c9S<\/span><\/h3>\n<div class=\"fusion-sep-clear\"><\/div><div class=\"fusion-separator fusion-no-small-visibility fusion-no-medium-visibility\" style=\"margin-left: auto;margin-right: auto;margin-top:-5%;margin-bottom:4%;width:100%;max-width:15%;\"><div class=\"fusion-separator-border sep-single sep-solid\" style=\"--awb-height:20px;--awb-amount:20px;--awb-sep-color:#3abfbf;border-color:#3abfbf;border-top-width:5px;\"><\/div><\/div><div class=\"fusion-sep-clear\"><\/div>\n<\/div><div class=\"fusion-sep-clear\"><\/div><div class=\"fusion-separator fusion-full-width-sep\" style=\"margin-left: auto;margin-right: auto;margin-bottom:2%;width:100%;\"><\/div><div class=\"fusion-sep-clear\"><\/div><div class=\"fusion-recent-posts fusion-recent-posts-2 avada-container layout-default layout-columns-1\"><section class=\"fusion-columns columns fusion-columns-1 columns-1\"><article class=\"post fusion-column column col col-lg-12 col-md-12 col-sm-12\"><div class=\"fusion-flexslider fusion-flexslider-loading flexslider flexslider-hover-type-none\"><ul class=\"slides\"><li><a href=\"https:\/\/www.service-public.pf\/dsp\/2026\/03\/19\/licence-commercialisation-tabac\/\" aria-label=\"Tabac et vapotage : la demande de licence peut d\u00e9sormais se faire en ligne\" class=\"hover-type-none\"><img decoding=\"async\" width=\"700\" height=\"441\" src=\"https:\/\/www.service-public.pf\/dsp\/wp-content\/uploads\/sites\/12\/2026\/03\/DSP-Tabac-700x441.png\" class=\"attachment-recent-posts size-recent-posts\" alt=\"\" srcset=\"https:\/\/www.service-public.pf\/dsp\/wp-content\/uploads\/sites\/12\/2026\/03\/DSP-Tabac-320x202.png 320w, https:\/\/www.service-public.pf\/dsp\/wp-content\/uploads\/sites\/12\/2026\/03\/DSP-Tabac-700x441.png 700w\" sizes=\"(max-width: 700px) 100vw, 700px\" \/><\/a><\/li><\/ul><\/div><div class=\"recent-posts-content\"><span class=\"vcard\" style=\"display: none;\"><span class=\"fn\"><a href=\"https:\/\/www.service-public.pf\/dsp\/author\/communicationds\/\" title=\"Articles par communicationds\" rel=\"author\">communicationds<\/a><\/span><\/span><span class=\"updated\" style=\"display:none;\">2026-03-26T07:30:09-10:00<\/span><h4 class=\"entry-title\"><a href=\"https:\/\/www.service-public.pf\/dsp\/2026\/03\/19\/licence-commercialisation-tabac\/\">Tabac et vapotage : la demande de licence peut d\u00e9sormais se faire en ligne<\/a><\/h4><p class=\"meta\"><span class=\"vcard\" style=\"display: none;\"><span class=\"fn\"><a href=\"https:\/\/www.service-public.pf\/dsp\/author\/communicationds\/\" title=\"Articles par communicationds\" rel=\"author\">communicationds<\/a><\/span><\/span><span class=\"updated\" style=\"display:none;\">2026-03-26T07:30:09-10:00<\/span><span>19 mars 2026<\/span><span class=\"fusion-inline-sep\">|<\/span><\/p><\/div><\/article><article class=\"post fusion-column column col col-lg-12 col-md-12 col-sm-12\"><div class=\"fusion-flexslider fusion-flexslider-loading flexslider flexslider-hover-type-none\"><ul class=\"slides\"><li><a href=\"https:\/\/www.service-public.pf\/dsp\/2026\/02\/16\/laccessibilite-la-representation-et-la-consommation-des-produits-locaux\/\" aria-label=\"Sondage sur l&rsquo;accessibilit\u00e9, la repr\u00e9sentation et la consommation des produits locaux\" class=\"hover-type-none\"><img decoding=\"async\" width=\"700\" height=\"441\" src=\"https:\/\/www.service-public.pf\/dsp\/wp-content\/uploads\/sites\/12\/2026\/02\/saveurs-700x441.jpg\" class=\"attachment-recent-posts size-recent-posts\" alt=\"\" srcset=\"https:\/\/www.service-public.pf\/dsp\/wp-content\/uploads\/sites\/12\/2026\/02\/saveurs-320x202.jpg 320w, https:\/\/www.service-public.pf\/dsp\/wp-content\/uploads\/sites\/12\/2026\/02\/saveurs-700x441.jpg 700w\" sizes=\"(max-width: 700px) 100vw, 700px\" \/><\/a><\/li><\/ul><\/div><div class=\"recent-posts-content\"><span class=\"vcard\" style=\"display: none;\"><span class=\"fn\"><a href=\"https:\/\/www.service-public.pf\/dsp\/author\/communicationds\/\" title=\"Articles par communicationds\" rel=\"author\">communicationds<\/a><\/span><\/span><span class=\"updated\" style=\"display:none;\">2026-02-17T08:09:46-10:00<\/span><h4 class=\"entry-title\"><a href=\"https:\/\/www.service-public.pf\/dsp\/2026\/02\/16\/laccessibilite-la-representation-et-la-consommation-des-produits-locaux\/\">Sondage sur l&rsquo;accessibilit\u00e9, la repr\u00e9sentation et la consommation des produits locaux<\/a><\/h4><p class=\"meta\"><span class=\"vcard\" style=\"display: none;\"><span class=\"fn\"><a href=\"https:\/\/www.service-public.pf\/dsp\/author\/communicationds\/\" title=\"Articles par communicationds\" rel=\"author\">communicationds<\/a><\/span><\/span><span class=\"updated\" style=\"display:none;\">2026-02-17T08:09:46-10:00<\/span><span>16 f\u00e9vrier 2026<\/span><span class=\"fusion-inline-sep\">|<\/span><\/p><\/div><\/article><article class=\"post fusion-column column col col-lg-12 col-md-12 col-sm-12\"><div class=\"fusion-flexslider fusion-flexslider-loading flexslider flexslider-hover-type-none\"><ul class=\"slides\"><li><a href=\"https:\/\/www.service-public.pf\/dsp\/2026\/02\/04\/charte-dutilisation-du-reseau-wifi-de-lhopital-duturoa\/\" aria-label=\"L&rsquo;h\u00f4pital d&rsquo;Uturoa s&rsquo;\u00e9quipe d&rsquo;un r\u00e9seau WiFi gratuit pour les patients et visiteurs\" class=\"hover-type-none\"><img decoding=\"async\" width=\"700\" height=\"441\" src=\"https:\/\/www.service-public.pf\/dsp\/wp-content\/uploads\/sites\/12\/2026\/02\/Hopital-de-Uturoa-Raiatea-700x441.png\" class=\"attachment-recent-posts size-recent-posts\" alt=\"\" srcset=\"https:\/\/www.service-public.pf\/dsp\/wp-content\/uploads\/sites\/12\/2026\/02\/Hopital-de-Uturoa-Raiatea-320x202.png 320w, https:\/\/www.service-public.pf\/dsp\/wp-content\/uploads\/sites\/12\/2026\/02\/Hopital-de-Uturoa-Raiatea-700x441.png 700w\" sizes=\"(max-width: 700px) 100vw, 700px\" \/><\/a><\/li><\/ul><\/div><div class=\"recent-posts-content\"><span class=\"vcard\" style=\"display: none;\"><span class=\"fn\"><a href=\"https:\/\/www.service-public.pf\/dsp\/author\/communicationds\/\" title=\"Articles par communicationds\" rel=\"author\">communicationds<\/a><\/span><\/span><span class=\"updated\" style=\"display:none;\">2026-02-17T08:21:45-10:00<\/span><h4 class=\"entry-title\"><a href=\"https:\/\/www.service-public.pf\/dsp\/2026\/02\/04\/charte-dutilisation-du-reseau-wifi-de-lhopital-duturoa\/\">L&rsquo;h\u00f4pital d&rsquo;Uturoa s&rsquo;\u00e9quipe d&rsquo;un r\u00e9seau WiFi gratuit pour les patients et visiteurs<\/a><\/h4><p class=\"meta\"><span class=\"vcard\" style=\"display: none;\"><span class=\"fn\"><a href=\"https:\/\/www.service-public.pf\/dsp\/author\/communicationds\/\" title=\"Articles par communicationds\" rel=\"author\">communicationds<\/a><\/span><\/span><span class=\"updated\" style=\"display:none;\">2026-02-17T08:21:45-10:00<\/span><span>4 f\u00e9vrier 2026<\/span><span class=\"fusion-inline-sep\">|<\/span><\/p><\/div><\/article><\/section><\/div><div class=\"fusion-sep-clear\"><\/div><div class=\"fusion-separator fusion-full-width-sep\" style=\"margin-left: auto;margin-right: auto;margin-bottom:2%;width:100%;\"><\/div><div class=\"fusion-sep-clear\"><\/div><div class=\"fusion-text fusion-text-6\"><h3 style=\"text-align: center\" data-fontsize=\"22\" data-lineheight=\"33\"><span style=\"color: #333333\">SUIVEZ-NOUS<br \/>\n<\/span><\/h3>\n<div class=\"fusion-sep-clear\"><\/div><div class=\"fusion-separator fusion-no-small-visibility fusion-no-medium-visibility\" style=\"margin-left: auto;margin-right: auto;margin-top:-5%;margin-bottom:4%;width:100%;max-width:15%;\"><div class=\"fusion-separator-border sep-single sep-solid\" style=\"--awb-height:20px;--awb-amount:20px;--awb-sep-color:#3abfbf;border-color:#3abfbf;border-top-width:5px;\"><\/div><\/div><div class=\"fusion-sep-clear\"><\/div>\n<\/div><div class=\"fusion-widget-area awb-widget-area-element fusion-widget-area-2 fusion-content-widget-area\" style=\"--awb-title-color:#333333;--awb-padding:0px 0px 0px 0px;\">\n\t\t<section id=\"recent-posts-7\" class=\"widget widget_recent_entries\">\n\t\t<div class=\"heading\"><h4 class=\"widget-title\">Articles r\u00e9cents<\/h4><\/div>\n\t\t<ul>\n\t\t\t\t\t\t\t\t\t\t\t<li>\n\t\t\t\t\t<a href=\"https:\/\/www.service-public.pf\/dsp\/2026\/04\/27\/bulletin-de-surveillance-sanitaire-de-la-s16-2026\/\">Bulletin de Surveillance Sanitaire de la S16 2026<\/a>\n\t\t\t\t\t\t\t\t\t<\/li>\n\t\t\t\t\t\t\t\t\t\t\t<li>\n\t\t\t\t\t<a href=\"https:\/\/www.service-public.pf\/dsp\/2026\/04\/20\/bulletin-de-surveillance-sanitaire-de-la-s15-2026\/\">Bulletin de Surveillance Sanitaire de la S15 2026<\/a>\n\t\t\t\t\t\t\t\t\t<\/li>\n\t\t\t\t\t\t\t\t\t\t\t<li>\n\t\t\t\t\t<a href=\"https:\/\/www.service-public.pf\/dsp\/2026\/04\/13\/bulletin-de-surveillance-sanitaire-de-la-s14-2026\/\">Bulletin de Surveillance Sanitaire de la S14 2026<\/a>\n\t\t\t\t\t\t\t\t\t<\/li>\n\t\t\t\t\t\t\t\t\t\t\t<li>\n\t\t\t\t\t<a href=\"https:\/\/www.service-public.pf\/dsp\/2026\/04\/08\/bulletin-de-surveillance-sanitaire-de-la-s13-2026\/\">Bulletin de Surveillance Sanitaire de la S13 2026<\/a>\n\t\t\t\t\t\t\t\t\t<\/li>\n\t\t\t\t\t\t\t\t\t\t\t<li>\n\t\t\t\t\t<a href=\"https:\/\/www.service-public.pf\/dsp\/2026\/03\/30\/bulletin-de-surveillance-sanitaire-de-la-s12-2026\/\">Bulletin de Surveillance Sanitaire de la S12 2026<\/a>\n\t\t\t\t\t\t\t\t\t<\/li>\n\t\t\t\t\t<\/ul>\n\n\t\t<\/section><div class=\"fusion-additional-widget-content\"><\/div><\/div><div class=\"fusion-sep-clear\"><\/div><div class=\"fusion-separator fusion-full-width-sep\" style=\"margin-left: auto;margin-right: auto;margin-bottom:2%;width:100%;\"><\/div><div class=\"fusion-sep-clear\"><\/div><div class=\"fusion-clearfix\"><\/div><\/div><\/div><\/div><\/div><\/p>\n","protected":false},"excerpt":{"rendered":"<p>La vaccination contre le HPV est recommand\u00e9e par la Haute Autorit\u00e9 de Sant\u00e9 d\u00e8s l\u2019\u00e2ge de 11 ans pour les filles et les gar\u00e7ons, ces 2 doses de vaccins sont prises en charge \u00e0 100% via un financement du Fonds de pr\u00e9vention sanitaire et social (FPSS).<\/p>\n","protected":false},"author":263,"featured_media":57932,"comment_status":"closed","ping_status":"closed","sticky":false,"template":"","format":"standard","meta":{"_seopress_robots_primary_cat":"54","_seopress_titles_title":"Vaccination HPV","_seopress_titles_desc":"Les papillomavirus humains (HPV) sont des virus tr\u00e8s courants qui touchent environ 80% des hommes et des femmes au cours de leur vie. Il existe environ 200 g\u00e9notypes diff\u00e9rents d'HPV. Certains se transmettent par contact avec la peau, d'autres par voie sexuelle.","_seopress_robots_index":"","footnotes":""},"categories":[36,54,80],"tags":[398,415,70],"class_list":["post-57918","post","type-post","status-publish","format-standard","has-post-thumbnail","hentry","category-actualite","category-communique-de-presse","category-dossier-de-presse","tag-actualites","tag-communique-de-presse","tag-sante"],"_links":{"self":[{"href":"https:\/\/www.service-public.pf\/dsp\/wp-json\/wp\/v2\/posts\/57918","targetHints":{"allow":["GET"]}}],"collection":[{"href":"https:\/\/www.service-public.pf\/dsp\/wp-json\/wp\/v2\/posts"}],"about":[{"href":"https:\/\/www.service-public.pf\/dsp\/wp-json\/wp\/v2\/types\/post"}],"author":[{"embeddable":true,"href":"https:\/\/www.service-public.pf\/dsp\/wp-json\/wp\/v2\/users\/263"}],"replies":[{"embeddable":true,"href":"https:\/\/www.service-public.pf\/dsp\/wp-json\/wp\/v2\/comments?post=57918"}],"version-history":[{"count":16,"href":"https:\/\/www.service-public.pf\/dsp\/wp-json\/wp\/v2\/posts\/57918\/revisions"}],"predecessor-version":[{"id":58115,"href":"https:\/\/www.service-public.pf\/dsp\/wp-json\/wp\/v2\/posts\/57918\/revisions\/58115"}],"wp:featuredmedia":[{"embeddable":true,"href":"https:\/\/www.service-public.pf\/dsp\/wp-json\/wp\/v2\/media\/57932"}],"wp:attachment":[{"href":"https:\/\/www.service-public.pf\/dsp\/wp-json\/wp\/v2\/media?parent=57918"}],"wp:term":[{"taxonomy":"category","embeddable":true,"href":"https:\/\/www.service-public.pf\/dsp\/wp-json\/wp\/v2\/categories?post=57918"},{"taxonomy":"post_tag","embeddable":true,"href":"https:\/\/www.service-public.pf\/dsp\/wp-json\/wp\/v2\/tags?post=57918"}],"curies":[{"name":"wp","href":"https:\/\/api.w.org\/{rel}","templated":true}]}}