{"id":22226,"date":"2026-07-29T03:53:41","date_gmt":"2026-07-29T01:53:41","guid":{"rendered":"https:\/\/www.service-public.pf\/dti\/?p=22226"},"modified":"2026-08-13T20:43:33","modified_gmt":"2026-08-13T18:43:33","slug":"concours-de-la-fonction-publique-filiere-sante-categorie-a","status":"publish","type":"post","link":"https:\/\/www.service-public.pf\/dti\/2026\/07\/29\/concours-de-la-fonction-publique-filiere-sante-categorie-a\/","title":{"rendered":"Concours de la fonction publique \u2013 Fili\u00e8re sant\u00e9, cat\u00e9gorie A"},"content":{"rendered":"<div class=\"fusion-fullwidth fullwidth-box fusion-builder-row-1 fusion-flex-container has-pattern-background has-mask-background nonhundred-percent-fullwidth non-hundred-percent-height-scrolling\" style=\"--awb-border-radius-top-left:0px;--awb-border-radius-top-right:0px;--awb-border-radius-bottom-right:0px;--awb-border-radius-bottom-left:0px;--awb-flex-wrap:wrap;\" ><div class=\"fusion-builder-row fusion-row fusion-flex-align-items-flex-start fusion-flex-content-wrap\" style=\"max-width:1300px;margin-left: calc(-4% \/ 2 );margin-right: calc(-4% \/ 2 );\"><div class=\"fusion-layout-column fusion_builder_column fusion-builder-column-0 fusion_builder_column_3_4 3_4 fusion-flex-column\" style=\"--awb-bg-size:cover;--awb-width-large:75%;--awb-margin-top-large:0px;--awb-spacing-right-large:2.56%;--awb-margin-bottom-large:20px;--awb-spacing-left-large:2.56%;--awb-width-medium:75%;--awb-order-medium:0;--awb-spacing-right-medium:2.56%;--awb-spacing-left-medium:2.56%;--awb-width-small:100%;--awb-order-small:0;--awb-spacing-right-small:1.92%;--awb-spacing-left-small:1.92%;\"><div class=\"fusion-column-wrapper fusion-column-has-shadow fusion-flex-justify-content-flex-start fusion-content-layout-column\"><div class=\"fusion-text fusion-text-1\"><p>La Direction des Talents et de l&rsquo;Innovation (DTI) informe de l&rsquo;ouverture des inscriptions au concours de recrutement de la fonction publique de la Polyn\u00e9sie fran\u00e7aise pour le cadre d&#8217;emplois des <strong>praticiens hospitalier de cat\u00e9gorie A<\/strong> .<\/p>\n<div>\n<p>\ud83d\udcc5 <strong>P\u00e9riode d&rsquo;inscription : du 20 juillet au 19 ao\u00fbt 2026 inclus<\/strong><\/p>\n<\/div>\n<div dir=\"auto\">Inscription en ligne :<\/div>\n<div dir=\"auto\">&#8211; Praticien hospitalier &#8211; Direction de la Sant\u00e9 : <span class=\"html-span xdj266r x14z9mp xat24cr x1lziwak xexx8yu xyri2b x18d9i69 x1c1uobl x1hl2dhg x16tdsg8 x1vvkbs\"><a class=\"x1i10hfl xjbqb8w x1ejq31n x18oe1m7 x1sy0etr xstzfhl x972fbf x10w94by x1qhh985 x14e42zd x9f619 x1ypdohk xt0psk2 x3ct3a4 xdj266r x14z9mp xat24cr x1lziwak xexx8yu xyri2b x18d9i69 x1c1uobl x16tdsg8 x1hl2dhg xggy1nq x1a2a7pz xkrqix3 x1sur9pj x1fey0fg x1s688f\" role=\"link\" href=\"https:\/\/shorturl.at\/RhMuR?fbclid=IwcGRvZgVleHRuA2FlbQIxMABicmlkETFObTNrTFFHaHR5ZHd1bllBc3J0YwZhcHBfaWQQMjIyMDM5MTc4ODIwMDg5MgABHnbAjDcz-_jKSpQ2bwuPBbgYcYC7oCPm8iH-kPaYORj5SmWClVqGon-0xq0C_aem_b4y5FcTS85wca3UFy_-QxQ\" target=\"_blank\" rel=\"nofollow noopener\">https:\/\/shorturl.at\/RhMuR<\/a><\/span><\/div>\n<div dir=\"auto\">&#8211; Praticien hospitalier &#8211; Centre hospitalier de Polyn\u00e9sie fran\u00e7aise : <span class=\"html-span xdj266r x14z9mp xat24cr x1lziwak xexx8yu xyri2b x18d9i69 x1c1uobl x1hl2dhg x16tdsg8 x1vvkbs\"><a class=\"x1i10hfl xjbqb8w x1ejq31n x18oe1m7 x1sy0etr xstzfhl x972fbf x10w94by x1qhh985 x14e42zd x9f619 x1ypdohk xt0psk2 x3ct3a4 xdj266r x14z9mp xat24cr x1lziwak xexx8yu xyri2b x18d9i69 x1c1uobl x16tdsg8 x1hl2dhg xggy1nq x1a2a7pz xkrqix3 x1sur9pj x1fey0fg x1s688f\" role=\"link\" href=\"https:\/\/shorturl.at\/BbfCD?fbclid=IwcGRvZgVleHRuA2FlbQIxMABicmlkETFObTNrTFFHaHR5ZHd1bllBc3J0YwZhcHBfaWQQMjIyMDM5MTc4ODIwMDg5MgABHjFT-in11KH4NgA_5NjZN9fdpHb0WRSIAFUqQSmJkxrPHPKCQvyIIikJhMoI_aem_CWmFC_9xMfu3U6sVSofHfQ\" target=\"_blank\" rel=\"nofollow noopener\">https:\/\/shorturl.at\/BbfCD<\/a><\/span><\/div>\n<div>\n<p>Les candidats sont invit\u00e9s \u00e0 effectuer leur inscription en ligne et \u00e0 consulter les calendriers pr\u00e9visionnels disponibles sur le site internet de la DTI afin de pr\u00e9parer au mieux les diff\u00e9rentes \u00e9tapes du concours.<\/p>\n<p>Pour conna\u00eetre les modalit\u00e9s du concours, les conditions de participation et les calendriers pr\u00e9visionnels, <a href=\"https:\/\/www.service-public.pf\/dti\/ouverture-du-concours-de-recrutement-des-praticiens-hospitaliers-de-la-direction-de-la-sante-au-titre-de-lannee-2026\/\">consultez la page d\u00e9di\u00e9e sur le site de la DTI.\u00a0<\/a><\/p>\n<p>\ud83d\udce7 <strong>Renseignements : <\/strong>concours.dti@administration.gov.pf<\/p>\n<\/div>\n<\/div><\/div><\/div><\/div><\/div>\n","protected":false},"excerpt":{"rendered":"","protected":false},"author":683,"featured_media":22305,"comment_status":"closed","ping_status":"closed","sticky":false,"template":"","format":"standard","meta":{"_seopress_titles_title":"","_seopress_titles_desc":"","_seopress_robots_index":"","_seopress_robots_follow":"","_seopress_robots_imageindex":"","_seopress_robots_snippet":"","_seopress_robots_primary_cat":"","_seopress_robots_breadcrumbs":"","_seopress_robots_freeze_modified_date":"","_seopress_robots_custom_modified_date":"","_seopress_robots_canonical":"","_seopress_social_fb_title":"","_seopress_social_fb_desc":"","_seopress_social_fb_img":"","_seopress_social_fb_img_attachment_id":0,"_seopress_social_fb_img_width":0,"_seopress_social_fb_img_height":0,"_seopress_social_twitter_title":"","_seopress_social_twitter_desc":"","_seopress_social_twitter_img":"","_seopress_social_twitter_img_attachment_id":0,"_seopress_social_twitter_img_width":0,"_seopress_social_twitter_img_height":0,"_seopress_redirections_value":"","_seopress_redirections_enabled":"","_seopress_redirections_enabled_regex":"","_seopress_redirections_logged_status":"","_seopress_redirections_param":"","_seopress_redirections_type":0,"_seopress_analysis_target_kw":"","_seopress_news_disabled":"","_seopress_video_disabled":"","_seopress_video":[],"_seopress_pro_schemas_manual":[],"_seopress_pro_rich_snippets_disable_all":"","_seopress_pro_rich_snippets_disable":[],"_seopress_pro_schemas":[],"footnotes":""},"categories":[4,148,2],"tags":[],"class_list":["post-22226","post","type-post","status-publish","format-standard","has-post-thumbnail","hentry","category-actualites-generales","category-actualites-intranet","category-concours"],"_links":{"self":[{"href":"https:\/\/www.service-public.pf\/dti\/wp-json\/wp\/v2\/posts\/22226","targetHints":{"allow":["GET"]}}],"collection":[{"href":"https:\/\/www.service-public.pf\/dti\/wp-json\/wp\/v2\/posts"}],"about":[{"href":"https:\/\/www.service-public.pf\/dti\/wp-json\/wp\/v2\/types\/post"}],"author":[{"embeddable":true,"href":"https:\/\/www.service-public.pf\/dti\/wp-json\/wp\/v2\/users\/683"}],"replies":[{"embeddable":true,"href":"https:\/\/www.service-public.pf\/dti\/wp-json\/wp\/v2\/comments?post=22226"}],"version-history":[{"count":3,"href":"https:\/\/www.service-public.pf\/dti\/wp-json\/wp\/v2\/posts\/22226\/revisions"}],"predecessor-version":[{"id":22306,"href":"https:\/\/www.service-public.pf\/dti\/wp-json\/wp\/v2\/posts\/22226\/revisions\/22306"}],"wp:featuredmedia":[{"embeddable":true,"href":"https:\/\/www.service-public.pf\/dti\/wp-json\/wp\/v2\/media\/22305"}],"wp:attachment":[{"href":"https:\/\/www.service-public.pf\/dti\/wp-json\/wp\/v2\/media?parent=22226"}],"wp:term":[{"taxonomy":"category","embeddable":true,"href":"https:\/\/www.service-public.pf\/dti\/wp-json\/wp\/v2\/categories?post=22226"},{"taxonomy":"post_tag","embeddable":true,"href":"https:\/\/www.service-public.pf\/dti\/wp-json\/wp\/v2\/tags?post=22226"}],"curies":[{"name":"wp","href":"https:\/\/api.w.org\/{rel}","templated":true}]}}