{"id":9272,"date":"2023-04-05T09:11:38","date_gmt":"2023-04-05T19:11:38","guid":{"rendered":"https:\/\/www.fonction-publique.gov.pf\/?p=9272"},"modified":"2023-04-05T09:11:38","modified_gmt":"2023-04-05T19:11:38","slug":"concours-resultats-des-epreuves-dadmissibilite-du-concours-des-psychologues-2","status":"publish","type":"post","link":"https:\/\/www.service-public.pf\/dti\/2023\/04\/05\/concours-resultats-des-epreuves-dadmissibilite-du-concours-des-psychologues-2\/","title":{"rendered":"Concours de psychologue &#8211; R\u00e9sultats d&rsquo;admissibilit\u00e9"},"content":{"rendered":"<p><div class=\"fusion-fullwidth fullwidth-box fusion-builder-row-1 fusion-flex-container has-pattern-background has-mask-background nonhundred-percent-fullwidth non-hundred-percent-height-scrolling\" style=\"--awb-border-radius-top-left:0px;--awb-border-radius-top-right:0px;--awb-border-radius-bottom-right:0px;--awb-border-radius-bottom-left:0px;--awb-flex-wrap:wrap;\" ><div class=\"fusion-builder-row fusion-row fusion-flex-align-items-flex-start fusion-flex-content-wrap\" style=\"max-width:1300px;margin-left: calc(-4% \/ 2 );margin-right: calc(-4% \/ 2 );\"><div class=\"fusion-layout-column fusion_builder_column fusion-builder-column-0 fusion_builder_column_1_1 1_1 fusion-flex-column\" style=\"--awb-bg-size:cover;--awb-width-large:100%;--awb-margin-top-large:0px;--awb-spacing-right-large:1.92%;--awb-margin-bottom-large:20px;--awb-spacing-left-large:1.92%;--awb-width-medium:100%;--awb-order-medium:0;--awb-spacing-right-medium:1.92%;--awb-spacing-left-medium:1.92%;--awb-width-small:100%;--awb-order-small:0;--awb-spacing-right-small:1.92%;--awb-spacing-left-small:1.92%;\"><div class=\"fusion-column-wrapper fusion-column-has-shadow fusion-flex-justify-content-flex-start fusion-content-layout-column\"><div class=\"fusion-text fusion-text-1\"><p><img decoding=\"async\" class=\"alignnone wp-image-8355\" src=\"https:\/\/www.service-public.pf\/dti\/wp-content\/uploads\/sites\/60\/2022\/10\/Calend_PSY-300x300.jpg\" alt=\"\" width=\"817\" height=\"817\" \/><\/p>\n<\/div><\/div><\/div><\/div><\/div><div class=\"fusion-fullwidth fullwidth-box fusion-builder-row-2 fusion-flex-container has-pattern-background has-mask-background nonhundred-percent-fullwidth non-hundred-percent-height-scrolling\" style=\"--awb-border-radius-top-left:0px;--awb-border-radius-top-right:0px;--awb-border-radius-bottom-right:0px;--awb-border-radius-bottom-left:0px;--awb-flex-wrap:wrap;\" ><div class=\"fusion-builder-row fusion-row fusion-flex-align-items-flex-start fusion-flex-content-wrap\" style=\"max-width:1300px;margin-left: calc(-4% \/ 2 );margin-right: calc(-4% \/ 2 );\"><div class=\"fusion-layout-column fusion_builder_column fusion-builder-column-1 fusion_builder_column_1_1 1_1 fusion-flex-column\" style=\"--awb-bg-size:cover;--awb-width-large:100%;--awb-margin-top-large:0px;--awb-spacing-right-large:1.92%;--awb-margin-bottom-large:20px;--awb-spacing-left-large:1.92%;--awb-width-medium:100%;--awb-order-medium:0;--awb-spacing-right-medium:1.92%;--awb-spacing-left-medium:1.92%;--awb-width-small:100%;--awb-order-small:0;--awb-spacing-right-small:1.92%;--awb-spacing-left-small:1.92%;\"><div class=\"fusion-column-wrapper fusion-column-has-shadow fusion-flex-justify-content-flex-start fusion-content-layout-column\"><div class=\"fusion-text fusion-text-2\"><p><b>CONCOURS DES PSYCHOLOGUES<br \/>\n<\/b><\/p>\n<p>Dans le cadre du concours externe des psychologues de la fonction publique de la Polyn\u00e9sie fran\u00e7aise, <b>31<\/b> candidats se sont pr\u00e9sent\u00e9s aux \u00e9preuves d\u2019admissibilit\u00e9 du mercredi 1er mars 2023.<\/p>\n<p>Apr\u00e8s examen des notes obtenues par les candidats lors des \u00e9preuves d\u2019admissibilit\u00e9 par le jury, vous trouverez ci-apr\u00e8s la liste des candidats autoris\u00e9s \u00e0 participer aux \u00e9preuves d\u2019admission.<\/p>\n<p><a href=\"https:\/\/www.service-public.pf\/dti\/wp-content\/uploads\/sites\/60\/2023\/04\/Liste-admission_PSY_2022.pdf\"><img decoding=\"async\" class=\"alignnone size-medium wp-image-9227\" src=\"https:\/\/www.service-public.pf\/dti\/wp-content\/uploads\/sites\/60\/2023\/03\/Capture-de\u0301cran-2023-03-29-a\u0300-18.24.55-300x90.png\" alt=\"\" width=\"300\" height=\"90\" \/><\/a><\/p>\n<p>Le calendrier des op\u00e9rations mis \u00e0 jour est disponible ci-dessus.<\/p>\n<p>La DTI adresse ses encouragements aux candidats admissibles.<\/p>\n<\/div><\/div><\/div><\/div><\/div><\/p>\n","protected":false},"excerpt":{"rendered":"","protected":false},"author":137,"featured_media":9470,"comment_status":"closed","ping_status":"closed","sticky":false,"template":"","format":"standard","meta":{"_seopress_titles_title":"","_seopress_titles_desc":"","_seopress_robots_index":"","_seopress_robots_follow":"","_seopress_robots_imageindex":"","_seopress_robots_snippet":"","_seopress_robots_primary_cat":"none","_seopress_robots_breadcrumbs":"","_seopress_robots_freeze_modified_date":"","_seopress_robots_custom_modified_date":"","_seopress_robots_canonical":"","_seopress_social_fb_title":"","_seopress_social_fb_desc":"","_seopress_social_fb_img":"","_seopress_social_fb_img_attachment_id":0,"_seopress_social_fb_img_width":0,"_seopress_social_fb_img_height":0,"_seopress_social_twitter_title":"","_seopress_social_twitter_desc":"","_seopress_social_twitter_img":"","_seopress_social_twitter_img_attachment_id":0,"_seopress_social_twitter_img_width":0,"_seopress_social_twitter_img_height":0,"_seopress_redirections_value":"","_seopress_redirections_enabled":"","_seopress_redirections_enabled_regex":"","_seopress_redirections_logged_status":"both","_seopress_redirections_param":"","_seopress_redirections_type":301,"_seopress_analysis_target_kw":"","_seopress_news_disabled":"","_seopress_video_disabled":"","_seopress_video":[],"_seopress_pro_schemas_manual":[],"_seopress_pro_rich_snippets_disable_all":"","_seopress_pro_rich_snippets_disable":[],"_seopress_pro_schemas":[],"footnotes":""},"categories":[2],"tags":[],"class_list":["post-9272","post","type-post","status-publish","format-standard","has-post-thumbnail","hentry","category-concours"],"_links":{"self":[{"href":"https:\/\/www.service-public.pf\/dti\/wp-json\/wp\/v2\/posts\/9272","targetHints":{"allow":["GET"]}}],"collection":[{"href":"https:\/\/www.service-public.pf\/dti\/wp-json\/wp\/v2\/posts"}],"about":[{"href":"https:\/\/www.service-public.pf\/dti\/wp-json\/wp\/v2\/types\/post"}],"author":[{"embeddable":true,"href":"https:\/\/www.service-public.pf\/dti\/wp-json\/wp\/v2\/users\/137"}],"replies":[{"embeddable":true,"href":"https:\/\/www.service-public.pf\/dti\/wp-json\/wp\/v2\/comments?post=9272"}],"version-history":[{"count":0,"href":"https:\/\/www.service-public.pf\/dti\/wp-json\/wp\/v2\/posts\/9272\/revisions"}],"wp:featuredmedia":[{"embeddable":true,"href":"https:\/\/www.service-public.pf\/dti\/wp-json\/"}],"wp:attachment":[{"href":"https:\/\/www.service-public.pf\/dti\/wp-json\/wp\/v2\/media?parent=9272"}],"wp:term":[{"taxonomy":"category","embeddable":true,"href":"https:\/\/www.service-public.pf\/dti\/wp-json\/wp\/v2\/categories?post=9272"},{"taxonomy":"post_tag","embeddable":true,"href":"https:\/\/www.service-public.pf\/dti\/wp-json\/wp\/v2\/tags?post=9272"}],"curies":[{"name":"wp","href":"https:\/\/api.w.org\/{rel}","templated":true}]}}