{"id":6550,"date":"2026-02-10T13:08:43","date_gmt":"2026-02-10T23:08:43","guid":{"rendered":"https:\/\/www.service-public.pf\/dtt\/?p=6550"},"modified":"2026-02-10T13:16:13","modified_gmt":"2026-02-10T23:16:13","slug":"resultats-des-examens-aqp-mention-general-session-novembre-2025","status":"publish","type":"post","link":"https:\/\/www.service-public.pf\/dtt\/2026\/02\/10\/resultats-des-examens-aqp-mention-general-session-novembre-2025\/","title":{"rendered":"R\u00e9sultats des examens AQP- Mention g\u00e9n\u00e9ral \u2013 Session Novembre 2025"},"content":{"rendered":"<p>La Direction des transports terrestres informe les candidats que les r\u00e9sultats des examens pour l&rsquo;obtention de l&rsquo;attestation de qualification professionnelle (AQP) sont d\u00e9sormais disponibles.<\/p>\n<p>&nbsp;<\/p>\n<p>Les listes des candidats admis par le jury d&rsquo;examen sont consultables en t\u00e9l\u00e9chargeant les documents ci-dessous :<\/p>\n<p style=\"text-align: left;padding-left: 80px\"><strong>\ud83d\udce5 <a href=\"https:\/\/www.service-public.pf\/dtt\/wp-content\/uploads\/sites\/47\/2026\/02\/RESULTATS_AQP_MG_NOV_2025.pdf\">Liste des admis<\/a><\/strong> \u2013 Mention G\u00e9n\u00e9rale (Transports publics r\u00e9guliers, scolaires, priv\u00e9s)<\/p>\n<p style=\"text-align: left;padding-left: 80px\"><strong>\ud83d\udce5<a href=\"https:\/\/www.service-public.pf\/dtt\/wp-content\/uploads\/sites\/47\/2026\/02\/RESULTATS_AQP_MT_NOV_2025.pdf\"> Liste des admi<\/a><span style=\"text-decoration: underline;color: #000080\"><span>s<\/span><\/span><\/strong> \u2013 Mention Touristique (Transports touristiques)<\/p>\n<p>&nbsp;<\/p>\n<p>\u26a0\ufe0f <strong>Important<\/strong> : Conform\u00e9ment \u00e0 la r\u00e9glementation sur la protection des donn\u00e9es personnelles, ces listes sont anonymis\u00e9es. Pour v\u00e9rifier votre r\u00e9sultat, <strong>veuillez-vous munir de votre num\u00e9ro de candidat indiqu\u00e9 sur votre convocation.<\/strong><\/p>\n<p>\u2709\ufe0f<strong> Les laur\u00e9ats recevront un courriel via <em>mes-d\u00e9marches<\/em><\/strong> pour les inviter \u00e0 r\u00e9cup\u00e9rer leur carte professionnelle \u00e0 la Direction des transports terrestres, ou le cas \u00e9ch\u00e9ant son exp\u00e9dition par la voie postale.<\/p>\n<p>\ud83d\udcec <strong>Les candidats non-admis recevront une notification individuelle <em>via mes-d\u00e9marches<\/em><\/strong>\u00a0incluant leur relev\u00e9 de notes.<\/p>\n<p>&nbsp;<\/p>\n<p>La direction des transports terrestres f\u00e9licite les candidats ayant pass\u00e9 cet examen\u00a0!<\/p>\n<p>\ud83d\udce9 Contactez-nous par email si vous avez des questions : <a href=\"mailto:bat.dtt@administration.gov.pf\" target=\"_blank\" rel=\"noopener\">bat.dtt@administration.gov.pf<\/a><\/p>\n<p>&nbsp;<\/p>\n<p><img decoding=\"async\" class=\"lazyload wp-image-6553 aligncenter\" src=\"https:\/\/www.service-public.pf\/dtt\/wp-content\/uploads\/sites\/47\/2026\/02\/20260210_Resultat_MG_MT-300x300.png\" data-orig-src=\"https:\/\/www.service-public.pf\/dtt\/wp-content\/uploads\/sites\/47\/2026\/02\/20260210_Resultat_MG_MT-300x300.png\" alt=\"\" width=\"479\" height=\"479\" srcset=\"data:image\/svg+xml,%3Csvg%20xmlns%3D%27http%3A%2F%2Fwww.w3.org%2F2000%2Fsvg%27%20width%3D%27479%27%20height%3D%27479%27%20viewBox%3D%270%200%20479%20479%27%3E%3Crect%20width%3D%27479%27%20height%3D%27479%27%20fill-opacity%3D%220%22%2F%3E%3C%2Fsvg%3E\" data-srcset=\"https:\/\/www.service-public.pf\/dtt\/wp-content\/uploads\/sites\/47\/2026\/02\/20260210_Resultat_MG_MT-66x66.png 66w, https:\/\/www.service-public.pf\/dtt\/wp-content\/uploads\/sites\/47\/2026\/02\/20260210_Resultat_MG_MT-150x150.png 150w, https:\/\/www.service-public.pf\/dtt\/wp-content\/uploads\/sites\/47\/2026\/02\/20260210_Resultat_MG_MT-200x200.png 200w, https:\/\/www.service-public.pf\/dtt\/wp-content\/uploads\/sites\/47\/2026\/02\/20260210_Resultat_MG_MT-300x300.png 300w, https:\/\/www.service-public.pf\/dtt\/wp-content\/uploads\/sites\/47\/2026\/02\/20260210_Resultat_MG_MT-400x400.png 400w, https:\/\/www.service-public.pf\/dtt\/wp-content\/uploads\/sites\/47\/2026\/02\/20260210_Resultat_MG_MT-600x600.png 600w, https:\/\/www.service-public.pf\/dtt\/wp-content\/uploads\/sites\/47\/2026\/02\/20260210_Resultat_MG_MT-768x768.png 768w, https:\/\/www.service-public.pf\/dtt\/wp-content\/uploads\/sites\/47\/2026\/02\/20260210_Resultat_MG_MT-800x800.png 800w, https:\/\/www.service-public.pf\/dtt\/wp-content\/uploads\/sites\/47\/2026\/02\/20260210_Resultat_MG_MT-1024x1024.png 1024w, https:\/\/www.service-public.pf\/dtt\/wp-content\/uploads\/sites\/47\/2026\/02\/20260210_Resultat_MG_MT.png 1080w\" data-sizes=\"auto\" data-orig-sizes=\"(max-width: 479px) 100vw, 479px\" \/><\/p>\n","protected":false},"excerpt":{"rendered":"<p>La Direction des transports terrestres informe les candidats que les r\u00e9sultats des examens pour l&rsquo;obtention de l&rsquo;attestation de qualification professionnelle (AQP) sont d\u00e9sormais disponibles. &nbsp; Les listes des candidats admis par le jury d&rsquo;examen sont consultables en t\u00e9l\u00e9chargeant les documents ci-dessous : \ud83d\udce5 Liste des admis \u2013 Mention G\u00e9n\u00e9rale (Transports publics r\u00e9guliers, scolaires, priv\u00e9s) \ud83d\udce5  [&#8230;]<\/p>\n","protected":false},"author":359,"featured_media":6553,"comment_status":"closed","ping_status":"closed","sticky":false,"template":"","format":"standard","meta":{"_acf_changed":false,"_seopress_robots_primary_cat":"none","_seopress_titles_title":"","_seopress_titles_desc":"","_seopress_robots_index":"","footnotes":""},"categories":[82,13],"tags":[],"class_list":["post-6550","post","type-post","status-publish","format-standard","has-post-thumbnail","hentry","category-activites-de-transports-reglementes","category-actualites"],"acf":[],"_links":{"self":[{"href":"https:\/\/www.service-public.pf\/dtt\/wp-json\/wp\/v2\/posts\/6550","targetHints":{"allow":["GET"]}}],"collection":[{"href":"https:\/\/www.service-public.pf\/dtt\/wp-json\/wp\/v2\/posts"}],"about":[{"href":"https:\/\/www.service-public.pf\/dtt\/wp-json\/wp\/v2\/types\/post"}],"author":[{"embeddable":true,"href":"https:\/\/www.service-public.pf\/dtt\/wp-json\/wp\/v2\/users\/359"}],"replies":[{"embeddable":true,"href":"https:\/\/www.service-public.pf\/dtt\/wp-json\/wp\/v2\/comments?post=6550"}],"version-history":[{"count":3,"href":"https:\/\/www.service-public.pf\/dtt\/wp-json\/wp\/v2\/posts\/6550\/revisions"}],"predecessor-version":[{"id":6556,"href":"https:\/\/www.service-public.pf\/dtt\/wp-json\/wp\/v2\/posts\/6550\/revisions\/6556"}],"wp:featuredmedia":[{"embeddable":true,"href":"https:\/\/www.service-public.pf\/dtt\/wp-json\/wp\/v2\/media\/6553"}],"wp:attachment":[{"href":"https:\/\/www.service-public.pf\/dtt\/wp-json\/wp\/v2\/media?parent=6550"}],"wp:term":[{"taxonomy":"category","embeddable":true,"href":"https:\/\/www.service-public.pf\/dtt\/wp-json\/wp\/v2\/categories?post=6550"},{"taxonomy":"post_tag","embeddable":true,"href":"https:\/\/www.service-public.pf\/dtt\/wp-json\/wp\/v2\/tags?post=6550"}],"curies":[{"name":"wp","href":"https:\/\/api.w.org\/{rel}","templated":true}]}}