{"id":4334,"date":"2024-11-06T15:22:37","date_gmt":"2024-11-07T01:22:37","guid":{"rendered":"https:\/\/www.service-public.pf\/sde\/?p=4334"},"modified":"2025-02-13T10:42:30","modified_gmt":"2025-02-13T20:42:30","slug":"vendredi-29-11-24-de-08h-a-17h00-la-polynesie-vous-invite-au-congres-solaire-du-pacifique","status":"publish","type":"post","link":"https:\/\/www.service-public.pf\/sde\/2024\/11\/06\/vendredi-29-11-24-de-08h-a-17h00-la-polynesie-vous-invite-au-congres-solaire-du-pacifique\/","title":{"rendered":"Vendredi 29\/11\/24 de 08h \u00e0 17h00 , la Polyn\u00e9sie vous invite au Congr\u00e8s Solaire du Pacifique"},"content":{"rendered":"<p><strong>Organis\u00e9 par Planair, \u00e0 l\u2019occasion du rassemblement annuel de la task force solaire de l\u2019Agence Internationale de l\u2019\u00c9nergie (IEA-PVPS), s\u2019inscrivant dans la d\u00e9marche de transition port\u00e9e par la Polyn\u00e9sie.<\/strong><\/p>\n<p><span style=\"color: #000000\"><span style=\"text-decoration: underline\">Lieu<\/span> : Hotel Hilton, Tahiti &#8211; De 08h00 \u00e0 17h00<\/span><\/p>\n<p><span style=\"color: #000000\"><span style=\"text-decoration: underline\">Au programme<\/span> :\u00a0<\/span><\/p>\n<ul>\n<li><span style=\"color: #000000\">Une journ\u00e9e d\u00e9di\u00e9e \u00e0 l&rsquo;\u00e9nergie photovolta\u00efque, organis\u00e9e autour de rencontres avec des experts de renomm\u00e9e mondiale et l\u2019occasion d\u2019\u00e9changer sur les derni\u00e8res avanc\u00e9es technologiques, les r\u00e9glementations ainsi que sur des projets remarquables.<\/span><\/li>\n<li><span style=\"color: #000000\">Des intervenants comme Ga\u00e9tan Masson, Izumi Kaizuka, M\u00e9lodie de l\u2019Epine et Christian Breyer : \u00e0 l\u2019affiche en ouverture du congr\u00e8s pour pr\u00e9senter les tendances des march\u00e9s mondiaux et les d\u00e9veloppements\u00a0<\/span><\/li>\n<li><span style=\"color: #000000\">Le sujet de l&rsquo;int\u00e9gration des syst\u00e8mes photovolta\u00efques au r\u00e9seau et des strat\u00e9gies de stockage sera pr\u00e9sent\u00e9 par Lionel Perret, Kenn Frederiksen et Renate Egan<\/span><\/li>\n<li><span style=\"color: #000000\">Une discussion autour des enseignements et pratiques durables pour la Polyn\u00e9sie: pour clore la journ\u00e9e.<\/span><\/li>\n<\/ul>\n<p><strong>Pensez \u00e0 vous inscrire !<\/strong><\/p>\n<p><strong>Le programme d\u00e9taill\u00e9 ci-dessous :<\/strong><\/p>\n<p><strong><a href=\"https:\/\/www.service-public.pf\/sde\/wp-content\/uploads\/sites\/15\/2024\/11\/Programme-Congres-Solaire-du-Pacifique.pdf\">https:\/\/www.service-public.pf\/sde\/wp-content\/uploads\/sites\/15\/2024\/11\/Programme-Congres-Solaire-du-Pacifique.pdf<\/a><\/strong><\/p>\n<p>&nbsp;<\/p>\n","protected":false},"excerpt":{"rendered":"<p>Organis\u00e9 par Planair, \u00e0 l\u2019occasion du rassemblement annuel de la task force solaire de l\u2019Agence Internationale de l\u2019\u00c9nergie (IEA-PVPS), s\u2019inscrivant  [&#8230;]<\/p>\n","protected":false},"author":368,"featured_media":4359,"comment_status":"closed","ping_status":"closed","sticky":false,"template":"","format":"image","meta":{"_seopress_robots_primary_cat":"none","_seopress_titles_title":"","_seopress_titles_desc":"","_seopress_robots_index":"","footnotes":""},"categories":[2],"tags":[],"class_list":["post-4334","post","type-post","status-publish","format-image","has-post-thumbnail","hentry","category-actualite","post_format-post-format-image"],"_links":{"self":[{"href":"https:\/\/www.service-public.pf\/sde\/wp-json\/wp\/v2\/posts\/4334","targetHints":{"allow":["GET"]}}],"collection":[{"href":"https:\/\/www.service-public.pf\/sde\/wp-json\/wp\/v2\/posts"}],"about":[{"href":"https:\/\/www.service-public.pf\/sde\/wp-json\/wp\/v2\/types\/post"}],"author":[{"embeddable":true,"href":"https:\/\/www.service-public.pf\/sde\/wp-json\/wp\/v2\/users\/368"}],"replies":[{"embeddable":true,"href":"https:\/\/www.service-public.pf\/sde\/wp-json\/wp\/v2\/comments?post=4334"}],"version-history":[{"count":14,"href":"https:\/\/www.service-public.pf\/sde\/wp-json\/wp\/v2\/posts\/4334\/revisions"}],"predecessor-version":[{"id":4349,"href":"https:\/\/www.service-public.pf\/sde\/wp-json\/wp\/v2\/posts\/4334\/revisions\/4349"}],"wp:featuredmedia":[{"embeddable":true,"href":"https:\/\/www.service-public.pf\/sde\/wp-json\/wp\/v2\/media\/4359"}],"wp:attachment":[{"href":"https:\/\/www.service-public.pf\/sde\/wp-json\/wp\/v2\/media?parent=4334"}],"wp:term":[{"taxonomy":"category","embeddable":true,"href":"https:\/\/www.service-public.pf\/sde\/wp-json\/wp\/v2\/categories?post=4334"},{"taxonomy":"post_tag","embeddable":true,"href":"https:\/\/www.service-public.pf\/sde\/wp-json\/wp\/v2\/tags?post=4334"}],"curies":[{"name":"wp","href":"https:\/\/api.w.org\/{rel}","templated":true}]}}