{"id":492,"date":"2021-06-15T14:46:36","date_gmt":"2021-06-16T00:46:36","guid":{"rendered":"https:\/\/www.service-public.pf\/sefi\/?p=492"},"modified":"2023-08-18T15:53:21","modified_gmt":"2023-08-19T01:53:21","slug":"dates-de-cloture-des-inscriptions-avancees-pour-lapprentissage-preparateur-en-pharmacie","status":"publish","type":"post","link":"https:\/\/www.service-public.pf\/sefi\/2021\/06\/15\/dates-de-cloture-des-inscriptions-avancees-pour-lapprentissage-preparateur-en-pharmacie\/","title":{"rendered":"Dates de cl\u00f4ture des inscriptions avanc\u00e9es pour l&rsquo;apprentissage pr\u00e9parateur en pharmacie"},"content":{"rendered":"<div class=\"fusion-fullwidth fullwidth-box fusion-builder-row-1 fusion-flex-container nonhundred-percent-fullwidth non-hundred-percent-height-scrolling\" style=\"--awb-border-radius-top-left:0px;--awb-border-radius-top-right:0px;--awb-border-radius-bottom-right:0px;--awb-border-radius-bottom-left:0px;--awb-flex-wrap:wrap;\" ><div class=\"fusion-builder-row fusion-row fusion-flex-align-items-flex-start fusion-flex-content-wrap\" style=\"max-width:2059.2px;margin-left: calc(-4% \/ 2 );margin-right: calc(-4% \/ 2 );\"><div class=\"fusion-layout-column fusion_builder_column fusion-builder-column-0 fusion_builder_column_1_1 1_1 fusion-flex-column\" style=\"--awb-bg-size:cover;--awb-width-large:100%;--awb-margin-top-large:0px;--awb-spacing-right-large:1.92%;--awb-margin-bottom-large:20px;--awb-spacing-left-large:1.92%;--awb-width-medium:100%;--awb-order-medium:0;--awb-spacing-right-medium:1.92%;--awb-spacing-left-medium:1.92%;--awb-width-small:100%;--awb-order-small:0;--awb-spacing-right-small:1.92%;--awb-spacing-left-small:1.92%;\"><div class=\"fusion-column-wrapper fusion-column-has-shadow fusion-flex-justify-content-flex-start fusion-content-layout-column\"><div class=\"fusion-text fusion-text-1\"><div id=\"block-a7b7edf68dc801e858e5\" class=\"sqs-block html-block sqs-block-html\" data-block-type=\"2\">\n<div class=\"sqs-block-content\">\n<p class=\"\" style=\"text-align: center;\">Face au succ\u00e8s rencontr\u00e9 par cette formation, les dates pour s\u2019y inscrire sont avanc\u00e9es. Ainsi, vous avez jusqu\u2019au 16 juin pour vous porter candidat.<\/p>\n<p class=\"\" style=\"text-align: center;\">Vite, vite, ne laissez pas passer votre chance !<\/p>\n<\/div>\n<p><img decoding=\"async\" class=\"size-full wp-image-494\" src=\"https:\/\/www.service-public.pf\/sefi\/wp-content\/uploads\/sites\/30\/2021\/06\/formation-preparateur-pharmacie.png\" alt=\"Formation Pr\u00e9parateur Pharmacie\" width=\"1414\" height=\"2000\" srcset=\"https:\/\/www.service-public.pf\/sefi\/wp-content\/uploads\/sites\/30\/2021\/06\/formation-preparateur-pharmacie-200x283.png 200w, https:\/\/www.service-public.pf\/sefi\/wp-content\/uploads\/sites\/30\/2021\/06\/formation-preparateur-pharmacie-212x300.png 212w, https:\/\/www.service-public.pf\/sefi\/wp-content\/uploads\/sites\/30\/2021\/06\/formation-preparateur-pharmacie-400x566.png 400w, https:\/\/www.service-public.pf\/sefi\/wp-content\/uploads\/sites\/30\/2021\/06\/formation-preparateur-pharmacie-600x849.png 600w, https:\/\/www.service-public.pf\/sefi\/wp-content\/uploads\/sites\/30\/2021\/06\/formation-preparateur-pharmacie-724x1024.png 724w, https:\/\/www.service-public.pf\/sefi\/wp-content\/uploads\/sites\/30\/2021\/06\/formation-preparateur-pharmacie-768x1086.png 768w, https:\/\/www.service-public.pf\/sefi\/wp-content\/uploads\/sites\/30\/2021\/06\/formation-preparateur-pharmacie-800x1132.png 800w, https:\/\/www.service-public.pf\/sefi\/wp-content\/uploads\/sites\/30\/2021\/06\/formation-preparateur-pharmacie-1086x1536.png 1086w, https:\/\/www.service-public.pf\/sefi\/wp-content\/uploads\/sites\/30\/2021\/06\/formation-preparateur-pharmacie-1200x1697.png 1200w, https:\/\/www.service-public.pf\/sefi\/wp-content\/uploads\/sites\/30\/2021\/06\/formation-preparateur-pharmacie.png 1414w\" sizes=\"(max-width: 1414px) 100vw, 1414px\" \/><\/p>\n<div id=\"block-yui_3_17_2_1_1623430638069_27581\" class=\"sqs-block html-block sqs-block-html\" data-block-type=\"2\">\n<div class=\"sqs-block-content\">\n<h2 style=\"text-align: center;\">Pour plus de renseignements<\/h2>\n<h2 style=\"text-align: center;\">40 46 12 70<\/h2>\n<h2 style=\"text-align: center;\"><a href=\"mailto:sec-formation@sefi.pf?subject=information%20CGE\">sec-formation@sefi.pf<\/a><\/h2>\n<h2 style=\"text-align: center;\">un conseiller vous fera passer un entretien<\/h2>\n<\/div>\n<\/div>\n<\/div>\n<\/div><\/div><\/div><\/div><\/div>\n","protected":false},"excerpt":{"rendered":"","protected":false},"author":234,"featured_media":3319,"comment_status":"closed","ping_status":"closed","sticky":false,"template":"","format":"standard","meta":{"_seopress_robots_primary_cat":"none","_seopress_titles_title":"","_seopress_titles_desc":"","_seopress_robots_index":"","footnotes":""},"categories":[40],"tags":[45,46],"class_list":["post-492","post","type-post","status-publish","format-standard","has-post-thumbnail","hentry","category-clotures","tag-apprentissage","tag-preparateur-en-pharmacie"],"_links":{"self":[{"href":"https:\/\/www.service-public.pf\/sefi\/wp-json\/wp\/v2\/posts\/492","targetHints":{"allow":["GET"]}}],"collection":[{"href":"https:\/\/www.service-public.pf\/sefi\/wp-json\/wp\/v2\/posts"}],"about":[{"href":"https:\/\/www.service-public.pf\/sefi\/wp-json\/wp\/v2\/types\/post"}],"author":[{"embeddable":true,"href":"https:\/\/www.service-public.pf\/sefi\/wp-json\/wp\/v2\/users\/234"}],"replies":[{"embeddable":true,"href":"https:\/\/www.service-public.pf\/sefi\/wp-json\/wp\/v2\/comments?post=492"}],"version-history":[{"count":0,"href":"https:\/\/www.service-public.pf\/sefi\/wp-json\/wp\/v2\/posts\/492\/revisions"}],"wp:featuredmedia":[{"embeddable":true,"href":"https:\/\/www.service-public.pf\/sefi\/wp-json\/wp\/v2\/media\/3319"}],"wp:attachment":[{"href":"https:\/\/www.service-public.pf\/sefi\/wp-json\/wp\/v2\/media?parent=492"}],"wp:term":[{"taxonomy":"category","embeddable":true,"href":"https:\/\/www.service-public.pf\/sefi\/wp-json\/wp\/v2\/categories?post=492"},{"taxonomy":"post_tag","embeddable":true,"href":"https:\/\/www.service-public.pf\/sefi\/wp-json\/wp\/v2\/tags?post=492"}],"curies":[{"name":"wp","href":"https:\/\/api.w.org\/{rel}","templated":true}]}}