{"id":3783,"date":"2026-04-28T09:30:19","date_gmt":"2026-04-28T19:30:19","guid":{"rendered":"https:\/\/www.service-public.pf\/varovaroatii\/?p=3783"},"modified":"2026-04-28T09:38:25","modified_gmt":"2026-04-28T19:38:25","slug":"te-taata-faatia-recit-de-anna","status":"publish","type":"post","link":"https:\/\/www.service-public.pf\/varovaroatii\/2026\/04\/28\/te-taata-faatia-recit-de-anna\/","title":{"rendered":"Te ta\u2019ata fa\u2019ati\u2019a \/ R\u00e9cit de Anna Lagarde"},"content":{"rendered":"<p><div class=\"fusion-fullwidth fullwidth-box fusion-builder-row-1 fusion-flex-container has-pattern-background has-mask-background nonhundred-percent-fullwidth non-hundred-percent-height-scrolling\" style=\"--awb-border-radius-top-left:0px;--awb-border-radius-top-right:0px;--awb-border-radius-bottom-right:0px;--awb-border-radius-bottom-left:0px;--awb-flex-wrap:wrap;\" ><div class=\"fusion-builder-row fusion-row fusion-flex-align-items-flex-start fusion-flex-content-wrap\" style=\"max-width:1352px;margin-left: calc(-4% \/ 2 );margin-right: calc(-4% \/ 2 );\"><div class=\"fusion-layout-column fusion_builder_column fusion-builder-column-0 fusion_builder_column_1_4 1_4 fusion-flex-column\" style=\"--awb-bg-size:cover;--awb-width-large:25%;--awb-margin-top-large:0px;--awb-spacing-right-large:7.68%;--awb-margin-bottom-large:20px;--awb-spacing-left-large:7.68%;--awb-width-medium:100%;--awb-order-medium:0;--awb-spacing-right-medium:1.92%;--awb-spacing-left-medium:1.92%;--awb-width-small:100%;--awb-order-small:0;--awb-spacing-right-small:1.92%;--awb-spacing-left-small:1.92%;\" data-scroll-devices=\"small-visibility,medium-visibility,large-visibility\"><div class=\"fusion-column-wrapper fusion-column-has-shadow fusion-flex-justify-content-flex-start fusion-content-layout-column\"><div class=\"fusion-image-element \" style=\"--awb-caption-title-font-family:var(--h2_typography-font-family);--awb-caption-title-font-weight:var(--h2_typography-font-weight);--awb-caption-title-font-style:var(--h2_typography-font-style);--awb-caption-title-size:var(--h2_typography-font-size);--awb-caption-title-transform:var(--h2_typography-text-transform);--awb-caption-title-line-height:var(--h2_typography-line-height);--awb-caption-title-letter-spacing:var(--h2_typography-letter-spacing);\"><span class=\" fusion-imageframe imageframe-none imageframe-1 hover-type-none\"><img decoding=\"async\" width=\"683\" height=\"1024\" title=\"VAT174 LAGARDE\" src=\"https:\/\/www.service-public.pf\/varovaroatii\/wp-content\/uploads\/sites\/38\/2026\/04\/VAT174-LAGARDE-683x1024.jpg\" alt class=\"img-responsive wp-image-3784\" srcset=\"https:\/\/www.service-public.pf\/varovaroatii\/wp-content\/uploads\/sites\/38\/2026\/04\/VAT174-LAGARDE-200x300.jpg 200w, https:\/\/www.service-public.pf\/varovaroatii\/wp-content\/uploads\/sites\/38\/2026\/04\/VAT174-LAGARDE-400x600.jpg 400w, https:\/\/www.service-public.pf\/varovaroatii\/wp-content\/uploads\/sites\/38\/2026\/04\/VAT174-LAGARDE-600x900.jpg 600w, https:\/\/www.service-public.pf\/varovaroatii\/wp-content\/uploads\/sites\/38\/2026\/04\/VAT174-LAGARDE-800x1200.jpg 800w, https:\/\/www.service-public.pf\/varovaroatii\/wp-content\/uploads\/sites\/38\/2026\/04\/VAT174-LAGARDE.jpg 1000w\" sizes=\"(max-width: 1024px) 100vw, (max-width: 640px) 100vw, 400px\" \/><\/span><\/div><\/div><\/div><div class=\"fusion-layout-column fusion_builder_column fusion-builder-column-1 fusion_builder_column_3_4 3_4 fusion-flex-column\" style=\"--awb-bg-size:cover;--awb-width-large:75%;--awb-margin-top-large:0px;--awb-spacing-right-large:2.56%;--awb-margin-bottom-large:20px;--awb-spacing-left-large:2.56%;--awb-width-medium:100%;--awb-order-medium:0;--awb-spacing-right-medium:1.92%;--awb-spacing-left-medium:1.92%;--awb-width-small:100%;--awb-order-small:0;--awb-spacing-right-small:1.92%;--awb-spacing-left-small:1.92%;\"><div class=\"fusion-column-wrapper fusion-column-has-shadow fusion-flex-justify-content-flex-start fusion-content-layout-column\"><div class=\"fusion-text fusion-text-1\" style=\"--awb-text-color:#000000;\"><p><strong><span style=\"font-family: arial, helvetica, sans-serif;font-size: 20px\"><b>Ha'a-poto-ra'a-parau<\/b> <\/span><\/strong><\/p>\n<p><span style=\"font-family: arial, helvetica, sans-serif;font-size: 20px\">'Ua f\u0101nauhia '\u014dna i Pape'ete 'e t\u0113 fa'ahiti nei '\u014dna ia Tiurai, te tahu'a r\u0101'au n\u014d Puna'auia, ia Teri'iero'o, te t\u0101vana mata'eina'a n\u014d Papeno'o 'e te mau '\u014dro'a tiurai i ter\u0101 ra tau. 'Ahuru ma hitu t\u014dna matahiti i te ha'amatara'a i te 'ohipa, e p\u0101pa'i parau rahi n\u0101 mua roa n\u014d te t\u0101vana hau 'e i muri iho 'ua rave mai i te 'ohipa i te fare rata. T\u0113 ha'amana'o ra '\u014dna i te ma'i rahi i tupu i te matahiti 1918, te ho'ira'a mai te mau fa'ehau tahiti i te fenua 'e te '\u014dro'a iti rahi i fa'atupuhia i te tahua Albert. <\/span><\/p>\n<p><strong><span style=\"font-family: arial, helvetica, sans-serif;font-size: 20px\">Descriptif de l'interview<\/span><\/strong><\/p>\n<p><span style=\"font-family: arial, helvetica, sans-serif;font-size: 20px\">N\u00e9e \u00e0 Pape'ete, Anna \u00e9voque Tiurai, le gu\u00e9risseur de Puna'auia, ainsi que Teri'iero'o, le chef du district de Papeno'o, et les festivit\u00e9s de juillet d'autrefois. Elle a commenc\u00e9 \u00e0 travailler \u00e0 l'\u00e2ge de dix-sept ans, d'abord comme secr\u00e9taire aupr\u00e8s des gouverneurs, puis \u00e0 la poste. Elle se souvient de l'\u00e9pid\u00e9mie de 1918 et de la grande f\u00eate qui avait \u00e9t\u00e9 organis\u00e9e sur la place Albert pour c\u00e9l\u00e9brer le retour des militaires tahitiens.<\/span><\/p>\n<p><span style=\"font-family: arial, helvetica, sans-serif;font-size: 20px\"><strong>Te mau v\u0101hi i fa'ahitihia \/ Lieux \u00e9voqu\u00e9s<\/strong> : Pape'ete, la place Albert, Taraho'i, Puna'auia, Papeno'o, Tahiti.<\/span><\/p>\n<p><span style=\"font-family: arial, helvetica, sans-serif;font-size: 20px\">Anna Lagarde e ta'ata tumu n\u014d Pape'ete i te fenua n\u014d Tahiti.<\/span><br \/>\n<span style=\"font-family: arial, helvetica, sans-serif;font-size: 20px\">Anna Lagarde est originaire de Papeete sur l'\u00eele de Tahiti.<\/span><\/p>\n<p><span style=\"font-size: 20px;font-family: arial, helvetica, sans-serif\"><strong>Te mau reo \/ Langues :<\/strong> Reo tahiti<\/span><\/p>\n<\/div><\/div><\/div><\/div><\/div><div class=\"fusion-fullwidth fullwidth-box fusion-builder-row-2 fusion-flex-container has-pattern-background has-mask-background nonhundred-percent-fullwidth non-hundred-percent-height-scrolling\" style=\"--awb-border-radius-top-left:0px;--awb-border-radius-top-right:0px;--awb-border-radius-bottom-right:0px;--awb-border-radius-bottom-left:0px;--awb-flex-wrap:wrap;\" ><div class=\"fusion-builder-row fusion-row fusion-flex-align-items-flex-start fusion-flex-content-wrap\" style=\"max-width:1352px;margin-left: calc(-4% \/ 2 );margin-right: calc(-4% \/ 2 );\"><div class=\"fusion-layout-column fusion_builder_column fusion-builder-column-2 fusion_builder_column_1_1 1_1 fusion-flex-column\" style=\"--awb-bg-size:cover;--awb-width-large:100%;--awb-margin-top-large:0px;--awb-spacing-right-large:1.92%;--awb-margin-bottom-large:70px;--awb-spacing-left-large:1.92%;--awb-width-medium:100%;--awb-order-medium:0;--awb-spacing-right-medium:1.92%;--awb-spacing-left-medium:1.92%;--awb-width-small:100%;--awb-order-small:0;--awb-spacing-right-small:1.92%;--awb-spacing-left-small:1.92%;\" data-scroll-devices=\"small-visibility,medium-visibility,large-visibility\"><div class=\"fusion-column-wrapper fusion-column-has-shadow fusion-flex-justify-content-flex-start fusion-content-layout-column\"><div class=\"fusion-title title fusion-title-1 fusion-title-text fusion-title-size-two\" style=\"--awb-margin-top-small:10px;--awb-margin-right-small:0px;--awb-margin-bottom-small:10px;--awb-margin-left-small:0px;--awb-sep-color:#ddb790;\"><div class=\"title-sep-container title-sep-container-left fusion-no-large-visibility fusion-no-medium-visibility fusion-no-small-visibility\"><div class=\"title-sep sep-double sep-solid\" style=\"border-color:#ddb790;\"><\/div><\/div><span class=\"awb-title-spacer fusion-no-large-visibility fusion-no-medium-visibility fusion-no-small-visibility\"><\/span><h2 class=\"fusion-title-heading title-heading-left\" style=\"margin:0;\"><span style=\"font-family: arial, helvetica, sans-serif;font-size: 20px\">Te ta\u2019ata fa\u2019ati\u2019a \/ R\u00e9cit de Anna Lagarde<\/span><\/h2><span class=\"awb-title-spacer\"><\/span><div class=\"title-sep-container title-sep-container-right\"><div class=\"title-sep sep-double sep-solid\" style=\"border-color:#ddb790;\"><\/div><\/div><\/div><div class=\"fusion-audio fusion-audio-1\" style=\"--awb-progress-color:var(--awb-custom11);--awb-border-color:var(--awb-color1);--awb-background-color:#662583;--awb-max-width:100%;--awb-border-size:0;--awb-border-top-left-radius:0px;--awb-border-top-right-radius:0px;--awb-border-bottom-right-radius:0px;--awb-border-bottom-left-radius:0px;\"><audio class=\"wp-audio-shortcode\" id=\"audio-3783-1\" preload=\"none\" style=\"width: 100%;\" controls=\"controls\"><source type=\"audio\/mpeg\" src=\"https:\/\/www.service-public.pf\/varovaroatii\/wp-content\/uploads\/sites\/38\/2026\/04\/SEE0186-192.mp3?_=1\" \/><a href=\"https:\/\/www.service-public.pf\/varovaroatii\/wp-content\/uploads\/sites\/38\/2026\/04\/SEE0186-192.mp3\">https:\/\/www.service-public.pf\/varovaroatii\/wp-content\/uploads\/sites\/38\/2026\/04\/SEE0186-192.mp3<\/a><\/audio><\/div><\/div><\/div><\/div><\/div><div class=\"fusion-fullwidth fullwidth-box fusion-builder-row-3 fusion-flex-container has-pattern-background has-mask-background nonhundred-percent-fullwidth non-hundred-percent-height-scrolling\" style=\"--awb-border-radius-top-left:0px;--awb-border-radius-top-right:0px;--awb-border-radius-bottom-right:0px;--awb-border-radius-bottom-left:0px;--awb-flex-wrap:wrap;\" ><div class=\"fusion-builder-row fusion-row fusion-flex-align-items-flex-start fusion-flex-content-wrap\" style=\"max-width:1352px;margin-left: calc(-4% \/ 2 );margin-right: calc(-4% \/ 2 );\"><div class=\"fusion-layout-column fusion_builder_column fusion-builder-column-3 fusion_builder_column_1_1 1_1 fusion-flex-column\" style=\"--awb-bg-size:cover;--awb-width-large:100%;--awb-margin-top-large:0px;--awb-spacing-right-large:1.92%;--awb-margin-bottom-large:20px;--awb-spacing-left-large:1.92%;--awb-width-medium:100%;--awb-order-medium:0;--awb-spacing-right-medium:1.92%;--awb-spacing-left-medium:1.92%;--awb-width-small:100%;--awb-order-small:0;--awb-spacing-right-small:1.92%;--awb-spacing-left-small:1.92%;\"><div class=\"fusion-column-wrapper fusion-column-has-shadow fusion-flex-justify-content-flex-start fusion-content-layout-column\"><div class=\"fusion-text fusion-text-2\" style=\"--awb-text-color:#000000;\"><p><span style=\"font-size: 20px;font-family: arial, helvetica, sans-serif\"><strong>Te mau r\u0101ve'a \/ Donn\u00e9es techniques<\/strong><\/span><\/p>\n<p><span style=\"font-size: 20px;font-family: arial, helvetica, sans-serif\"><strong>Papa m\u0101t\u0101mua \/ Support original :<\/strong> Cassette audio<\/span><br \/>\n<span style=\"font-size: 20px;font-family: arial, helvetica, sans-serif\"><strong>Ta'ata-uiui \/ Collecteur<\/strong><strong>\u00a0:<\/strong> Delphine Doom<\/span><br \/>\n<span style=\"font-size: 20px;font-family: arial, helvetica, sans-serif\"><strong>Ta'ata p\u0101pa'i parau \/ R\u00e9dacteur de la fiche : <\/strong>Fabiola Itchner<\/span><br \/>\n<span style=\"font-size: 20px;font-family: arial, helvetica, sans-serif\"><strong>T\u0101pa'o-niu \/ Cote\u00a0 :<\/strong> SEE0186 \/ VAT174<\/span><br \/>\n<span style=\"font-size: 20px;font-family: arial, helvetica, sans-serif\"><strong>Maorora'a \/ Dur\u00e9e :<\/strong> 14 miniti \/ minutes<\/span><br \/>\n<span style=\"font-size: 20px;font-family: arial, helvetica, sans-serif\"><strong>Matahiti huihuira'a \/ Ann\u00e9e de collecte :<\/strong> 1987<\/span><br \/>\n<span style=\"font-size: 20px;font-family: arial, helvetica, sans-serif\"><strong>Faufa'a ha'aputu n\u014d \/ Fonds :<\/strong> PSPE \u2013 Programme de Sauvetage du Patrimoine Ethnographique<br \/>\n<strong>Te ha'a n\u016bmerara'a 'e te fa'a'ohipara'a i te haruharura'a parau tumu \/<\/strong>\u00a0<strong>Num\u00e9risation et traitement de l'enregistrement original<\/strong> : Sacha Forlen<br \/>\n<\/span><\/p>\n<\/div><\/div><\/div><\/div><\/div><\/p>\n","protected":false},"excerpt":{"rendered":"","protected":false},"author":360,"featured_media":3784,"comment_status":"closed","ping_status":"closed","sticky":false,"template":"","format":"standard","meta":{"_seopress_robots_primary_cat":"none","_seopress_titles_title":"","_seopress_titles_desc":"","_seopress_robots_index":"","footnotes":""},"categories":[76,59,73,243,62,80],"tags":[149,146,469,129],"class_list":["post-3783","post","type-post","status-publish","format-standard","has-post-thumbnail","hentry","category-tamai-conflits-guerres","category-francais","category-parareraa-mai-epidemie","category-raau-tahiti-medecine-traditionnelle","category-te-mau-fenua-nia-matai-iles-du-vent","category-tiurai-fetes-de-juillet","tag-bataillon-du-pacifique","tag-grippe-espagnole","tag-papenoo","tag-tiurai"],"_links":{"self":[{"href":"https:\/\/www.service-public.pf\/varovaroatii\/wp-json\/wp\/v2\/posts\/3783","targetHints":{"allow":["GET"]}}],"collection":[{"href":"https:\/\/www.service-public.pf\/varovaroatii\/wp-json\/wp\/v2\/posts"}],"about":[{"href":"https:\/\/www.service-public.pf\/varovaroatii\/wp-json\/wp\/v2\/types\/post"}],"author":[{"embeddable":true,"href":"https:\/\/www.service-public.pf\/varovaroatii\/wp-json\/wp\/v2\/users\/360"}],"replies":[{"embeddable":true,"href":"https:\/\/www.service-public.pf\/varovaroatii\/wp-json\/wp\/v2\/comments?post=3783"}],"version-history":[{"count":2,"href":"https:\/\/www.service-public.pf\/varovaroatii\/wp-json\/wp\/v2\/posts\/3783\/revisions"}],"predecessor-version":[{"id":3790,"href":"https:\/\/www.service-public.pf\/varovaroatii\/wp-json\/wp\/v2\/posts\/3783\/revisions\/3790"}],"wp:featuredmedia":[{"embeddable":true,"href":"https:\/\/www.service-public.pf\/varovaroatii\/wp-json\/wp\/v2\/media\/3784"}],"wp:attachment":[{"href":"https:\/\/www.service-public.pf\/varovaroatii\/wp-json\/wp\/v2\/media?parent=3783"}],"wp:term":[{"taxonomy":"category","embeddable":true,"href":"https:\/\/www.service-public.pf\/varovaroatii\/wp-json\/wp\/v2\/categories?post=3783"},{"taxonomy":"post_tag","embeddable":true,"href":"https:\/\/www.service-public.pf\/varovaroatii\/wp-json\/wp\/v2\/tags?post=3783"}],"curies":[{"name":"wp","href":"https:\/\/api.w.org\/{rel}","templated":true}]}}